{"id":4987,"date":"2019-02-26T19:48:37","date_gmt":"2019-02-26T19:48:37","guid":{"rendered":"http:\/\/www.friedensplattform.at\/?p=4987"},"modified":"2019-02-26T19:49:22","modified_gmt":"2019-02-26T19:49:22","slug":"150-in-gb-lebende-juden-und-juedinnen-bestaetigen-mit-ihrer-unterschrift-jeremy-corbyns-labour-partei-ist-ein-wichtiger-verbuendeter-im-kampf-gegen-antisemitismus","status":"publish","type":"post","link":"https:\/\/www.friedensplattform.at\/?p=4987","title":{"rendered":"150 in GB lebende Juden und J\u00fcdinnen best\u00e4tigen mit ihrer Unterschrift: Jeremy Corbyns Labour-Partei ist ein wichtiger Verb\u00fcndeter im Kampf gegen Antisemitismus."},"content":{"rendered":"<h3><\/h3>\n<h3>Israelkritik muss erlaubt sein!<\/h3>\n<div class=\"content__header tonal__header\">\n<div class=\"u-cf\">\n<h3 class=\"content__headline \">Jeremy Corbyn\u2019s Labour is a crucial ally in the fight against antisemitism<\/h3>\n<\/div>\n<\/div>\n<p><!--more--><\/p>\n<div class=\"content__header tonal__header\"><\/div>\n<div class=\"tonal__standfirst u-cf\">\n<div class=\"content__standfirst\" data-link-name=\"standfirst\" data-component=\"standfirst\">Over 200 Jewish members and supporters of the Labour party sign a letter urging that anyone seeking an end to bigotry and racism should back Labour and Corbyn<\/div>\n<\/div>\n<div class=\"content__meta-container js-content-meta u-cf \">\n<div class=\"meta__contact-wrap\">\n<p class=\"content__dateline\" aria-hidden=\"true\"><time class=\"content__dateline-wpd js-wpd content__dateline-wpd--modified\" datetime=\"2019-02-20T18:39:39+0000\" data-timestamp=\"1550687979000\"> Wed 20 Feb 2019 <span class=\"content__dateline-time\">18.39\u00a0GMT<\/span> <\/time> <time class=\"content__dateline-lm js-lm u-h\" datetime=\"2019-02-23T21:12:25+0000\" data-timestamp=\"1550956345000\"> Last modified on Sat 23 Feb 2019 <span class=\"content__dateline-time\">21.12\u00a0GMT<\/span><\/time><\/p>\n<\/div>\n<div class=\"meta__extras \"><\/div>\n<\/div>\n<div class=\"meta__social\" data-component=\"share\"><\/div>\n<div class=\"meta__numbers\"><\/div>\n<div class=\"content__meta-container js-content-meta u-cf \"><\/div>\n<figure id=\"img-1\" class=\"media-primary media-content () \" data-component=\"image\" data-media-id=\"33b9e0662de56339b5a6b18cf1a3bba2247c612e\">\n<div class=\"u-responsive-ratio\"><picture><source srcset=\"https:\/\/i.guim.co.uk\/img\/media\/33b9e0662de56339b5a6b18cf1a3bba2247c612e\/1135_247_5307_3185\/master\/5307.jpg?width=620&amp;quality=45&amp;auto=format&amp;fit=max&amp;dpr=2&amp;s=e20fcb42e7d896c112edba887cc2c5de 1240w\" media=\"(min-width: 980px) and (-webkit-min-device-pixel-ratio: 1.25), (min-width: 980px) and (min-resolution: 120dpi)\" sizes=\"620px\" \/><source srcset=\"https:\/\/i.guim.co.uk\/img\/media\/33b9e0662de56339b5a6b18cf1a3bba2247c612e\/1135_247_5307_3185\/master\/5307.jpg?width=620&amp;quality=85&amp;auto=format&amp;fit=max&amp;s=73727cfcb04d4aeb4898b4d5bfdd4c9e 620w\" media=\"(min-width: 980px)\" sizes=\"620px\" \/><source srcset=\"https:\/\/i.guim.co.uk\/img\/media\/33b9e0662de56339b5a6b18cf1a3bba2247c612e\/1135_247_5307_3185\/master\/5307.jpg?width=700&amp;quality=45&amp;auto=format&amp;fit=max&amp;dpr=2&amp;s=b192bc358c48ef655677574bb19fa8de 1400w\" media=\"(min-width: 740px) and (-webkit-min-device-pixel-ratio: 1.25), (min-width: 740px) and (min-resolution: 120dpi)\" sizes=\"700px\" \/><source srcset=\"https:\/\/i.guim.co.uk\/img\/media\/33b9e0662de56339b5a6b18cf1a3bba2247c612e\/1135_247_5307_3185\/master\/5307.jpg?width=700&amp;quality=85&amp;auto=format&amp;fit=max&amp;s=dd669c04d9145d0b62462fa1adc6fc6f 700w\" media=\"(min-width: 740px)\" sizes=\"700px\" \/><source srcset=\"https:\/\/i.guim.co.uk\/img\/media\/33b9e0662de56339b5a6b18cf1a3bba2247c612e\/1135_247_5307_3185\/master\/5307.jpg?width=620&amp;quality=45&amp;auto=format&amp;fit=max&amp;dpr=2&amp;s=e20fcb42e7d896c112edba887cc2c5de 1240w\" media=\"(min-width: 660px) and (-webkit-min-device-pixel-ratio: 1.25), (min-width: 660px) and (min-resolution: 120dpi)\" sizes=\"620px\" \/><source srcset=\"https:\/\/i.guim.co.uk\/img\/media\/33b9e0662de56339b5a6b18cf1a3bba2247c612e\/1135_247_5307_3185\/master\/5307.jpg?width=620&amp;quality=85&amp;auto=format&amp;fit=max&amp;s=73727cfcb04d4aeb4898b4d5bfdd4c9e 620w\" media=\"(min-width: 660px)\" sizes=\"620px\" \/><source srcset=\"https:\/\/i.guim.co.uk\/img\/media\/33b9e0662de56339b5a6b18cf1a3bba2247c612e\/1135_247_5307_3185\/master\/5307.jpg?width=645&amp;quality=45&amp;auto=format&amp;fit=max&amp;dpr=2&amp;s=9e162b365b380d870a686746ec124b84 1290w\" media=\"(min-width: 480px) and (-webkit-min-device-pixel-ratio: 1.25), (min-width: 480px) and (min-resolution: 120dpi)\" sizes=\"645px\" \/><source srcset=\"https:\/\/i.guim.co.uk\/img\/media\/33b9e0662de56339b5a6b18cf1a3bba2247c612e\/1135_247_5307_3185\/master\/5307.jpg?width=645&amp;quality=85&amp;auto=format&amp;fit=max&amp;s=fce6a2d7ebfe52d622a64f00c920d620 645w\" media=\"(min-width: 480px)\" sizes=\"645px\" \/><source srcset=\"https:\/\/i.guim.co.uk\/img\/media\/33b9e0662de56339b5a6b18cf1a3bba2247c612e\/1135_247_5307_3185\/master\/5307.jpg?width=465&amp;quality=45&amp;auto=format&amp;fit=max&amp;dpr=2&amp;s=b81b20b050700a129bbebb8f8362ab06 930w\" media=\"(min-width: 0px) and (-webkit-min-device-pixel-ratio: 1.25), (min-width: 0px) and (min-resolution: 120dpi)\" sizes=\"465px\" \/><source srcset=\"https:\/\/i.guim.co.uk\/img\/media\/33b9e0662de56339b5a6b18cf1a3bba2247c612e\/1135_247_5307_3185\/master\/5307.jpg?width=465&amp;quality=85&amp;auto=format&amp;fit=max&amp;s=28ad0b0429757a82aefb28aef29f98a4 465w\" media=\"(min-width: 0px)\" sizes=\"465px\" \/><img decoding=\"async\" class=\"maxed responsive-img\" src=\"https:\/\/i.guim.co.uk\/img\/media\/33b9e0662de56339b5a6b18cf1a3bba2247c612e\/1135_247_5307_3185\/master\/5307.jpg?width=300&amp;quality=85&amp;auto=format&amp;fit=max&amp;s=637cec2b77ad11af3f0311b94b470d35\" alt=\"Jeremy Corbyn\" \/> <\/picture><\/div>\n<\/figure>\n<header class=\"content__head content__head--article tonal__head tonal__head--tone-letters \">\n<figure id=\"img-1\" class=\"media-primary media-content () \" data-component=\"image\" data-media-id=\"33b9e0662de56339b5a6b18cf1a3bba2247c612e\"><figcaption class=\"caption caption--main caption--img\">Jeremy Corbyn. \u2018Labour governments introduced both the anti-racist and human rights legislation of the 20th century and the 2010 Equalities Act.\u2019 Photograph: Matthew Horwood\/Getty<\/figcaption><\/figure>\n<\/header>\n<div class=\"content__article-body from-content-api js-article__body\" data-test-id=\"article-review-body\">\n<p>You report (<a class=\"u-underline\" title=\"\" href=\"https:\/\/www.theguardian.com\/politics\/2019\/feb\/18\/chuka-umunna-and-other-mps-set-to-quit-labour-party\" data-link-name=\"in body link\">19 February<\/a>) that a number of implacably anti-Corbyn MPs have left the Labour party alleging a failed \u201capproach to dealing with antisemitism\u201d, with Luciana Berger criticising Labour for becoming \u201csickeningly institutionally racist\u201d.<\/p>\n<p>We are Jewish members and supporters of the <a class=\"u-underline\" href=\"https:\/\/www.theguardian.com\/politics\/labour\" data-link-name=\"auto-linked-tag\" data-component=\"auto-linked-tag\">Labour<\/a> party concerned about the current rise of reactionary ideologies, including antisemitism, in Britain and elsewhere across Europe.<\/p>\n<p>We note the worrying growth of populist rightwing parties, encouraging racism, Islamophobia and antisemitism. In Britain the far right is whipping up these prejudices, a threat that requires a resolute and energetic response. But instead we have seen a disproportionate focus on antisemitism on the left, which is abhorrent but relatively rare.<\/p>\n<\/div>\n<p>We believe that the Labour party under the progressive leadership of <a class=\"u-underline\" href=\"https:\/\/www.theguardian.com\/politics\/jeremy-corbyn\" data-link-name=\"auto-linked-tag\" data-component=\"auto-linked-tag\">Jeremy Corbyn<\/a> is a crucial ally in the fight against bigotry and reaction. His lifetime record of campaigning for equality and human rights, including consistent support for initiatives against antisemitism, is formidable. His involvement strengthens this struggle.<\/p>\n<p>Labour governments introduced both the anti-racist and human rights legislation of the 20th century and the 2010 Equalities Act. A Labour government led by Jeremy Corbyn will be a powerful force to fight against racism, Islamophobia and antisemitism.<\/p>\n<p>It is in this context that we welcome the Labour party\u2019s endorsement of freedom of expression on Israel and on the rights of Palestinians. Labour is correct to recognise that while prejudice against Jewish people is deplorable, criticism of Israel\u2019s government and policies can and must be made.<\/p>\n<p>We urge all who wish to see an end to bigotry and racism, and who seek a more just society, to give their support to the Labour party.<\/p>\n<p><strong>Prof Elizabeth Dore<\/strong><br \/>\n<strong>Prof David Epstein<\/strong><br \/>\n<strong>Prof Gene Feder<\/strong><br \/>\n<strong>Mike Leigh<\/strong><br \/>\n<strong>Prof Mica Nava<\/strong><br \/>\n<strong>Prof Michael Rosen<\/strong><br \/>\n<strong>Prof Donald Sassoon<\/strong><br \/>\n<strong>Prof Avi Shlaim<\/strong><br \/>\n<strong>Gillian Slovo<\/strong><br \/>\n<strong>Prof Annabelle Sreberny<\/strong><br \/>\n<strong>Walter Wolfgang<\/strong><br \/>\n<strong>Prof John Yudkin<\/strong><br \/>\n<strong>John Abraham<\/strong><br \/>\n<strong>Kate Adams<\/strong><br \/>\n<strong>Rebecca Amiel<\/strong><br \/>\n<strong>Ruth Appleton<\/strong><br \/>\n<strong>Tasha Barlow<\/strong><br \/>\n<strong>Graham Bash<\/strong><br \/>\n<strong>Dr Shereen Benjamin<\/strong><br \/>\n<strong>Jeremy Bernhaut<\/strong><br \/>\n<strong>Frances Bernstein<\/strong><br \/>\n<strong>Dr Jon Berry<\/strong><br \/>\n<strong>Cllr Jo Bird<\/strong><br \/>\n<strong>Rica Bird<\/strong><br \/>\n<strong>Frank Black<\/strong><br \/>\n<strong>Jay Blackwood<\/strong><br \/>\n<strong>Pamela Blakelock<\/strong><br \/>\n<strong>Alice Bondi<\/strong><br \/>\n<strong>Tony Booth<\/strong><br \/>\n<strong>Jenny Malca Brown<\/strong><br \/>\n<strong>Peter Buckman<\/strong><br \/>\n<strong>Andy Burkitt<\/strong><br \/>\n<strong>Erica Burman<\/strong><br \/>\n<strong>Samuel Burrowes<\/strong><br \/>\n<strong>Keith Burstein<\/strong><br \/>\n<strong>Rose Challands<\/strong><br \/>\n<strong>Brian Chinnery<\/strong><br \/>\n<strong>Eve Cina<\/strong><br \/>\n<strong>Andrew Clifford<\/strong><br \/>\n<strong>Emma Clyne<\/strong><br \/>\n<strong>Jonathan Clyne<\/strong><br \/>\n<strong>Mike Cohen<\/strong><br \/>\n<strong>Ron Cohen<\/strong><br \/>\n<strong>Amnon Cohen<\/strong><br \/>\n<strong>Ruth Cohen<\/strong><br \/>\n<strong>Kathy Cohn<\/strong><br \/>\n<strong>Rita Craft<\/strong><br \/>\n<strong>Judith Cravitz<\/strong><br \/>\n<strong>Prof. David Curtis<\/strong><br \/>\n<strong>Mike Cushman<\/strong><br \/>\n<strong>Miriam David<\/strong><br \/>\n<strong>Steven Davidson<\/strong><br \/>\n<strong>Hilary De Santos<\/strong><br \/>\n<strong>Alan Deadman<\/strong><br \/>\n<strong>Greg Douglas<\/strong><br \/>\n<strong>Elizabeth Dresner<\/strong><br \/>\n<strong>Linda Edmondson<\/strong><br \/>\n<strong>Ros Edwards<\/strong><br \/>\n<strong>David Einhorn<\/strong><br \/>\n<strong>Mark Elf<\/strong><br \/>\n<strong>Michael Ellman<\/strong><br \/>\n<strong>Prof Debbie Epstein<\/strong><br \/>\n<strong>Javier Farje<\/strong><br \/>\n<strong>Pia Feig<\/strong><br \/>\n<strong>Jack George Field<\/strong><br \/>\n<strong>Arye Finkle<\/strong><br \/>\n<strong>Nick Foster<\/strong><br \/>\n<strong>Roisin Francis<\/strong><br \/>\n<strong>Esther Freeman<\/strong><br \/>\n<strong>Debbie Friedman<\/strong><br \/>\n<strong>Danny Friedman<\/strong><br \/>\n<strong>Kenny Fryde<\/strong><br \/>\n<strong>Carolyn Gelenter<\/strong><br \/>\n<strong>Mike Gerber<\/strong><br \/>\n<strong>Vicki Gilbert<\/strong><br \/>\n<strong>Ren\u00e9 Gimpel<\/strong><br \/>\n<strong>Prof. Jane Ginsborg<\/strong><br \/>\n<strong>Claire Glasman<\/strong><br \/>\n<strong>Murray Glickman<\/strong><br \/>\n<strong>David Goldberg<\/strong><br \/>\n<strong>Paul Goldman<\/strong><br \/>\n<strong>Simon Goodman<\/strong><br \/>\n<strong>John Goodman<\/strong><br \/>\n<strong>Peter Gorbach<\/strong><br \/>\n<strong>Tony Graham<\/strong><br \/>\n<strong>Rosalind Grainger<\/strong><br \/>\n<strong>Alice Gray<\/strong><br \/>\n<strong>Ilse Gray<\/strong><br \/>\n<strong>Elleanne Green<\/strong><br \/>\n<strong>Heinz Gr\u00fcnewald<\/strong><br \/>\n<strong>Ash Hardenne<\/strong><br \/>\n<strong>Alison Harris<\/strong><br \/>\n<strong>Jeanne Heal<\/strong><br \/>\n<strong>Prof Susan Himmelweit<\/strong><br \/>\n<strong>Andrew Hornung<\/strong><br \/>\n<strong>Katharine Hoskyns<\/strong><br \/>\n<strong>Mike Howard<\/strong><br \/>\n<strong>Jonathan Hyams<\/strong><br \/>\n<strong>Selma James<\/strong><br \/>\n<strong>Lin James<\/strong><br \/>\n<strong>Riva Joffe<\/strong><br \/>\n<strong>Ann Jungman<\/strong><br \/>\n<strong>Michael Kalmanovitz<\/strong><br \/>\n<strong>L Sasha Kaplin<\/strong><br \/>\n<strong>Stephen Kapos<\/strong><br \/>\n<strong>Jenny Kassman<\/strong><br \/>\n<strong>Richard Keidan<\/strong><br \/>\n<strong>Monash Kessler<\/strong><br \/>\n<strong>Jenny King<\/strong><br \/>\n<strong>Godfrey King<\/strong><br \/>\n<strong>Katherina Kohler<\/strong><br \/>\n<strong>Simon Korner<\/strong><br \/>\n<strong>Dr Agnes Kory<\/strong><br \/>\n<strong>Debbie Krantz<\/strong><br \/>\n<strong>Richard Kuper<\/strong><br \/>\n<strong>Jon Kurta<\/strong><br \/>\n<strong>Prof Frank Land<\/strong><br \/>\n<strong>Michelle Laufer<\/strong><br \/>\n<strong>Pam Laurance<\/strong><br \/>\n<strong>Daniel Laverick<\/strong><br \/>\n<strong>Mike Layward<\/strong><br \/>\n<strong>Dr Sydney Leaman<\/strong><br \/>\n<strong>Joanna Leigh<\/strong><br \/>\n<strong>Jessica Leschnikoff<\/strong><br \/>\n<strong>Cllr Leah Levane<\/strong><br \/>\n<strong>Rachel Lever<\/strong><br \/>\n<strong>John Lipetz<\/strong><br \/>\n<strong>Robert Lizar<\/strong><br \/>\n<strong>Ruth Lukom<\/strong><br \/>\n<strong>Simon Lynn<\/strong><br \/>\n<strong>Deborah Maccoby<\/strong><br \/>\n<strong>Dorothy Macedo<\/strong><br \/>\n<strong>Nikki Mailer<\/strong><br \/>\n<strong>Jenny Manson<\/strong><br \/>\n<strong>Jessica Manson<\/strong><br \/>\n<strong>Helen Marks<\/strong><br \/>\n<strong>Stephen Marks<\/strong><br \/>\n<strong>Gillian McCall<\/strong><br \/>\n<strong>Jeff McCracken-Hewson<\/strong><br \/>\n<strong>Terence McGinity<\/strong><br \/>\n<strong>Ros Meadow<\/strong><br \/>\n<strong>Rita Mendelson<\/strong><br \/>\n<strong>Dr Heather Mendick<\/strong><br \/>\n<strong>Angie Mindel<\/strong><br \/>\n<strong>Prof David Mond<\/strong><br \/>\n<strong>Diana Neslen<\/strong><br \/>\n<strong>David Nissen<\/strong><br \/>\n<strong>Gary Ostrolenk<\/strong><br \/>\n<strong>Jonathan Parish<\/strong><br \/>\n<strong>Susan Pashkoff<\/strong><br \/>\n<strong>Helen Pearson<\/strong><br \/>\n<strong>Jacob Prager<\/strong><br \/>\n<strong>Caroline Raine<\/strong><br \/>\n<strong>Reuben Ramsay<\/strong><br \/>\n<strong>Roland Rance<\/strong><br \/>\n<strong>Tom Reed<\/strong><br \/>\n<strong>Jenny Richardson<\/strong><br \/>\n<strong>Si\u00f4n Rickard<\/strong><br \/>\n<strong>Prof Marion Roberts<\/strong><br \/>\n<strong>Prof Jonathan Rosenhead<\/strong><br \/>\n<strong>Benny Ross<\/strong><br \/>\n<strong>Carolyn Roth<\/strong><br \/>\n<strong>Richard Saffron<\/strong><br \/>\n<strong>Esther Saraga<\/strong><br \/>\n<strong>Ian Saville<\/strong><br \/>\n<strong>Monika Schwartz<\/strong><br \/>\n<strong>Josepha Scotney<\/strong><br \/>\n<strong>Mike Scott<\/strong><br \/>\n<strong>Amanda Sebestyen<\/strong><br \/>\n<strong>Glyn Secker<\/strong><br \/>\n<strong>Jenny Secretan<\/strong><br \/>\n<strong>Irene Sedler<\/strong><br \/>\n<strong>Marian Sedley<\/strong><br \/>\n<strong>Ruth Selwyn<\/strong><br \/>\n<strong>Brian Shade<\/strong><br \/>\n<strong>Janet Silver<\/strong><br \/>\n<strong>Liz Silver<\/strong><br \/>\n<strong>Ludi Simpson<\/strong><br \/>\n<strong>Pam Singer<\/strong><br \/>\n<strong>Mark Smithson<\/strong><br \/>\n<strong>Stephen Solley QC<\/strong><br \/>\n<strong>David Sperlinger<\/strong><br \/>\n<strong>Ruth Steigman<\/strong><br \/>\n<strong>Dr Alexandra Stein<\/strong><br \/>\n<strong>Adrian Stern<\/strong><br \/>\n<strong>Martin Stevenson<\/strong><br \/>\n<strong>Benny Talbot<\/strong><br \/>\n<strong>Deborah Talmi<\/strong><br \/>\n<strong>Inbar Tamari<\/strong><br \/>\n<strong>Norman Traub<\/strong><br \/>\n<strong>Tessa van Gelderen<\/strong><br \/>\n<strong>Daniel Vulliamy<\/strong><br \/>\n<strong>Brian Warshaw<\/strong><br \/>\n<strong>Sam Weinstein<\/strong><br \/>\n<strong>Charlotte Prager Williams<\/strong><br \/>\n<strong>George Wilmers<\/strong><br \/>\n<strong>Naomi Wimborne-Idrissi<\/strong><br \/>\n<strong>Debbie Windley<\/strong><br \/>\n<strong>Roy Wolfe<\/strong><br \/>\n<strong>Miriam Yagud<\/strong><br \/>\n<strong>Dr Gillian Yudkin<\/strong><\/p>\n<p>Quelle: https:\/\/www.theguardian.com\/politics\/2019\/feb\/20\/jeremy-corbyn-labour-party-crucial-ally-in-fight-against-antisemitism?CMP=share_btn_fb&amp;fbclid=IwAR0G5cHFXuBCjtS9f172CULH4t4KttvSFP-9A5U203fe6VTsiqTElaZ4Peg<\/p>\n","protected":false},"excerpt":{"rendered":"<p>Israelkritik muss erlaubt sein! Jeremy Corbyn\u2019s Labour is a crucial ally in the fight against antisemitism<\/p>\n","protected":false},"author":2,"featured_media":0,"comment_status":"open","ping_status":"open","sticky":false,"template":"","format":"standard","meta":{"footnotes":""},"categories":[1],"tags":[],"class_list":["post-4987","post","type-post","status-publish","format-standard","hentry","category-allgemein"],"_links":{"self":[{"href":"https:\/\/www.friedensplattform.at\/index.php?rest_route=\/wp\/v2\/posts\/4987","targetHints":{"allow":["GET"]}}],"collection":[{"href":"https:\/\/www.friedensplattform.at\/index.php?rest_route=\/wp\/v2\/posts"}],"about":[{"href":"https:\/\/www.friedensplattform.at\/index.php?rest_route=\/wp\/v2\/types\/post"}],"author":[{"embeddable":true,"href":"https:\/\/www.friedensplattform.at\/index.php?rest_route=\/wp\/v2\/users\/2"}],"replies":[{"embeddable":true,"href":"https:\/\/www.friedensplattform.at\/index.php?rest_route=%2Fwp%2Fv2%2Fcomments&post=4987"}],"version-history":[{"count":2,"href":"https:\/\/www.friedensplattform.at\/index.php?rest_route=\/wp\/v2\/posts\/4987\/revisions"}],"predecessor-version":[{"id":4989,"href":"https:\/\/www.friedensplattform.at\/index.php?rest_route=\/wp\/v2\/posts\/4987\/revisions\/4989"}],"wp:attachment":[{"href":"https:\/\/www.friedensplattform.at\/index.php?rest_route=%2Fwp%2Fv2%2Fmedia&parent=4987"}],"wp:term":[{"taxonomy":"category","embeddable":true,"href":"https:\/\/www.friedensplattform.at\/index.php?rest_route=%2Fwp%2Fv2%2Fcategories&post=4987"},{"taxonomy":"post_tag","embeddable":true,"href":"https:\/\/www.friedensplattform.at\/index.php?rest_route=%2Fwp%2Fv2%2Ftags&post=4987"}],"curies":[{"name":"wp","href":"https:\/\/api.w.org\/{rel}","templated":true}]}}