{"id":4991,"date":"2019-03-03T09:42:58","date_gmt":"2019-03-03T09:42:58","guid":{"rendered":"http:\/\/www.friedensplattform.at\/?p=4991"},"modified":"2019-03-03T09:42:58","modified_gmt":"2019-03-03T09:42:58","slug":"aufruf-zu-internationalen-aktionen-am-5-gedenktag-des-angriffs-auf-das-haus-der-gewerkschaften-in-odessa-ukraine","status":"publish","type":"post","link":"https:\/\/www.friedensplattform.at\/?p=4991","title":{"rendered":"Aufruf zu internationalen Aktionen am 5. Gedenktag des Angriffs auf das Haus der Gewerkschaften in ODESSA, UKRAINE."},"content":{"rendered":"<p>Die Steirische Friedensplattform unterst\u00fctzt diesen Aufruf!<!--more--><\/p>\n<p>Aufruf zu internationalen Aktionen am 5. Gedenktag des Angriffs auf das Haus der Gewerkschaften in ODESSA, UKRAINE.<br \/>\n<span id=\"more-13253\"><\/span><\/p>\n<p>Am 2. Mai 2019 j\u00e4hrt sich zum f\u00fcnften Mal ein Angriff des rechten Mobs auf das Gewerkschaftshaus in Odessa, Ukraine, eine Trag\u00f6die, bei der mindestens 42 Menschen und mehr als 100 Verletzte ums Leben kamen. Bis heute ist keine Gerechtigkeit f\u00fcr die Trauernden der Opfer in Sicht.<br \/>\nDiese T\u00f6tungen am 2. Mai 2014 geschahen nur wenige Monate, nachdem der demokratisch gew\u00e4hlte Pr\u00e4sident durch Politiker, Massenproteste und gewaltt\u00e4tige rechte Organisationen aus dem Amt gedr\u00e4ngt wurde. Dies f\u00fchrte \u00fcber mehrere Wochen zu wachsenden Spannungen in Odessa, die mit Stra\u00dfenk\u00e4mpfen und dem Angriff des Mobs auf das Gewerkschaftshaus gipfelten.<br \/>\nViele Handy-Videos des Angriffs wurden im Internet ver\u00f6ffentlicht und zeigen deutlich, wie Menschen mit Molotow-Cocktails die Gewerkschaft in Brand setzen. Man sieht Menschen, die aus den brennenden Fenstern springen und sterben, wenn sie auf den Boden fallen. Die auf dem Asphalt liegenden Menschen und jene, die Fluchtversuche starteten, wurden mit Metallschl\u00e4gern und anderen Waffen schwer misshandelt.<br \/>\nBisher wurde noch kein einziger der T\u00e4ter dieser m\u00f6rderischen Handlungen vor Gericht gestellt. Gleichzeitig wurden \u00dcberlebende der Brandstiftung sowie mehrere ihrer Sympathisanten verhaftet, und viele von ihnen befinden sich noch im Gef\u00e4ngnis, viele von ihnen wurden nie wegen eines Verbrechens angeklagt.<br \/>\nFamilienangeh\u00f6rige, Freunde und Unterst\u00fctzer der Opfer und \u00dcberlebenden haben wiederholt Gedenkveranstaltungen am Ort der Ermordungen abgehalten und eine internationale Untersuchung gefordert, die zur Verfolgung der Verantwortlichen f\u00fchren soll. Jedes Jahr am 2. Mai versammeln sich dort Tausende von Odessans, trotz wiederholter Drohungen rechtsextremer Organisationen, die Trauernden anzugreifen.<br \/>\nDie unten aufgef\u00fchrten Organisationen rufen alle, die Wert auf Gerechtigkeit legen, auf, am 2. Mai lokale Veranstaltungen in Solidarit\u00e4t mit der Bev\u00f6lkerung von Odessa und zur Unterst\u00fctzung ihrer Forderung nach einer internationalen Untersuchung durchzuf\u00fchren.<br \/>\nWir fordern ferner, dass die Schikanen und die rechtliche Unterdr\u00fcckung von \u00dcberlebenden der Trag\u00f6die vom 2. Mai, ihrer Angeh\u00f6rigen und Unterst\u00fctzer sowie von Journalisten, die versuchen, die Situation zu untersuchen, eingestellt werden.<br \/>\nDieser Aufruf wurde von der Odessa Solidarity Campaign (USA) und dem Prager Fr\u00fchling II (Europa) initiiert.<\/p>\n<div class=\"gmail_default\">\n<div>\n<div><strong>Um diesen CALL zu unterst\u00fctzen, schreiben Sie bitte an:\u00a0\u00a0\u00a0 <a href=\"mailto:DefendersFJE@hotmail.com\" target=\"_blank\" rel=\"noopener noreferrer\">DefendersFJE@hotmail.com<\/a><\/strong><\/div>\n<\/div>\n<\/div>\n<div><\/div>\n<div>Die Unterst\u00fctzer werden auf der Web-Seite der <a href=\"https:\/\/odessasolidaritycampaign.org\/2019\/01\/20\/a-call-for-international-actions-on-the-5th-memorial-day-of-the-attack-on-the-house-of-trade-unions-in-odessa-ukraine\/\" target=\"_blank\" rel=\"noopener noreferrer\">odessasolidarit\u00e4t<\/a> gelistet.<\/div>\n<div><\/div>\n<div><a href=\"https:\/\/odessasolidaritycampaign.org\/\" rel=\"home\">Odessa Solidarity Campaign<\/a><\/div>\n","protected":false},"excerpt":{"rendered":"<p>Die Steirische Friedensplattform unterst\u00fctzt diesen Aufruf!<\/p>\n","protected":false},"author":3,"featured_media":0,"comment_status":"open","ping_status":"open","sticky":false,"template":"","format":"standard","meta":{"footnotes":""},"categories":[3,31],"tags":[],"class_list":["post-4991","post","type-post","status-publish","format-standard","hentry","category-antimilitarismus","category-sozialforumsbewegung-assembly-of-resistances"],"_links":{"self":[{"href":"https:\/\/www.friedensplattform.at\/index.php?rest_route=\/wp\/v2\/posts\/4991","targetHints":{"allow":["GET"]}}],"collection":[{"href":"https:\/\/www.friedensplattform.at\/index.php?rest_route=\/wp\/v2\/posts"}],"about":[{"href":"https:\/\/www.friedensplattform.at\/index.php?rest_route=\/wp\/v2\/types\/post"}],"author":[{"embeddable":true,"href":"https:\/\/www.friedensplattform.at\/index.php?rest_route=\/wp\/v2\/users\/3"}],"replies":[{"embeddable":true,"href":"https:\/\/www.friedensplattform.at\/index.php?rest_route=%2Fwp%2Fv2%2Fcomments&post=4991"}],"version-history":[{"count":1,"href":"https:\/\/www.friedensplattform.at\/index.php?rest_route=\/wp\/v2\/posts\/4991\/revisions"}],"predecessor-version":[{"id":4992,"href":"https:\/\/www.friedensplattform.at\/index.php?rest_route=\/wp\/v2\/posts\/4991\/revisions\/4992"}],"wp:attachment":[{"href":"https:\/\/www.friedensplattform.at\/index.php?rest_route=%2Fwp%2Fv2%2Fmedia&parent=4991"}],"wp:term":[{"taxonomy":"category","embeddable":true,"href":"https:\/\/www.friedensplattform.at\/index.php?rest_route=%2Fwp%2Fv2%2Fcategories&post=4991"},{"taxonomy":"post_tag","embeddable":true,"href":"https:\/\/www.friedensplattform.at\/index.php?rest_route=%2Fwp%2Fv2%2Ftags&post=4991"}],"curies":[{"name":"wp","href":"https:\/\/api.w.org\/{rel}","templated":true}]}}