{"id":5017,"date":"2019-03-10T12:26:58","date_gmt":"2019-03-10T12:26:58","guid":{"rendered":"http:\/\/www.friedensplattform.at\/?p=5017"},"modified":"2019-03-10T12:26:58","modified_gmt":"2019-03-10T12:26:58","slug":"8-maerz-solidaritaet-mit-palaestinenserinnen","status":"publish","type":"post","link":"https:\/\/www.friedensplattform.at\/?p=5017","title":{"rendered":"8. M\u00e4rz: Solidarit\u00e4t mit Pal\u00e4stinenserinnen!"},"content":{"rendered":"<p>Flugblatt zum 8. M\u00e4rz<!--more--><\/p>\n<p><a href=\"http:\/\/www.friedensplattform.at\/wp-content\/uploads\/2019\/03\/8.M\u00e4rz_Pal\u00e4stina_Graz.pdf\">8.M\u00e4rz_Pal\u00e4stina_Graz<\/a><\/p>\n","protected":false},"excerpt":{"rendered":"<p>Flugblatt zum 8. M\u00e4rz<\/p>\n","protected":false},"author":3,"featured_media":0,"comment_status":"open","ping_status":"open","sticky":false,"template":"","format":"standard","meta":{"footnotes":""},"categories":[51,18],"tags":[],"class_list":["post-5017","post","type-post","status-publish","format-standard","hentry","category-palfem","category-palaestina-solidaritaet"],"_links":{"self":[{"href":"https:\/\/www.friedensplattform.at\/index.php?rest_route=\/wp\/v2\/posts\/5017","targetHints":{"allow":["GET"]}}],"collection":[{"href":"https:\/\/www.friedensplattform.at\/index.php?rest_route=\/wp\/v2\/posts"}],"about":[{"href":"https:\/\/www.friedensplattform.at\/index.php?rest_route=\/wp\/v2\/types\/post"}],"author":[{"embeddable":true,"href":"https:\/\/www.friedensplattform.at\/index.php?rest_route=\/wp\/v2\/users\/3"}],"replies":[{"embeddable":true,"href":"https:\/\/www.friedensplattform.at\/index.php?rest_route=%2Fwp%2Fv2%2Fcomments&post=5017"}],"version-history":[{"count":1,"href":"https:\/\/www.friedensplattform.at\/index.php?rest_route=\/wp\/v2\/posts\/5017\/revisions"}],"predecessor-version":[{"id":5019,"href":"https:\/\/www.friedensplattform.at\/index.php?rest_route=\/wp\/v2\/posts\/5017\/revisions\/5019"}],"wp:attachment":[{"href":"https:\/\/www.friedensplattform.at\/index.php?rest_route=%2Fwp%2Fv2%2Fmedia&parent=5017"}],"wp:term":[{"taxonomy":"category","embeddable":true,"href":"https:\/\/www.friedensplattform.at\/index.php?rest_route=%2Fwp%2Fv2%2Fcategories&post=5017"},{"taxonomy":"post_tag","embeddable":true,"href":"https:\/\/www.friedensplattform.at\/index.php?rest_route=%2Fwp%2Fv2%2Ftags&post=5017"}],"curies":[{"name":"wp","href":"https:\/\/api.w.org\/{rel}","templated":true}]}}