{"id":5020,"date":"2019-03-13T10:02:38","date_gmt":"2019-03-13T10:02:38","guid":{"rendered":"http:\/\/www.friedensplattform.at\/?p=5020"},"modified":"2019-03-13T10:02:47","modified_gmt":"2019-03-13T10:02:47","slug":"wie-die-israelische-armee-palaestinensisches-land-erobert-und-an-siedler-uebergibt","status":"publish","type":"post","link":"https:\/\/www.friedensplattform.at\/?p=5020","title":{"rendered":"Wie die israelische Armee pal\u00e4stinensisches Land erobert und an Siedler \u00fcbergibt"},"content":{"rendered":"<p>Analyse \u00a0-Amira Hass \u2013 Haaretz Korrespondentin \u2013 12. 3.2019 Original:\u00a0\u00a0 <a href=\"https:\/\/www.haaretz.com\/israel-news\/.premium-how-palestinian-land-goes-from-the-army-to-the-settlers-1.7004514\">https:\/\/www.haaretz.com\/israel-news\/.premium-how-palestinian-land-goes-from-the-army-to-the-settlers-1.7004514<\/a><\/p>\n<p><strong>45 Siedlungen wurden auf pal\u00e4stinensischem Land gebaut, das f\u00fcr milit\u00e4rische Zwecke beschlagnahmt wurde. Eine neue Studie erkl\u00e4rt, wie <\/strong><\/p>\n<p>Am Ende ist das Ergebnis das gleiche: Mehr gestohlenes pal\u00e4stinensisches Land an Juden \u00fcbergeben, weil sie Juden sind (geboren in Israel oder der Diaspora) und zu ihrem Vorteil. Aber das j\u00fcdische Gehirn erfindet Tricks f\u00fcr den Kuhhandel, und die Mittel und Methoden, die die milit\u00e4rische B\u00fcrokratie geschaffen hat und immer noch schafft, um dieses Ergebnis zu erreichen, sind vielf\u00e4ltig, bis Verwirrung und Angst in der Vielfalt der Details \u00fcberhand nehmen.<\/p>\n<p><!--more--><\/p>\n<pre><a href=\"http:\/\/www.friedensplattform.at\/wp-content\/uploads\/2019\/03\/amira-hass_120319_militaerzonefuersiedlungsbau.pdf\">amira hass_120319_militaerzonefuersiedlungsbau<\/a><\/pre>\n","protected":false},"excerpt":{"rendered":"<p>Analyse \u00a0-Amira Hass \u2013 Haaretz Korrespondentin \u2013 12. 3.2019 Original:\u00a0\u00a0 https:\/\/www.haaretz.com\/israel-news\/.premium-how-palestinian-land-goes-from-the-army-to-the-settlers-1.7004514 45 Siedlungen wurden auf pal\u00e4stinensischem Land gebaut, das f\u00fcr milit\u00e4rische Zwecke beschlagnahmt wurde. Eine neue Studie erkl\u00e4rt, wie Am Ende ist das Ergebnis das gleiche: Mehr gestohlenes pal\u00e4stinensisches Land an Juden \u00fcbergeben, weil sie Juden sind (geboren in Israel oder der Diaspora) und zu &hellip; <a href=\"https:\/\/www.friedensplattform.at\/?p=5020\" class=\"more-link\"><span class=\"screen-reader-text\">Wie die israelische Armee pal\u00e4stinensisches Land erobert und an Siedler \u00fcbergibt<\/span> weiterlesen <span class=\"meta-nav\">&rarr;<\/span><\/a><\/p>\n","protected":false},"author":5,"featured_media":0,"comment_status":"open","ping_status":"open","sticky":false,"template":"","format":"standard","meta":{"footnotes":""},"categories":[17,18],"tags":[61,60],"class_list":["post-5020","post","type-post","status-publish","format-standard","hentry","category-meinung","category-palaestina-solidaritaet","tag-militaerzone","tag-palaestina-siedler"],"_links":{"self":[{"href":"https:\/\/www.friedensplattform.at\/index.php?rest_route=\/wp\/v2\/posts\/5020","targetHints":{"allow":["GET"]}}],"collection":[{"href":"https:\/\/www.friedensplattform.at\/index.php?rest_route=\/wp\/v2\/posts"}],"about":[{"href":"https:\/\/www.friedensplattform.at\/index.php?rest_route=\/wp\/v2\/types\/post"}],"author":[{"embeddable":true,"href":"https:\/\/www.friedensplattform.at\/index.php?rest_route=\/wp\/v2\/users\/5"}],"replies":[{"embeddable":true,"href":"https:\/\/www.friedensplattform.at\/index.php?rest_route=%2Fwp%2Fv2%2Fcomments&post=5020"}],"version-history":[{"count":6,"href":"https:\/\/www.friedensplattform.at\/index.php?rest_route=\/wp\/v2\/posts\/5020\/revisions"}],"predecessor-version":[{"id":5029,"href":"https:\/\/www.friedensplattform.at\/index.php?rest_route=\/wp\/v2\/posts\/5020\/revisions\/5029"}],"wp:attachment":[{"href":"https:\/\/www.friedensplattform.at\/index.php?rest_route=%2Fwp%2Fv2%2Fmedia&parent=5020"}],"wp:term":[{"taxonomy":"category","embeddable":true,"href":"https:\/\/www.friedensplattform.at\/index.php?rest_route=%2Fwp%2Fv2%2Fcategories&post=5020"},{"taxonomy":"post_tag","embeddable":true,"href":"https:\/\/www.friedensplattform.at\/index.php?rest_route=%2Fwp%2Fv2%2Ftags&post=5020"}],"curies":[{"name":"wp","href":"https:\/\/api.w.org\/{rel}","templated":true}]}}