{"id":5091,"date":"2019-06-14T08:48:38","date_gmt":"2019-06-14T08:48:38","guid":{"rendered":"http:\/\/www.friedensplattform.at\/?p=5091"},"modified":"2019-06-14T09:23:15","modified_gmt":"2019-06-14T09:23:15","slug":"aufruf-zur-kundgebung-19-6","status":"publish","type":"post","link":"https:\/\/www.friedensplattform.at\/?p=5091","title":{"rendered":"AUFRUF zur KUNDGEBUNG 19.6."},"content":{"rendered":"<p><strong>NEIN ZUM NATO-TRUPPENTRANSPORT DURCH \u00d6STERREICH!<\/strong><\/p>\n<p><strong>Mittwoch, 19. Juni 2019<\/strong><\/p>\n<p><strong>Hauptbahnhof Graz (Bahnhofsvorplatz)<\/strong><\/p>\n<p><strong>15:00-18:00<\/strong><\/p>\n<p>Von 20. Mai bis 29. Juni rollen 1.500 US-SoldatInnen und 400 Milit\u00e4rfahrzeuge zum NATO-Milit\u00e4rman\u00f6ver \u201eSaber Guardian\u201c (\u201eW\u00e4chter des S\u00e4bels\u201c) durch das Land. Die Durchfuhr von Truppen und Kriegsger\u00e4t zu einem Milit\u00e4rman\u00f6ver, das dem Anheizen von Spannungen dient, ist mit der Neutralit\u00e4t v\u00f6llig unvereinbar. <!--more-->Denn <em>\u201edie Neutralit\u00e4t verpflichtet schon in Friedenszeiten dazu, alles zu tun, um nicht kriegerisches Aufmarschgebiet zu werden und aggressive Drohgeb\u00e4rden zu unterst\u00fctzen.\u201c<\/em> (Solidarwerkstatt Linz)<\/p>\n<p>Verst\u00e4rken wir den\u00a0 <a href=\"https:\/\/www.solidarwerkstatt.at\/frieden-neutralitaet\/und-es-gibt-ihn-doch-friedensprotest-gegen-nato-militaertransporte\" data-cke-saved-href=\"https:\/\/www.solidarwerkstatt.at\/frieden-neutralitaet\/und-es-gibt-ihn-doch-friedensprotest-gegen-nato-militaertransporte\">Protest von FriedensaktivistInnen in Linz<\/a> durch zahlreiche Teilnahme!<\/p>\n<p>Es ist die NATO, allen voran die USA, die einen gewaltigen Milit\u00e4rwall an der Grenze zu Russland\u00a0aufbaut.\u00a0 Damit werden die zahlreichen einstigen Antiaufr\u00fcstungsversprechen gegen\u00fcber Gorbatschow weiter gebrochen. Die Hoffnungen auf einen langfristigen Frieden in Europa werden zerbrochen.<\/p>\n<p>Mit der Strategie &#8222;Atlantic Resolve&#8220; f\u00fchrt die NATO seit 2017 umfassende Verschiebungen von Truppen und Milit\u00e4rmaterial in osteurop\u00e4ische L\u00e4nder durch, die regelm\u00e4\u00dfig \u00d6sterreich queren. Alle 9 Monate werden die Man\u00f6ver durchgef\u00fchrt. Die US\/NATO-Basen an den R\u00e4ndern der EU werden so st\u00e4ndig erweitert. Wie bereits gegen den Irak und derzeit gegen den Iran, sollen von Europa aus todbringende Kampfflieger, Drohnen, Kriegsmunition und SoldatInnen zum Einsatz kommen.<\/p>\n<p>Die USA und NATO unterst\u00fctzen das menschenverachtende Regime in Saudi-Arabien, das brutalst den Jemen bombardiert. Sie sind \u201ebest friends\u201c mit dem Apartheidstaat Israel, der seit Jahr und Tag gegen\u00fcber den Pal\u00e4stinenserInnen das V\u00f6lker- und Menschenrecht mit Milit\u00e4rstiefeln tritt. Allein diese Beispiele zeigen das Gesicht dieser Organisation: Nicht \u201eder Demokratie, der Freiheit der Person und der Herrschaft des Rechts\u201c (NATO-Charta) ist sie verpflichtet, sondern den Profiten der R\u00fcstungsindustrie und damit der Militarisierung und dem Krieg.<\/p>\n<p>Die NATO verf\u00fcgt \u00fcber 3,5 Millionen Soldaten, davon 2 Millionen in Europa. 2018 wurden 60 Prozent aller Milit\u00e4rausgaben weltweit von den Mitgliedern der NATO ausgegeben. Russland senkt seine R\u00fcstungsausgaben, w\u00e4hrend die NATO sie st\u00e4ndig erh\u00f6ht. Die NATO-Mitgliedsstaaten geben bereits heute fast eine Billion US-Dollar f\u00fcr R\u00fcstung und Milit\u00e4r aus. Das Geld fehlt im Sozial-, Bildungs- und Kulturbereich, genau da, wo es die Menschen wirklich brauchen.<\/p>\n<p>NEIN zum NATO-Truppentransport durch \u00d6STERREICH!<\/p>\n<p>\u00d6sterreich beteiligt sich aktiv an NATO-Man\u00f6vern und Eins\u00e4tzen. Das Ausma\u00df von Waffen- und Truppentransporten ist schon jetzt gewaltig: zwischen 2011 und 2015 wurden 5.593 Milit\u00e4rtransporte durch \u00d6sterreich genehmigt und durchgef\u00fchrt. Darunter auch Kriegsger\u00e4t f\u00fcr den Libyenkrieg.<\/p>\n<p>Mit der Teilnahme \u00d6sterreichs an der sog. \u201eSt\u00e4ndig Strukturierten Zusammenarbeit\u201c (EU-SSZ\/Pesco) seit Ende 2017 hat sich \u00d6sterreich sogar dazu verpflichtet, die \u00f6sterreichischen Transportwege mit Milliardenaufwand \u201epanzerfit\u201c zu machen. Noch rascher soll NATO- und EU-Kriegsger\u00e4t gegen Osten aufmarschieren. Ebenfalls verpflichtet die EU-SSZ zur st\u00e4ndigen Erh\u00f6hung des Milit\u00e4rhaushaltes und zur Teilnahme an globalen EU-Milit\u00e4rmissionen.<\/p>\n<p>Die US\/NATO\/EU-Milit\u00e4rmissionen und ihre Auswirkungen treiben Menschen zur Flucht. Die Aufr\u00fcstung an den Grenzen soll auch verhindern, dass Fl\u00fcchtende in die EU kommen. Das Anheizen rassistischer Hetze gegen MigrantInnen ist eine Begleiterscheinung dieser menschenverachtenden Politik.<\/p>\n<p><em>&#8222;Der n\u00e4chste Krieg wird von einer Furchtbarkeit sein, wie noch keiner seiner Vorg\u00e4nger.&#8220;<\/em> Angesichts auch der nuklearen Aufr\u00fcstungen ist die Aussage der \u00f6sterr. Friedensaktivistin Bertha von Suttner erschreckend aktuell. Wiederholt warnte auch der katholische Papst Franziskus: <em>Der &#8222;dritte Weltkrieg&#8220;, ist l\u00e4ngst da und kann nicht weggeredet werden<\/em>.<\/p>\n<p>Frieden braucht Engagement!<\/p>\n<p>Werden Sie aktiv, wenn V\u00f6lker- und Menschenrechte missachtet werden!<\/p>\n<p>Die Steirische Friedensplattform ist ein offenes Forum und l\u00e4dt zur Mitarbeit ein: <strong>friedensplattform@gmx.at<\/strong><\/p>\n<p>Unterschreiben Sie die Petition der Linzer Solidarit\u00e4tswerkstatt &#8222;Ja zur Neutralit\u00e4t &#8211; Nein zur EU-SSZ!&#8220;<\/p>\n<p><strong><a href=\"https:\/\/www.solidarwerkstatt.at\/medien\/kampagnen\/formular-ja-zur-neutralitaet-nein-zur-eu-ssz\">https:\/\/www.solidarwerkstatt.at\/medien\/kampagnen\/formular-ja-zur-neutralitaet-nein-zur-eu-ssz\u00a0<\/a><\/strong>\u00a0\u00a0<strong>\u00a0 \u00a0\u00a0<\/strong><\/p>\n<p>&nbsp;<\/p>\n<p><strong>\u00a0\u00a0\u00a0\u00a0\u00a0\u00a0 <a href=\"http:\/\/www.friedensplattform.at\/wp-content\/uploads\/2019\/06\/NEIN-zum-NATO_Transport_fin.pdf\">NEIN zum NATO_Transport_fin<\/a><\/strong><\/p>\n","protected":false},"excerpt":{"rendered":"<p>NEIN ZUM NATO-TRUPPENTRANSPORT DURCH \u00d6STERREICH! Mittwoch, 19. Juni 2019 Hauptbahnhof Graz (Bahnhofsvorplatz) 15:00-18:00 Von 20. Mai bis 29. Juni rollen 1.500 US-SoldatInnen und 400 Milit\u00e4rfahrzeuge zum NATO-Milit\u00e4rman\u00f6ver \u201eSaber Guardian\u201c (\u201eW\u00e4chter des S\u00e4bels\u201c) durch das Land. Die Durchfuhr von Truppen und Kriegsger\u00e4t zu einem Milit\u00e4rman\u00f6ver, das dem Anheizen von Spannungen dient, ist mit der Neutralit\u00e4t v\u00f6llig &hellip; <a href=\"https:\/\/www.friedensplattform.at\/?p=5091\" class=\"more-link\"><span class=\"screen-reader-text\">AUFRUF zur KUNDGEBUNG 19.6.<\/span> weiterlesen <span class=\"meta-nav\">&rarr;<\/span><\/a><\/p>\n","protected":false},"author":3,"featured_media":0,"comment_status":"open","ping_status":"open","sticky":false,"template":"","format":"standard","meta":{"footnotes":""},"categories":[3,19],"tags":[],"class_list":["post-5091","post","type-post","status-publish","format-standard","hentry","category-antimilitarismus","category-termine"],"_links":{"self":[{"href":"https:\/\/www.friedensplattform.at\/index.php?rest_route=\/wp\/v2\/posts\/5091","targetHints":{"allow":["GET"]}}],"collection":[{"href":"https:\/\/www.friedensplattform.at\/index.php?rest_route=\/wp\/v2\/posts"}],"about":[{"href":"https:\/\/www.friedensplattform.at\/index.php?rest_route=\/wp\/v2\/types\/post"}],"author":[{"embeddable":true,"href":"https:\/\/www.friedensplattform.at\/index.php?rest_route=\/wp\/v2\/users\/3"}],"replies":[{"embeddable":true,"href":"https:\/\/www.friedensplattform.at\/index.php?rest_route=%2Fwp%2Fv2%2Fcomments&post=5091"}],"version-history":[{"count":3,"href":"https:\/\/www.friedensplattform.at\/index.php?rest_route=\/wp\/v2\/posts\/5091\/revisions"}],"predecessor-version":[{"id":5095,"href":"https:\/\/www.friedensplattform.at\/index.php?rest_route=\/wp\/v2\/posts\/5091\/revisions\/5095"}],"wp:attachment":[{"href":"https:\/\/www.friedensplattform.at\/index.php?rest_route=%2Fwp%2Fv2%2Fmedia&parent=5091"}],"wp:term":[{"taxonomy":"category","embeddable":true,"href":"https:\/\/www.friedensplattform.at\/index.php?rest_route=%2Fwp%2Fv2%2Fcategories&post=5091"},{"taxonomy":"post_tag","embeddable":true,"href":"https:\/\/www.friedensplattform.at\/index.php?rest_route=%2Fwp%2Fv2%2Ftags&post=5091"}],"curies":[{"name":"wp","href":"https:\/\/api.w.org\/{rel}","templated":true}]}}