{"id":5097,"date":"2019-07-02T09:25:59","date_gmt":"2019-07-02T09:25:59","guid":{"rendered":"http:\/\/www.friedensplattform.at\/?p=5097"},"modified":"2019-07-02T09:28:29","modified_gmt":"2019-07-02T09:28:29","slug":"moerderisches-training-an-der-mur","status":"publish","type":"post","link":"https:\/\/www.friedensplattform.at\/?p=5097","title":{"rendered":"M\u00f6rderisches Training an der Mur"},"content":{"rendered":"<div>\n<h4>Betreffend \u00a0\u201cISA -Israelische Sicherheitsakademie \u00d6sterreich\u201c* in Mureck\/Hotel Fabiani, hier im Anhang ein von der <i>Gegeninformationsoffensive Aug und Ohr<\/i> gut recherchiertes Dokument. Darin werden Verbindungen der ISA zu rechtsextremistischen Zirkeln aufgezeigt.<\/h4>\n<p>Es stimmt alarmierend, dass mit dieser Organisation offenbar Staatsbeamte sympathisieren,<\/p>\n<p><!--more--><\/p>\n<p>wie \u201eder ehemalige Bereichsleiter &#8222;Menschenhandel&#8220; in der Landespolizeidirektion Steiermark Gerhard Bengesser und der vormalige Infanteriechef des \u00f6sterr. Bundesheeres, Brig. (iR) Josef Paul Puntigam\u201c, welche als Referenten bei einer Werbeveranstaltung f\u00fcr die Organisation auftraten.<\/p>\n<p>Wir warnen eindringlich vor dieser Organisation, die offensichtlich \u00c4ngste in der Bev\u00f6lkerung sch\u00fcren will und damit gesellschaftliche Polarisierungen und Paramilitarismus vorantreibt**. Das in Zusammenhang mit den \u2013 wie recherchierten &#8211; h\u00f6chst problematischen Verbindungen dieser Organisation in rechte Kreise verlangt unbedingt\u00a0 Aufmerksamkeit und Untersuchung.<\/p>\n<p>Weil es eine politische Thematisierung mit Informationen f\u00fcr die Bev\u00f6lkerung;- \u00fcber Medien, Informationsveranstaltungen und Debatten dringend braucht, hat die Steirische Friedensplattform politische Vernatwortungstr\u00e4gerInnen aus der Region und Medien \u00fcber diese Zusammenh\u00e4nge informiert.<\/p>\n<p><a href=\"http:\/\/www.friedensplattform.at\/wp-content\/uploads\/2019\/07\/M\u00f6rderisches-Training_AugundOhr.pdf\">M\u00f6rderisches Training_AugundOhr<\/a><\/p>\n<\/div>\n<div class=\"signature\">\n<p>* <a href=\"https:\/\/deref-gmx.net\/mail\/client\/yzDffbZnp80\/dereferrer\/?redirectUrl=https%3A%2F%2Fwww.facebook.com%2FCampusMureck%2F\" target=\"_blank\" rel=\"noopener\">https:\/\/www.facebook.com\/CampusMureck\/<\/a><\/p>\n<p>** <a href=\"https:\/\/deref-gmx.net\/mail\/client\/XWnMnQvFM5Y\/dereferrer\/?redirectUrl=http%3A%2F%2Fwww.friedensplattform.at%2F%3Fp%3D4931\" target=\"_blank\" rel=\"noopener\">http:\/\/www.friedensplattform.at\/?p=4931<\/a><\/p>\n<\/div>\n","protected":false},"excerpt":{"rendered":"<p>Betreffend \u00a0\u201cISA -Israelische Sicherheitsakademie \u00d6sterreich\u201c* in Mureck\/Hotel Fabiani, hier im Anhang ein von der Gegeninformationsoffensive Aug und Ohr gut recherchiertes Dokument. Darin werden Verbindungen der ISA zu rechtsextremistischen Zirkeln aufgezeigt. Es stimmt alarmierend, dass mit dieser Organisation offenbar Staatsbeamte sympathisieren,<\/p>\n","protected":false},"author":3,"featured_media":0,"comment_status":"open","ping_status":"open","sticky":false,"template":"","format":"standard","meta":{"footnotes":""},"categories":[3],"tags":[],"class_list":["post-5097","post","type-post","status-publish","format-standard","hentry","category-antimilitarismus"],"_links":{"self":[{"href":"https:\/\/www.friedensplattform.at\/index.php?rest_route=\/wp\/v2\/posts\/5097","targetHints":{"allow":["GET"]}}],"collection":[{"href":"https:\/\/www.friedensplattform.at\/index.php?rest_route=\/wp\/v2\/posts"}],"about":[{"href":"https:\/\/www.friedensplattform.at\/index.php?rest_route=\/wp\/v2\/types\/post"}],"author":[{"embeddable":true,"href":"https:\/\/www.friedensplattform.at\/index.php?rest_route=\/wp\/v2\/users\/3"}],"replies":[{"embeddable":true,"href":"https:\/\/www.friedensplattform.at\/index.php?rest_route=%2Fwp%2Fv2%2Fcomments&post=5097"}],"version-history":[{"count":3,"href":"https:\/\/www.friedensplattform.at\/index.php?rest_route=\/wp\/v2\/posts\/5097\/revisions"}],"predecessor-version":[{"id":5101,"href":"https:\/\/www.friedensplattform.at\/index.php?rest_route=\/wp\/v2\/posts\/5097\/revisions\/5101"}],"wp:attachment":[{"href":"https:\/\/www.friedensplattform.at\/index.php?rest_route=%2Fwp%2Fv2%2Fmedia&parent=5097"}],"wp:term":[{"taxonomy":"category","embeddable":true,"href":"https:\/\/www.friedensplattform.at\/index.php?rest_route=%2Fwp%2Fv2%2Fcategories&post=5097"},{"taxonomy":"post_tag","embeddable":true,"href":"https:\/\/www.friedensplattform.at\/index.php?rest_route=%2Fwp%2Fv2%2Ftags&post=5097"}],"curies":[{"name":"wp","href":"https:\/\/api.w.org\/{rel}","templated":true}]}}