{"id":5241,"date":"2019-10-04T20:23:47","date_gmt":"2019-10-04T20:23:47","guid":{"rendered":"http:\/\/www.friedensplattform.at\/?p=5241"},"modified":"2019-10-04T20:23:47","modified_gmt":"2019-10-04T20:23:47","slug":"leserbrief-an-die-kleine-zeitung","status":"publish","type":"post","link":"https:\/\/www.friedensplattform.at\/?p=5241","title":{"rendered":"Leserbrief an die Kleine Zeitung"},"content":{"rendered":"<p>Unser Leserbrief an die Kleine Zeitung zum Artikel \u00b4Zwischen Glauben und Apfelstrudel\u00b4 von Michael Kloiber, erschienen am Samstag den 28.9.2019 wurde nicht ver\u00f6ffentlicht:<\/p>\n<p>&nbsp;<\/p>\n<p>Unter Bezugnahme auf Ihren oben erw\u00e4hnten Artikel m\u00f6chte ich festhalten, dass Jerusalem nicht die gr\u00f6\u00dfte Stadt Israels ist. Die 900.000 Menschen, von denen Sie schreiben, leben in West- und Ostjerusalem. Ostjerusalem geh\u00f6rt jedoch zu Pal\u00e4stina und wurde 1980 v\u00f6lkerrechtswidrig annektiert. Ich bitte die Kleine Zeitung h\u00f6flich um eine sorgf\u00e4ltige Information um nicht durch unrichtige Wortwahl dem Bruch des V\u00f6lkerrechtes das Wort zu reden.<\/p>\n<p>Mit freundlichen Gr\u00fc\u00dfen<\/p>\n<p>Ch. H\u00f6dl<\/p>\n<p>&nbsp;<\/p>\n","protected":false},"excerpt":{"rendered":"<p>Unser Leserbrief an die Kleine Zeitung zum Artikel \u00b4Zwischen Glauben und Apfelstrudel\u00b4 von Michael Kloiber, erschienen am Samstag den 28.9.2019 wurde nicht ver\u00f6ffentlicht: &nbsp; Unter Bezugnahme auf Ihren oben erw\u00e4hnten Artikel m\u00f6chte ich festhalten, dass Jerusalem nicht die gr\u00f6\u00dfte Stadt Israels ist. Die 900.000 Menschen, von denen Sie schreiben, leben in West- und Ostjerusalem. Ostjerusalem &hellip; <a href=\"https:\/\/www.friedensplattform.at\/?p=5241\" class=\"more-link\"><span class=\"screen-reader-text\">Leserbrief an die Kleine Zeitung<\/span> weiterlesen <span class=\"meta-nav\">&rarr;<\/span><\/a><\/p>\n","protected":false},"author":5,"featured_media":0,"comment_status":"open","ping_status":"open","sticky":false,"template":"","format":"standard","meta":{"footnotes":""},"categories":[1,18],"tags":[],"class_list":["post-5241","post","type-post","status-publish","format-standard","hentry","category-allgemein","category-palaestina-solidaritaet"],"_links":{"self":[{"href":"https:\/\/www.friedensplattform.at\/index.php?rest_route=\/wp\/v2\/posts\/5241","targetHints":{"allow":["GET"]}}],"collection":[{"href":"https:\/\/www.friedensplattform.at\/index.php?rest_route=\/wp\/v2\/posts"}],"about":[{"href":"https:\/\/www.friedensplattform.at\/index.php?rest_route=\/wp\/v2\/types\/post"}],"author":[{"embeddable":true,"href":"https:\/\/www.friedensplattform.at\/index.php?rest_route=\/wp\/v2\/users\/5"}],"replies":[{"embeddable":true,"href":"https:\/\/www.friedensplattform.at\/index.php?rest_route=%2Fwp%2Fv2%2Fcomments&post=5241"}],"version-history":[{"count":3,"href":"https:\/\/www.friedensplattform.at\/index.php?rest_route=\/wp\/v2\/posts\/5241\/revisions"}],"predecessor-version":[{"id":5247,"href":"https:\/\/www.friedensplattform.at\/index.php?rest_route=\/wp\/v2\/posts\/5241\/revisions\/5247"}],"wp:attachment":[{"href":"https:\/\/www.friedensplattform.at\/index.php?rest_route=%2Fwp%2Fv2%2Fmedia&parent=5241"}],"wp:term":[{"taxonomy":"category","embeddable":true,"href":"https:\/\/www.friedensplattform.at\/index.php?rest_route=%2Fwp%2Fv2%2Fcategories&post=5241"},{"taxonomy":"post_tag","embeddable":true,"href":"https:\/\/www.friedensplattform.at\/index.php?rest_route=%2Fwp%2Fv2%2Ftags&post=5241"}],"curies":[{"name":"wp","href":"https:\/\/api.w.org\/{rel}","templated":true}]}}