{"id":5327,"date":"2019-11-17T20:26:16","date_gmt":"2019-11-17T20:26:16","guid":{"rendered":"http:\/\/www.friedensplattform.at\/?p=5327"},"modified":"2019-11-20T08:13:30","modified_gmt":"2019-11-20T08:13:30","slug":"kanaan-palaestinensische-filmtage-2","status":"publish","type":"post","link":"https:\/\/www.friedensplattform.at\/?p=5327","title":{"rendered":"Kanaan Pal\u00e4stinensische Filmtage"},"content":{"rendered":"<h3>26. und 27.11.19 Filmzentrum im Rechbauerkino<\/h3>\n<p><a href=\"http:\/\/www.friedensplattform.at\/wp-content\/uploads\/2019\/11\/Kanaan-jpg.jpg\"><img loading=\"lazy\" decoding=\"async\" class=\"size-medium wp-image-5329 aligncenter\" src=\"http:\/\/www.friedensplattform.at\/wp-content\/uploads\/2019\/11\/Kanaan-jpg-300x292.jpg\" alt=\"\" width=\"300\" height=\"292\" srcset=\"https:\/\/www.friedensplattform.at\/wp-content\/uploads\/2019\/11\/Kanaan-jpg-300x292.jpg 300w, https:\/\/www.friedensplattform.at\/wp-content\/uploads\/2019\/11\/Kanaan-jpg.jpg 438w\" sizes=\"auto, (max-width: 300px) 100vw, 300px\" \/><\/a>Die pal\u00e4stinensischen Filmtage in Graz finden im heurigen Jahr zum zweiten Mal statt. Das Team hat es sich zur Aufgabe gemacht, eine besondere Plattform f\u00fcr pal\u00e4stinensische Filmemacher*innen und f\u00fcr Filme, die die Existenz der Pal\u00e4stinenser*innen und Pal\u00e4stinas<br \/>\nthematisieren, zu schaffen.<!--more--><\/p>\n<p>Die Filmwoche will der \u00d6ffentlichkeit die Existenz des pal\u00e4stinensischen Volkes und die unerf\u00fcllten Versprechen seitens der internationalen Staatengemeinschaft auf nationale Selbstbestimmung und Gr\u00fcndung eines unabh\u00e4ngigen Staates<br \/>\nin Erinnerung rufen. KANAAN holt internationale und pal\u00e4stinensische Filme von hoher Qualit\u00e4t, welche sich auf verschiedenste Weise mit dem Leben der Pal\u00e4stinenser*innen, dem Umgang mit Menschenrechten und den Rechten der Pal\u00e4stinenser*innen auseinandersetzen, auf die Leinwand.<br \/>\nEin besonderes Anliegen der Organisator*innen ist es, den<br \/>\nbeachtlichen kulturellen Leistungen, welche die Pal\u00e4stinenser*innen trotz jahrelanger Unterdr\u00fcckung und Vertreibung erbringen, Raum zu geben.<br \/>\nUnser Ziel ist es, das Festival in Zukunft zu einem fixen Bestandteil des \u00f6sterreichischen Film- und Kulturgeschehens zu machen.<br \/>\nPal\u00e4stina ist seit Jahren Symbol f\u00fcr Ungerechtigkeiten und Menschenrechtsverletzungen.<br \/>\nEinschr\u00e4nkungen der Bewegungsfreiheit, Enteignungen und die Zerst\u00f6rung von Wohnst\u00e4tten, die Verhinderung von R\u00fcckkehr in die Heimat und tagt\u00e4gliche Unterdr\u00fcckung und Herabw\u00fcrdigungen pr\u00e4gen das Leben der Pal\u00e4stinenser*innen seit Jahrzehnten. Trotz Berichten<br \/>\ninternationaler Menschenrechtsorganisationen \u00fcber die besorgniserregende Lage in Pal\u00e4stina \u00e4ndert sich nicht viel.<br \/>\nTicketpreise: \u20ac 8.\u2013; freie Platzwahl Reservierung: Im Internet unter: <a href=\"https:\/\/l.facebook.com\/l.php?u=http%3A%2F%2Fwww.filmzentrum.com%2F%3Ffbclid%3DIwAR3sMaBvOo-4Fc8soYIngLIwmh1cG1MLXgJgs98Np3REmJVLTBDiZuTXL5Q&amp;h=AT13qklDQKfSNNGXOZAZgX-K5Qnjd9ALLcBVlyJeswmqFScKpbXf6_ImEvMXueHetvRTgGUDRC8hTy9uHMODivOGIDFyMdCyZr-J_81Au-6xQUFywb5JswuHO4LcMzVGSQ\" target=\"_blank\" rel=\"nofollow noopener\" data-lynx-mode=\"hover\">www.filmzentrum.com<\/a> oder w\u00e4hrend der \u00d6ffnungs-zeiten telefonisch unter: 0316 830508<\/p>\n<p>Veranstalter: Gesellschaft f\u00fcr \u00d6sterreichisch-Arabische Beziehungen<\/p>\n<h3><a href=\"http:\/\/www.friedensplattform.at\/wp-content\/uploads\/2019\/11\/Kanaan_Pal_Filmtage_A5_4SEITER_GRAZ_fin.pdf\">Kanaan_Pal_Filmtage_A5_4SEITER_GRAZ_fin<\/a><a href=\"http:\/\/www.friedensplattform.at\/wp-content\/uploads\/2019\/11\/Anmerkung-2019-11-17-213848.png\">\u00a0<\/a><\/h3>\n<p>&nbsp;<\/p>\n","protected":false},"excerpt":{"rendered":"<p>26. und 27.11.19 Filmzentrum im Rechbauerkino Die pal\u00e4stinensischen Filmtage in Graz finden im heurigen Jahr zum zweiten Mal statt. Das Team hat es sich zur Aufgabe gemacht, eine besondere Plattform f\u00fcr pal\u00e4stinensische Filmemacher*innen und f\u00fcr Filme, die die Existenz der Pal\u00e4stinenser*innen und Pal\u00e4stinas thematisieren, zu schaffen.<\/p>\n","protected":false},"author":2,"featured_media":0,"comment_status":"open","ping_status":"open","sticky":false,"template":"","format":"standard","meta":{"footnotes":""},"categories":[1],"tags":[],"class_list":["post-5327","post","type-post","status-publish","format-standard","hentry","category-allgemein"],"_links":{"self":[{"href":"https:\/\/www.friedensplattform.at\/index.php?rest_route=\/wp\/v2\/posts\/5327","targetHints":{"allow":["GET"]}}],"collection":[{"href":"https:\/\/www.friedensplattform.at\/index.php?rest_route=\/wp\/v2\/posts"}],"about":[{"href":"https:\/\/www.friedensplattform.at\/index.php?rest_route=\/wp\/v2\/types\/post"}],"author":[{"embeddable":true,"href":"https:\/\/www.friedensplattform.at\/index.php?rest_route=\/wp\/v2\/users\/2"}],"replies":[{"embeddable":true,"href":"https:\/\/www.friedensplattform.at\/index.php?rest_route=%2Fwp%2Fv2%2Fcomments&post=5327"}],"version-history":[{"count":5,"href":"https:\/\/www.friedensplattform.at\/index.php?rest_route=\/wp\/v2\/posts\/5327\/revisions"}],"predecessor-version":[{"id":5349,"href":"https:\/\/www.friedensplattform.at\/index.php?rest_route=\/wp\/v2\/posts\/5327\/revisions\/5349"}],"wp:attachment":[{"href":"https:\/\/www.friedensplattform.at\/index.php?rest_route=%2Fwp%2Fv2%2Fmedia&parent=5327"}],"wp:term":[{"taxonomy":"category","embeddable":true,"href":"https:\/\/www.friedensplattform.at\/index.php?rest_route=%2Fwp%2Fv2%2Fcategories&post=5327"},{"taxonomy":"post_tag","embeddable":true,"href":"https:\/\/www.friedensplattform.at\/index.php?rest_route=%2Fwp%2Fv2%2Ftags&post=5327"}],"curies":[{"name":"wp","href":"https:\/\/api.w.org\/{rel}","templated":true}]}}