{"id":5365,"date":"2019-11-21T15:18:52","date_gmt":"2019-11-21T15:18:52","guid":{"rendered":"http:\/\/www.friedensplattform.at\/?p=5365"},"modified":"2019-11-21T15:19:30","modified_gmt":"2019-11-21T15:19:30","slug":"infostand","status":"publish","type":"post","link":"https:\/\/www.friedensplattform.at\/?p=5365","title":{"rendered":"INFOSTAND 23.11. Hauptplatz Graz"},"content":{"rendered":"<p><strong>Kommender Samstag, 23.11.2019<\/strong> <strong>von 14:00 bis 17:00 am Hauptplatz\/Ecke Sporgasse<\/strong><\/p>\n<p><strong>Infostand der Steirischen Friedensplattform <\/strong><\/p>\n<p><strong>f\u00fcr<\/strong> <strong>Meinungsfreiheit in der Pal\u00e4stina-Solidarit\u00e4tsarbeit <\/strong><\/p>\n<p><strong>gemeinsam mit AktivistInnen von <a href=\"http:\/\/bds-info.at\/\">BDS-Austria<\/a><br \/>\n<\/strong><\/p>\n<div><strong>Wir informieren: Was ist BDS &#8211; Was will BDS &#8211; Warum wird BDS kriminalisiert? <\/strong><\/div>\n<div><strong>\u00a0<\/strong><\/div>\n<div>Kommt vorbei am Infostand und zur Diskussion! Nehmt interessierte Personen mit! Es ist sehr wichtig, dass \u00fcber BDS wahrheitsgem\u00e4\u00df informiert wird, insbesondere nach dem <strong><a href=\"http:\/\/www.friedensplattform.at\/?p=5303\">unfassbaren Grazer Gemeinderatsbeschluss <\/a><br \/>\n<\/strong><\/div>\n<div>vom 14.11. 19.<\/div>\n<p><a href=\"http:\/\/www.friedensplattform.at\/wp-content\/uploads\/2019\/11\/AktivistInnen.jpg\"><img loading=\"lazy\" decoding=\"async\" class=\"alignnone size-medium wp-image-5309\" src=\"http:\/\/www.friedensplattform.at\/wp-content\/uploads\/2019\/11\/AktivistInnen-300x225.jpg\" alt=\"\" width=\"300\" height=\"225\" srcset=\"https:\/\/www.friedensplattform.at\/wp-content\/uploads\/2019\/11\/AktivistInnen-300x225.jpg 300w, https:\/\/www.friedensplattform.at\/wp-content\/uploads\/2019\/11\/AktivistInnen-768x576.jpg 768w, https:\/\/www.friedensplattform.at\/wp-content\/uploads\/2019\/11\/AktivistInnen-1024x768.jpg 1024w, https:\/\/www.friedensplattform.at\/wp-content\/uploads\/2019\/11\/AktivistInnen.jpg 1600w\" sizes=\"auto, (max-width: 300px) 100vw, 300px\" \/><\/a><\/p>\n<div class=\"text_exposed_show\"><\/div>\n","protected":false},"excerpt":{"rendered":"<p>Kommender Samstag, 23.11.2019 von 14:00 bis 17:00 am Hauptplatz\/Ecke Sporgasse Infostand der Steirischen Friedensplattform f\u00fcr Meinungsfreiheit in der Pal\u00e4stina-Solidarit\u00e4tsarbeit gemeinsam mit AktivistInnen von BDS-Austria Wir informieren: Was ist BDS &#8211; Was will BDS &#8211; Warum wird BDS kriminalisiert? \u00a0 Kommt vorbei am Infostand und zur Diskussion! Nehmt interessierte Personen mit! Es ist sehr wichtig, dass &hellip; <a href=\"https:\/\/www.friedensplattform.at\/?p=5365\" class=\"more-link\"><span class=\"screen-reader-text\">INFOSTAND 23.11. Hauptplatz Graz<\/span> weiterlesen <span class=\"meta-nav\">&rarr;<\/span><\/a><\/p>\n","protected":false},"author":3,"featured_media":0,"comment_status":"open","ping_status":"open","sticky":false,"template":"","format":"standard","meta":{"footnotes":""},"categories":[19],"tags":[],"class_list":["post-5365","post","type-post","status-publish","format-standard","hentry","category-termine"],"_links":{"self":[{"href":"https:\/\/www.friedensplattform.at\/index.php?rest_route=\/wp\/v2\/posts\/5365","targetHints":{"allow":["GET"]}}],"collection":[{"href":"https:\/\/www.friedensplattform.at\/index.php?rest_route=\/wp\/v2\/posts"}],"about":[{"href":"https:\/\/www.friedensplattform.at\/index.php?rest_route=\/wp\/v2\/types\/post"}],"author":[{"embeddable":true,"href":"https:\/\/www.friedensplattform.at\/index.php?rest_route=\/wp\/v2\/users\/3"}],"replies":[{"embeddable":true,"href":"https:\/\/www.friedensplattform.at\/index.php?rest_route=%2Fwp%2Fv2%2Fcomments&post=5365"}],"version-history":[{"count":2,"href":"https:\/\/www.friedensplattform.at\/index.php?rest_route=\/wp\/v2\/posts\/5365\/revisions"}],"predecessor-version":[{"id":5369,"href":"https:\/\/www.friedensplattform.at\/index.php?rest_route=\/wp\/v2\/posts\/5365\/revisions\/5369"}],"wp:attachment":[{"href":"https:\/\/www.friedensplattform.at\/index.php?rest_route=%2Fwp%2Fv2%2Fmedia&parent=5365"}],"wp:term":[{"taxonomy":"category","embeddable":true,"href":"https:\/\/www.friedensplattform.at\/index.php?rest_route=%2Fwp%2Fv2%2Fcategories&post=5365"},{"taxonomy":"post_tag","embeddable":true,"href":"https:\/\/www.friedensplattform.at\/index.php?rest_route=%2Fwp%2Fv2%2Ftags&post=5365"}],"curies":[{"name":"wp","href":"https:\/\/api.w.org\/{rel}","templated":true}]}}