{"id":5393,"date":"2019-10-24T17:40:06","date_gmt":"2019-10-24T17:40:06","guid":{"rendered":"http:\/\/www.friedensplattform.at\/?p=5393"},"modified":"2019-12-16T17:45:13","modified_gmt":"2019-12-16T17:45:13","slug":"entschiedenes-internationales-handeln-ist-erforderlich-um-die-israelische-besatzung-zu-beenden-un-rechtexperte","status":"publish","type":"post","link":"https:\/\/www.friedensplattform.at\/?p=5393","title":{"rendered":"Entschiedenes internationales Handeln ist erforderlich, um die israelische Besatzung zu beenden: UN-Rechtexperte"},"content":{"rendered":"<p>Eine\u00a0 kurze Zusammenfassung des Reports des unabh\u00e4ngigen<br \/>\nUN-Menschenrechtsexperten Michael Lynk <!--more--><\/p>\n<p><a href=\"https:\/\/news.un.org\/en\/story\/2019\/10\/1049811?utm_source=UN+News+-+Newsletter&amp;utm_campaign=883223268e-EMAIL_CAMPAIGN_2019_10_23_03_30&amp;utm_medium=email&amp;utm_term=0_fdbf1af606-883223268e-105788597\" target=\"_blank\" rel=\"noreferrer noopener\" data-saferedirecturl=\"https:\/\/www.google.com\/url?q=https:\/\/news.un.org\/en\/story\/2019\/10\/1049811?utm_source%3DUN%2BNews%2B-%2BNewsletter%26utm_campaign%3D883223268e-EMAIL_CAMPAIGN_2019_10_23_03_30%26utm_medium%3Demail%26utm_term%3D0_fdbf1af606-883223268e-105788597&amp;source=gmail&amp;ust=1576603500487000&amp;usg=AFQjCNGM_QW2sbFqZK4kGTl0R12CLtmNyA\">https:\/\/news.un.org\/en\/story\/<wbr \/>2019\/10\/1049811?utm_source=UN+<wbr \/>News+-+Newsletter<br \/>\n&amp;utm_campaign=883223268e-<wbr \/>EMAIL_CAMPAIGN_2019_10_23_03_<wbr \/>30&amp;utm_medium=email&amp;ut<br \/>\nm_term=0_fdbf1af606-<wbr \/>883223268e-105788597<\/a><br \/>\n\u00dcbersetzung:<br \/>\nDie internationale Gemeinschaft hat die Verantwortung und rechtliche<br \/>\nVerpflichtung, Israel zu zwingen, seine 52-j\u00e4hrige &#8222;occu-annexation&#8220; des<br \/>\npal\u00e4stinensischen Territoriums zu beenden und Barrieren zu beseitigen, die<br \/>\ndie pal\u00e4stinensische Selbstbestimmung verhindern, sagte ein unabh\u00e4ngiger<br \/>\nUN-Menschenrechtsexperte am Mittwoch vor der Generalversammlung.<\/p>\n<p>Michael Lynk machte diesen Aufruf in seinem j\u00fcngsten Bericht \u00fcber die Lage<br \/>\nder Menschenrechte in den besetzten pal\u00e4stinensischen Gebieten: dem<br \/>\nWestjordanland, einschlie\u00dflich Ost-Jerusalem, und dem Gazastreifen.<\/p>\n<p>&#8222;Der Status quo der israelischen \u00b4occu-annexation\u00b4 wird ewig w\u00e4hren, wenn es<br \/>\nwegen des grob asymmetrischen Kr\u00e4fteverh\u00e4ltnisses vor Ort nicht zu einer<br \/>\nentschlossenen internationalen Intervention kommt&#8220;, sagte Herr Lynk, ein<br \/>\nSonderberichterstatter, der den UN-Menschenrechtsrat in dieser Frage ber\u00e4t.<\/p>\n<p>&#8222;Rechenschaftspflicht ist der Schl\u00fcssel zur \u00d6ffnung des Titank\u00e4figs, den die<br \/>\ndauerhafte Besatzung darstellt. Die internationale Gemeinschaft hat<br \/>\nunz\u00e4hlige Resolutionen und Erkl\u00e4rungen abgegeben, die die endlose<br \/>\nisraelische Besetzung kritisieren. Die Zeit ist l\u00e4ngst vorbei, um diese<br \/>\nKritik mit wirksamen Konsequenzen zu verbinden.&#8220;<\/p>\n<p>Um dies zu korrigieren, empfahl Herr Lynk der internationalen Gemeinschaft,<br \/>\neine Liste wirksamer Gegenma\u00dfnahmen zu erstellen, die zu den Umst\u00e4nden<br \/>\n&#8222;angemessen und verh\u00e4ltnism\u00e4ssig&#8220; stehen.<\/p>\n<p>In seinem Bericht werden einige moderne Beispiele f\u00fcr die Aus\u00fcbung von Druck<br \/>\ngenannt, wie diplomatische \u00f6ffentliche Erkl\u00e4rungen, Handelssanktionen,<br \/>\nFlugverbote, Reisebeschr\u00e4nkungen sowie die K\u00fcrzung oder Aussetzung von<br \/>\nBeihilfen. &#8222;Sollte Israel unger\u00fchrt bleiben, sollte (die internationale<br \/>\nGemeinschaft) das Spektrum seiner gezielten Gegenma\u00dfnahmen anwenden und<br \/>\neskalieren, bis die Einhaltung erreicht ist&#8220;, sagte er.<\/p>\n<p>Herr Lynk sagte, dass diese Besatzung die l\u00e4ngste des modernen Zeitalters<br \/>\nist. Charakteristisch daf\u00fcr sei, was er als &#8222;ein starkes Gef\u00fchl der<br \/>\nStraffreiheit&#8220;\u00a0 seitens Israels bezeichnete.<\/p>\n<p>&#8222;Diese Besatzung wird nicht an Altersschw\u00e4che sterben&#8220;, sagte er.<\/p>\n<p>&#8222;Pal\u00e4stinenser und Israelis mit Gewissen haben wiederholt verlangt, dass die<br \/>\ninternationale Gemeinschaft entschlossen das V\u00f6lkerrecht einfordert, um<br \/>\nIsrael zu zwingen, die Besetzung zu beenden und die pal\u00e4stinensische<br \/>\nSelbstbestimmung zu erm\u00f6glichen. Wir k\u00f6nnen es uns nicht leisten, ihren<br \/>\nAufruf zu ignorieren.&#8220;<\/p>\n<p>Die Sonderberichterstatter sind Teil der sogenannten Sonderverfahren des<br \/>\nMenschenrechtsrates. Sie arbeiten ehrenamtlich; sie sind keine<br \/>\nUN-Mitarbeiter und erhalten f\u00fcr ihre Arbeit kein Gehalt. Sie sind unabh\u00e4ngig<br \/>\nvon jeder Regierung oder Organisation und arbeiten auf individueller Basis.<\/p>\n<p>\u00dcbersetzt mit <a href=\"http:\/\/www.DeepL.com\/Translator\" target=\"_blank\" rel=\"noreferrer noopener\" data-saferedirecturl=\"https:\/\/www.google.com\/url?q=http:\/\/www.DeepL.com\/Translator&amp;source=gmail&amp;ust=1576603500487000&amp;usg=AFQjCNFEuU15eFLbv8qtU8nDUppDH0dMTw\">www.DeepL.com\/Translator<\/a> &#8211; inklusive Revision<\/p>\n<p>23. Oktober 2019\u00a0 \u00a0 \u00a0Menschenrechte<\/p>\n","protected":false},"excerpt":{"rendered":"<p>Eine\u00a0 kurze Zusammenfassung des Reports des unabh\u00e4ngigen UN-Menschenrechtsexperten Michael Lynk<\/p>\n","protected":false},"author":3,"featured_media":0,"comment_status":"open","ping_status":"open","sticky":false,"template":"","format":"standard","meta":{"footnotes":""},"categories":[69],"tags":[],"class_list":["post-5393","post","type-post","status-publish","format-standard","hentry","category-bds-kampagne"],"_links":{"self":[{"href":"https:\/\/www.friedensplattform.at\/index.php?rest_route=\/wp\/v2\/posts\/5393","targetHints":{"allow":["GET"]}}],"collection":[{"href":"https:\/\/www.friedensplattform.at\/index.php?rest_route=\/wp\/v2\/posts"}],"about":[{"href":"https:\/\/www.friedensplattform.at\/index.php?rest_route=\/wp\/v2\/types\/post"}],"author":[{"embeddable":true,"href":"https:\/\/www.friedensplattform.at\/index.php?rest_route=\/wp\/v2\/users\/3"}],"replies":[{"embeddable":true,"href":"https:\/\/www.friedensplattform.at\/index.php?rest_route=%2Fwp%2Fv2%2Fcomments&post=5393"}],"version-history":[{"count":1,"href":"https:\/\/www.friedensplattform.at\/index.php?rest_route=\/wp\/v2\/posts\/5393\/revisions"}],"predecessor-version":[{"id":5395,"href":"https:\/\/www.friedensplattform.at\/index.php?rest_route=\/wp\/v2\/posts\/5393\/revisions\/5395"}],"wp:attachment":[{"href":"https:\/\/www.friedensplattform.at\/index.php?rest_route=%2Fwp%2Fv2%2Fmedia&parent=5393"}],"wp:term":[{"taxonomy":"category","embeddable":true,"href":"https:\/\/www.friedensplattform.at\/index.php?rest_route=%2Fwp%2Fv2%2Fcategories&post=5393"},{"taxonomy":"post_tag","embeddable":true,"href":"https:\/\/www.friedensplattform.at\/index.php?rest_route=%2Fwp%2Fv2%2Ftags&post=5393"}],"curies":[{"name":"wp","href":"https:\/\/api.w.org\/{rel}","templated":true}]}}