{"id":5409,"date":"2019-10-02T18:04:08","date_gmt":"2019-10-02T18:04:08","guid":{"rendered":"http:\/\/www.friedensplattform.at\/?p=5409"},"modified":"2019-12-16T18:06:02","modified_gmt":"2019-12-16T18:06:02","slug":"offener-brief-suedafrikanischer-juedinnen-und-juden","status":"publish","type":"post","link":"https:\/\/www.friedensplattform.at\/?p=5409","title":{"rendered":"Offener Brief s\u00fcdafrikanischer J\u00fcdinnen* und Juden"},"content":{"rendered":"<p>Sehr geehrte Mitglieder des Universit\u00e4tsvorstands und des Senats der University of Cape Town,<\/p>\n<p>Am 15. M\u00e4rz traf der Senat der Universit\u00e4t von Kapstadt (UCT) einen bahnbrechenden Beschluss, keine, \u00abformelle Beziehungen zu israelischen akademischen Institutionen, die in den besetzten pal\u00e4stinensischen Gebieten t\u00e4tig sind, sowie zu anderen israelischen akademischen Institutionen einzugehen, die schwere Menschenrechtsverletzungen in den besetzten pal\u00e4stinensischen Gebieten erm\u00f6glichen\u00bb.<!--more--><\/p>\n<p>Damit etabliert sich die UCT als Anh\u00e4ngerin des V\u00f6lkerrechts und bekr\u00e4ftigt, dass sie eine Partnerin im Kampf f\u00fcr die Menschenrechte in Israel\/Pal\u00e4stina ist. In den vergangenen sechs Monaten haben die Gegner*innen dieser Resolution aus dem Hintergrund die Angst vor dem Abzug privater Gelder gesch\u00fcrt, um die Institution zu l\u00e4hmen und damit die akademische Freiheit der Senatsmitglieder der UCT zu untergraben. Als s\u00fcdafrikanische Juden und J\u00fcdinnen* wollen wir den UCT-Senat ermutigen, diese Resolution und die akademische Freiheit und Autonomie der Universit\u00e4t zu wahren.<\/p>\n<p>Die Universit\u00e4ten, auf die dieser Beschluss abzielt, sind keine offenen, einladenden, fortschrittlichen Institutionen, welche die akademische Freiheit f\u00f6rdern. Sie sind diskriminierende und feindliche R\u00e4ume f\u00fcr Pal\u00e4stinenser*innen. Diese Universit\u00e4ten sind ebenfalls eng mit den israelischen Milit\u00e4r- und Sicherheitsdiensten verbandelt und unterst\u00fctzen die zunehmende Militarisierung des besetzten Gebiets. Da sich solche Universit\u00e4ten an den Menschen- und V\u00f6lkerrechtsverletzungen Israels beteiligen, glauben wir, dass es die Pflicht der UCT ist, jegliche Beziehung zu diesen Institutionen abzulehnen.<\/p>\n<p>Wie Judith Butler haben viele j\u00fcdische Wissenschaftler*innen in Israel und der Diaspora die pal\u00e4stinensische Forderung nach einem akademischen Boykott aufgegriffen und unterst\u00fctzt. Zu diesen Akademiker*innen gesellen sich schnell wachsende Zahlen von J\u00fcdinnen* und Juden in S\u00fcdafrika und auf der ganzen Welt, die einen akademischen Boykott unterst\u00fctzen, darunter \u00abJewish Voice for Peace\u00bb, eine US-amerikanische Organisation mit fast 100 000 Mitgliedern, die israelische Organisation \u00abBoycott from Within\u00bb sowie j\u00fcdische Organisationen in Europa, Grossbritannien, Kanada, Australien, Brasilien, Argentinien und S\u00fcdafrika.<\/p>\n<p>\u00c4hnlich wie der Boykott von Institutionen w\u00e4hrend der Apartheid in S\u00fcdafrika wird auch im Aufruf zu einem akademischen Boykott und der Resolution des UCT-Senats das Abzielen auf Personen aufgrund ihrer Identit\u00e4t (wie Staatsb\u00fcrgerschaft, Rasse, Geschlecht oder Religion) oder ihrer Meinung grunds\u00e4tzlich abgelehnt. Vielmehr richtet sich die Resolution gegen Institutionen, die unter der offiziellen Leitung des israelischen Staates arbeiten und sich an der Besatzung und damit verbundenen Menschenrechtsverletzungen beteiligen. Es geht um das Handeln der Institutionen und nicht um die Personen, die diese Institutionen vorgeben zu vertreten.<\/p>\n<p>Einige haben argumentiert, dass \u00abwenn die UCT einen akademischen Boykott umsetzen w\u00fcrde, dann w\u00fcrden j\u00fcdische Geber ihre Mittel zur\u00fcckziehen\u00bb. Damit wird nicht nur von den ethischen Anliegen, um die es hier geht, abgelenkt; wir halten dieses Argument an sich f\u00fcr antisemitisch. Seit Jahrhunderten hat die antisemitische Propaganda eine geheime j\u00fcdische Kabale beschuldigt, ihr Verm\u00f6gen zur Manipulation und Kontrolle politischer Institutionen zu nutzen. Mit dieser Trope als Angsttaktik gegen die wichtige Resolution der UCT zu hausieren, ist eine gef\u00e4hrliche Verwendung derselben Symbolik.<\/p>\n<p>F\u00fcr J\u00fcdinnen* und Juden, sowohl weltlicher als auch religi\u00f6ser Traditionen, bekr\u00e4ftigen wir unsere moralische und ethische Pflicht, Israel f\u00fcr seine ungerechte Behandlung der Pal\u00e4stinenser*innen verantwortlich zu machen. Dieses Thema ist f\u00fcr uns von zentraler Bedeutung, denn der Staat Israel behauptet, in unserem Namen zu sprechen. Als s\u00fcdafrikanische J\u00fcdinnen* und Juden k\u00f6nnen wir nicht tatenlos zusehen, wie die israelische Regierung \u00e4hnliche Gr\u00e4ueltaten wie das ehemalige s\u00fcdafrikanische Apartheid-Regime begeht. Wir bekr\u00e4ftigen, dass der akademische Boykott israelischer Universit\u00e4ten, die schwere Menschenrechtsverletzungen erm\u00f6glichen, eine international anerkannte gewaltfreie Strategie ist, um der Besatzung ein Ende zu setzen. Wir fordern den Senat der UCT auf, ihre bedeutsame Resolution aufrechtzuerhalten.<\/p>\n<p>&nbsp;<\/p>\n<p><em>Originalartikel: <a href=\"https:\/\/mg.co.za\/article\/2019-09-13-call-for-justice-south-african-jews-support-the-boycott-of-israeli-universities\" target=\"_blank\" rel=\"noopener\" data-saferedirecturl=\"https:\/\/www.google.com\/url?q=https:\/\/mg.co.za\/article\/2019-09-13-call-for-justice-south-african-jews-support-the-boycott-of-israeli-universities&amp;source=gmail&amp;ust=1576603502199000&amp;usg=AFQjCNHt_BkUfa6vNDbYOt1C4OLEv83g7Q\">https:\/\/mg.co.za\/article\/2019-<wbr \/>09-13-call-for-justice-south-<wbr \/>african-jews-support-the-<wbr \/>boycott-of-israeli-<wbr \/>universities<\/a><\/em><\/p>\n","protected":false},"excerpt":{"rendered":"<p>Sehr geehrte Mitglieder des Universit\u00e4tsvorstands und des Senats der University of Cape Town, Am 15. M\u00e4rz traf der Senat der Universit\u00e4t von Kapstadt (UCT) einen bahnbrechenden Beschluss, keine, \u00abformelle Beziehungen zu israelischen akademischen Institutionen, die in den besetzten pal\u00e4stinensischen Gebieten t\u00e4tig sind, sowie zu anderen israelischen akademischen Institutionen einzugehen, die schwere Menschenrechtsverletzungen in den besetzten &hellip; <a href=\"https:\/\/www.friedensplattform.at\/?p=5409\" class=\"more-link\"><span class=\"screen-reader-text\">Offener Brief s\u00fcdafrikanischer J\u00fcdinnen* und Juden<\/span> weiterlesen <span class=\"meta-nav\">&rarr;<\/span><\/a><\/p>\n","protected":false},"author":3,"featured_media":0,"comment_status":"open","ping_status":"open","sticky":false,"template":"","format":"standard","meta":{"footnotes":""},"categories":[69],"tags":[],"class_list":["post-5409","post","type-post","status-publish","format-standard","hentry","category-bds-kampagne"],"_links":{"self":[{"href":"https:\/\/www.friedensplattform.at\/index.php?rest_route=\/wp\/v2\/posts\/5409","targetHints":{"allow":["GET"]}}],"collection":[{"href":"https:\/\/www.friedensplattform.at\/index.php?rest_route=\/wp\/v2\/posts"}],"about":[{"href":"https:\/\/www.friedensplattform.at\/index.php?rest_route=\/wp\/v2\/types\/post"}],"author":[{"embeddable":true,"href":"https:\/\/www.friedensplattform.at\/index.php?rest_route=\/wp\/v2\/users\/3"}],"replies":[{"embeddable":true,"href":"https:\/\/www.friedensplattform.at\/index.php?rest_route=%2Fwp%2Fv2%2Fcomments&post=5409"}],"version-history":[{"count":1,"href":"https:\/\/www.friedensplattform.at\/index.php?rest_route=\/wp\/v2\/posts\/5409\/revisions"}],"predecessor-version":[{"id":5411,"href":"https:\/\/www.friedensplattform.at\/index.php?rest_route=\/wp\/v2\/posts\/5409\/revisions\/5411"}],"wp:attachment":[{"href":"https:\/\/www.friedensplattform.at\/index.php?rest_route=%2Fwp%2Fv2%2Fmedia&parent=5409"}],"wp:term":[{"taxonomy":"category","embeddable":true,"href":"https:\/\/www.friedensplattform.at\/index.php?rest_route=%2Fwp%2Fv2%2Fcategories&post=5409"},{"taxonomy":"post_tag","embeddable":true,"href":"https:\/\/www.friedensplattform.at\/index.php?rest_route=%2Fwp%2Fv2%2Ftags&post=5409"}],"curies":[{"name":"wp","href":"https:\/\/api.w.org\/{rel}","templated":true}]}}