{"id":5413,"date":"2019-10-03T18:06:08","date_gmt":"2019-10-03T18:06:08","guid":{"rendered":"http:\/\/www.friedensplattform.at\/?p=5413"},"modified":"2019-12-16T18:17:23","modified_gmt":"2019-12-16T18:17:23","slug":"5413","status":"publish","type":"post","link":"https:\/\/www.friedensplattform.at\/?p=5413","title":{"rendered":"Verwaltungsgericht K\u00f6ln: Ausschlu\u00df von Frauenverein wegen BDS aufgehoben"},"content":{"rendered":"<p><span class=\"im\">Das Verwaltungsgericht K\u00f6ln hat in einem\u00a0<\/span>Verfahren gegen die Stadt Bonn zugunsten des Deutsch-Pal\u00e4stinensischen Frauenbundes entschieden. Das Gericht beauftragte die Stadt Bonn, den Frauenverband zum j\u00e4hrlichen &#8222;Vielfalt! &#8211; Bonner Kultur &#8211; und Begegnungsfest&#8220; am 29. September 2019 aufzunehmen. Die Stadt hatte den Verein wegen seiner Unterst\u00fctzung f\u00fcr die BDS-Bewegung f\u00fcr pal\u00e4stinensische Rechte ausgeschlossen.<\/p>\n<div>\n<div dir=\"ltr\"><span class=\"im\">Das Gericht stellte unter anderem klar, dass die von den deutschen Stadtr\u00e4ten und dem Deutschen Bundestag angenommenen Antr\u00e4ge, die die BDS-Bewegung f\u00e4lschlicherweise als antisemitisch bezeichnen, nicht dazu verwendet werden k\u00f6nnen, bestehende Rechte, wie das Recht auf Nichtdiskriminierung und das Recht auf Meinungs- und Meinungsfreiheit, die durch das deutsche Grundgesetz gesch\u00fctzt sind, einzuschr\u00e4nken.<\/span><\/div>\n<div dir=\"ltr\"><\/div>\n<\/div>\n<p><!--more--><\/p>\n<p><a href=\"http:\/\/www.friedensplattform.at\/wp-content\/uploads\/2019\/12\/2019-09-16-ELSC-Press-release-Bonn.pdf\">2019-09-16 ELSC Press release Bonn<\/a><\/p>\n","protected":false},"excerpt":{"rendered":"<p>Das Verwaltungsgericht K\u00f6ln hat in einem\u00a0Verfahren gegen die Stadt Bonn zugunsten des Deutsch-Pal\u00e4stinensischen Frauenbundes entschieden. Das Gericht beauftragte die Stadt Bonn, den Frauenverband zum j\u00e4hrlichen &#8222;Vielfalt! &#8211; Bonner Kultur &#8211; und Begegnungsfest&#8220; am 29. September 2019 aufzunehmen. Die Stadt hatte den Verein wegen seiner Unterst\u00fctzung f\u00fcr die BDS-Bewegung f\u00fcr pal\u00e4stinensische Rechte ausgeschlossen. Das Gericht stellte &hellip; <a href=\"https:\/\/www.friedensplattform.at\/?p=5413\" class=\"more-link\"><span class=\"screen-reader-text\">Verwaltungsgericht K\u00f6ln: Ausschlu\u00df von Frauenverein wegen BDS aufgehoben<\/span> weiterlesen <span class=\"meta-nav\">&rarr;<\/span><\/a><\/p>\n","protected":false},"author":3,"featured_media":0,"comment_status":"open","ping_status":"open","sticky":false,"template":"","format":"standard","meta":{"footnotes":""},"categories":[69],"tags":[],"class_list":["post-5413","post","type-post","status-publish","format-standard","hentry","category-bds-kampagne"],"_links":{"self":[{"href":"https:\/\/www.friedensplattform.at\/index.php?rest_route=\/wp\/v2\/posts\/5413","targetHints":{"allow":["GET"]}}],"collection":[{"href":"https:\/\/www.friedensplattform.at\/index.php?rest_route=\/wp\/v2\/posts"}],"about":[{"href":"https:\/\/www.friedensplattform.at\/index.php?rest_route=\/wp\/v2\/types\/post"}],"author":[{"embeddable":true,"href":"https:\/\/www.friedensplattform.at\/index.php?rest_route=\/wp\/v2\/users\/3"}],"replies":[{"embeddable":true,"href":"https:\/\/www.friedensplattform.at\/index.php?rest_route=%2Fwp%2Fv2%2Fcomments&post=5413"}],"version-history":[{"count":3,"href":"https:\/\/www.friedensplattform.at\/index.php?rest_route=\/wp\/v2\/posts\/5413\/revisions"}],"predecessor-version":[{"id":5421,"href":"https:\/\/www.friedensplattform.at\/index.php?rest_route=\/wp\/v2\/posts\/5413\/revisions\/5421"}],"wp:attachment":[{"href":"https:\/\/www.friedensplattform.at\/index.php?rest_route=%2Fwp%2Fv2%2Fmedia&parent=5413"}],"wp:term":[{"taxonomy":"category","embeddable":true,"href":"https:\/\/www.friedensplattform.at\/index.php?rest_route=%2Fwp%2Fv2%2Fcategories&post=5413"},{"taxonomy":"post_tag","embeddable":true,"href":"https:\/\/www.friedensplattform.at\/index.php?rest_route=%2Fwp%2Fv2%2Ftags&post=5413"}],"curies":[{"name":"wp","href":"https:\/\/api.w.org\/{rel}","templated":true}]}}