{"id":5423,"date":"2017-04-16T18:17:29","date_gmt":"2017-04-16T18:17:29","guid":{"rendered":"http:\/\/www.friedensplattform.at\/?p=5423"},"modified":"2019-12-16T18:23:29","modified_gmt":"2019-12-16T18:23:29","slug":"der-aufruf-der-palaestinensischen-zivilgesellschaft-zu-bds","status":"publish","type":"post","link":"https:\/\/www.friedensplattform.at\/?p=5423","title":{"rendered":"Der Aufruf der pal\u00e4stinensischen Zivilgesellschaft zu BDS"},"content":{"rendered":"<header class=\"entry-header\">\n<h3 class=\"entry-title\"><strong>Die Pal\u00e4stinensische Zivilgesellschaft ruft zu Boykott, Investitionsentzug und Sanktionen gegen Israel auf, bis es internationalem Recht und den universellen Prinzipien der Menschenrechte nachkommt.<\/strong><\/h3>\n<\/header>\n<p><!--more--><\/p>\n<div class=\"entry-content clearfix\">\n<p>9. Juli 2005<\/p>\n<p>Ein Jahr nach dem historischen Gutachten des Internationalen Gerichtshof (<span class=\"caps\">IGH<\/span>), welches den israelischen Mauerbau in den besetzten pal\u00e4stinensischen Gebieten f\u00fcr illegal befunden hatte, setzt Israel den Bau der Mauer, entgegen der Entscheidung des <span class=\"caps\">IGH<\/span>, fort. Achtunddrei\u00dfig Jahre nachdem Israel die Westbank (inklusive Ost-Jerusalem), den Gaza Streifen und die syrischen Golanh\u00f6hen besetzt hat, wird der Ausbau von j\u00fcdischen Siedlungen vorangetrieben. Israel hat einseitig das besetzte Ost-Jerusalem und die Golanh\u00f6hen annektiert, und annektiert nun, durch den Mauerbau, de facto auch gro\u00dfe Teile der Westbank. Israel plant ebenfalls \u2013 im Schatten der Siedlungs- und milit\u00e4rischen Verlagerung aus dem Gaza Streifen \u2013 neue Siedlungen in der Westbank zu bauen und bereits bestehende zu erweitern. Siebenundf\u00fcnfzig Jahre nachdem der Staat Israel gr\u00f6\u00dftenteils auf Land gegr\u00fcndet wurde, das zuvor von seinen pal\u00e4stinensischen BesitzerInnen ethnisch ges\u00e4ubert wurde, sind die meisten dieser Pal\u00e4stinenserInnen Fl\u00fcchtlinge ohne Staatszugeh\u00f6rigkeit. Ferner bleibt die in Israels System verwurzelte rassistische Diskriminierung von seinen eigenen arabisch-pal\u00e4stinensischen Staatsb\u00fcrgerInnen intakt.<\/p>\n<p>Angesichts Israels anhaltender Verst\u00f6\u00dfe gegen internationales Recht; und aufgrund der Tatsache, dass seit 1948 hunderte von UN Resolutionen die koloniale und diskriminierende Politik Israels als illegal verurteilt und sofortige, ad\u00e4quate und effektive Ma\u00dfnahmen gefordert haben; und<\/p>\n<p>Aufgrund der Tatsache, dass s\u00e4mtliche internationale Interventionen und Friedensbestrebungen nicht in der Lage waren, Israel zu \u00fcberzeugen oder zu zwingen, den Konventionen des Humanit\u00e4ren Rechts gen\u00fcge zu leisten, die grundlegenden Menschenrechte anzuerkennen und die Besatzung und Unterdr\u00fcckung der pal\u00e4stinensischen Bev\u00f6lkerung zu beenden; und<\/p>\n<p>In Anbetracht der Tatsache, dass in der Geschichte aufrichtige Menschen in der internationalen Gemeinschaft immer wieder die moralische Pflicht \u00fcbernommen haben, gegen Unterdr\u00fcckung zu k\u00e4mpfen, wie es im Kampf gegen Apartheid in S\u00fcdafrika die verschiedenen Formen von Boykott, Investitionsentzug und Sanktionen gezeigt haben;<\/p>\n<p>Inspiriert vom Kampf der S\u00fcdafrikaner gegen die Apartheid, und im Sinne der internationalen Solidarit\u00e4t, moralischen Standfestigkeit und des Widerstands gegen Ungerechtigkeit und Unterdr\u00fcckung,<\/p>\n<p>Rufen wir, Repr\u00e4sentantInnen der pal\u00e4stinensischen Zivilgesellschaft, internationale Organisationen und alle rechtschaffenen Menschen auf der ganzen Welt dazu auf, weitgreifend Boykott und Investitionsentzug gegen Israel durchzusetzen, \u00e4hnlich der Ma\u00dfnahmen gegen S\u00fcdafrika w\u00e4hrend der Apartheid. Wir appellieren an Sie, Druck auf Ihren jeweiligen Staat auszu\u00fcben, um Embargos und Sanktionen gegen Israel zu erreichen. Wir laden ebenfalls gewissenhafte Israelis dazu ein, diesen Aufruf zu unterst\u00fctzen, der Gerechtigkeit und einem echten Frieden willen.<\/p>\n<p>Diese gewaltlosen Strafma\u00dfnahmen m\u00fcssen solange aufrecht erhalten bleiben, bis Israel seiner Verpflichtung nachkommt, den Pal\u00e4stinenserInnen das unver\u00e4u\u00dferliche Recht der Selbstbestimmung zuzugestehen, und zur G\u00e4nze den Ma\u00dfst\u00e4ben internationalen Rechts entspricht, indem es:<\/p>\n<p>1) Die Besetzung und Kolonisation allen arabischen Landes beendet und die Mauer abrei\u00dft;<\/p>\n<p>2) Das Grundrecht der arabisch-pal\u00e4stinensischen B\u00fcrgerInnen Israels auf v\u00f6llige Gleichheit anerkennt; und<\/p>\n<p>3) Die Rechte der pal\u00e4stinensischen Fl\u00fcchtlinge, in ihre Heimat und zu ihrem Eigentum zur\u00fcckzukehren, wie es in der UN Resolution 194 vereinbart wurde, respektiert, sch\u00fctzt und f\u00f6rdert.<\/p>\n<p><a title=\"Call\" href=\"http:\/\/www.bdsmovement.net\/call#German\" target=\"_blank\" rel=\"noopener noreferrer\">Quelle<\/a><\/p>\n<p><a href=\"http:\/\/bds-kampagne.de\/wp-content\/uploads\/2005\/07\/050709_Internationaler-Aufruf-der-pal\u00e4stinensischen-Zivilgesellschaft-zu-BDS.pdf\">Aufruf <\/a>vom 9. Juli 2005 als pdf-Datei mit den unterzeichnenden Parteien, Verb\u00e4nden, Vereinen, B\u00fcndnissen und Organisationen aus denen sich das pal\u00e4stinensische Volk untrennbar zusammensetzt: die pal\u00e4stinensischen Fl\u00fcchtlinge, die Pal\u00e4stinenserInnen unter israelischer Besatzung und die pal\u00e4stinensischen B\u00fcrgerInnen Israels<\/p>\n<\/div>\n","protected":false},"excerpt":{"rendered":"<p>Die Pal\u00e4stinensische Zivilgesellschaft ruft zu Boykott, Investitionsentzug und Sanktionen gegen Israel auf, bis es internationalem Recht und den universellen Prinzipien der Menschenrechte nachkommt.<\/p>\n","protected":false},"author":3,"featured_media":0,"comment_status":"open","ping_status":"open","sticky":false,"template":"","format":"standard","meta":{"footnotes":""},"categories":[69],"tags":[],"class_list":["post-5423","post","type-post","status-publish","format-standard","hentry","category-bds-kampagne"],"_links":{"self":[{"href":"https:\/\/www.friedensplattform.at\/index.php?rest_route=\/wp\/v2\/posts\/5423","targetHints":{"allow":["GET"]}}],"collection":[{"href":"https:\/\/www.friedensplattform.at\/index.php?rest_route=\/wp\/v2\/posts"}],"about":[{"href":"https:\/\/www.friedensplattform.at\/index.php?rest_route=\/wp\/v2\/types\/post"}],"author":[{"embeddable":true,"href":"https:\/\/www.friedensplattform.at\/index.php?rest_route=\/wp\/v2\/users\/3"}],"replies":[{"embeddable":true,"href":"https:\/\/www.friedensplattform.at\/index.php?rest_route=%2Fwp%2Fv2%2Fcomments&post=5423"}],"version-history":[{"count":1,"href":"https:\/\/www.friedensplattform.at\/index.php?rest_route=\/wp\/v2\/posts\/5423\/revisions"}],"predecessor-version":[{"id":5425,"href":"https:\/\/www.friedensplattform.at\/index.php?rest_route=\/wp\/v2\/posts\/5423\/revisions\/5425"}],"wp:attachment":[{"href":"https:\/\/www.friedensplattform.at\/index.php?rest_route=%2Fwp%2Fv2%2Fmedia&parent=5423"}],"wp:term":[{"taxonomy":"category","embeddable":true,"href":"https:\/\/www.friedensplattform.at\/index.php?rest_route=%2Fwp%2Fv2%2Fcategories&post=5423"},{"taxonomy":"post_tag","embeddable":true,"href":"https:\/\/www.friedensplattform.at\/index.php?rest_route=%2Fwp%2Fv2%2Ftags&post=5423"}],"curies":[{"name":"wp","href":"https:\/\/api.w.org\/{rel}","templated":true}]}}