{"id":5475,"date":"2019-10-26T12:07:11","date_gmt":"2019-10-26T12:07:11","guid":{"rendered":"http:\/\/www.friedensplattform.at\/?p=5475"},"modified":"2019-12-26T12:09:48","modified_gmt":"2019-12-26T12:09:48","slug":"bds-verurteilt-antisemitische-faschistische-kraefte-in-deutschland-und-weltweit","status":"publish","type":"post","link":"https:\/\/www.friedensplattform.at\/?p=5475","title":{"rendered":"BDS verurteilt antisemitische, faschistische Kr\u00e4fte in Deutschland und weltweit"},"content":{"rendered":"<div class=\"featured-image\">Die BDS-Bewegung f\u00fcr die Rechte der Pal\u00e4stinenser*innen verurteilt auf Sch\u00e4rfste die aufstrebenden rassistischen und faschistischen Gruppen in Deutschland und ganz Europa. Unsere gewaltfreie Bewegung <a href=\"http:\/\/bds-kampagne.de\/2017\/03\/07\/rassismus-und-rassendiskriminierung-sind-die-antithese-von-freiheit-gerechtigkeit-und-gleichheit\/\" target=\"_blank\" rel=\"noopener noreferrer\">lehnt<\/a> grunds\u00e4tzlich alle Formen von Rassismus und Rassendiskriminierung, <a href=\"https:\/\/www.youtube.com\/watch?v=B9gvj3SvcDQ\">einschlie\u00dflich Antisemitismus<\/a> und Islamophobie ab.<\/div>\n<p><!--more--><\/p>\n<div><\/div>\n<div class=\"article-content clearfix\">\n<div class=\"above-entry-meta\"><span class=\"cat-links\"><a href=\"http:\/\/bds-kampagne.de\/category\/bnc-erklaerungen\/\" rel=\"category tag\">BNC Erkl\u00e4rungen<\/a>\u00a0<\/span><\/div>\n<header class=\"entry-header\">\n<h1 class=\"entry-title\">BDS verurteilt antisemitische, faschistische Kr\u00e4fte in Deutschland und weltweit<\/h1>\n<\/header>\n<div class=\"below-entry-meta\"><span class=\"posted-on\"><a title=\"18:34\" href=\"http:\/\/bds-kampagne.de\/2019\/08\/15\/bds-verurteilt-antisemitische-faschistische-kraefte-in-deutschland-und-weltweit\/\" rel=\"bookmark\"><i class=\"fa fa-calendar-o\"><\/i> <time class=\"entry-date published\" datetime=\"2019-08-15T18:34:30+02:00\">15. August 2019<\/time><\/a><\/span> <i class=\"fa fa-user\"><\/i><\/div>\n<div class=\"entry-content clearfix\">\n<div id=\"fb-root\"><\/div>\n<p>Die BDS-Bewegung f\u00fcr die Rechte der Pal\u00e4stinenser*innen verurteilt auf Sch\u00e4rfste die aufstrebenden rassistischen und faschistischen Gruppen in Deutschland und ganz Europa. Unsere gewaltfreie Bewegung <a href=\"http:\/\/bds-kampagne.de\/2017\/03\/07\/rassismus-und-rassendiskriminierung-sind-die-antithese-von-freiheit-gerechtigkeit-und-gleichheit\/\" target=\"_blank\" rel=\"noopener noreferrer\">lehnt<\/a> grunds\u00e4tzlich alle Formen von Rassismus und Rassendiskriminierung, <a href=\"https:\/\/www.youtube.com\/watch?v=B9gvj3SvcDQ\">einschlie\u00dflich Antisemitismus<\/a> und Islamophobie ab.<\/p>\n<p>Die <a href=\"https:\/\/www.globescan.com\/images\/images\/pressreleases\/bbc2017_country_ratings\/BBC2017_Country_Ratings_Poll.pdf\">Popularit\u00e4t<\/a> der israelischen Regierung nimmt aufgrund ihrer offensichtlichen Allianzen <a href=\"https:\/\/theintercept.com\/2016\/11\/30\/growing-far-right-nationalistic-movements-are-dangerously-anti-muslim-and-pro-israel\/\">mit der globalen extremen Rechten<\/a>, einschlie\u00dflich fremdenfeindlicher und <a href=\"https:\/\/www.haaretz.com\/opinion\/editorial\/1.801073\">antisemitischer Gruppen<\/a> in den <a href=\"http:\/\/www.haaretz.com\/world-news\/.premium-1.746262\">Vereinigten Staaten<\/a> und <a href=\"http:\/\/forward.com\/news\/world\/360436\/european-jews-alarmed-by-israeli-outreach-to-anti-semitic-far-right\/\">Europa<\/a>, stark ab. In einem verzweifelten Versuch, diesem Trend entgegenzuwirken, setzen sich Israel und seine Lobbygruppen verzweifelt f\u00fcr eine betr\u00fcgerische Definition von Antisemitismus ein, die den friedlichen Kampf um die Rechte der Pal\u00e4stinenser*innen, einschlie\u00dflich BDS, untergr\u00e4bt.<\/p>\n<p><a href=\"https:\/\/jewishvoiceforpeace.org\/first-ever-40-jewish-groups-worldwide-oppose-equating-antisemitism-with-criticism-of-israel\/\">Dutzende fortschrittlicher j\u00fcdischer Gruppen<\/a> weltweit haben dieses unerbittliche, von der israelischen Regierung gef\u00fchrte Bem\u00fchen, den antij\u00fcdischen Rassismus neu zu definieren, verurteilt, weil damit bewusst \u201clegitime Kritik an Israel und die Verteidigung der pal\u00e4stinensischen Rechte mit Antisemitismus gleichsetzt wird, um sie zu unterdr\u00fccken\u201d. In ihrer Aussage steht:<\/p>\n<blockquote class=\"wp-block-quote\">\n<p class=\"rteindent1\">Diese Gleichsetzung untergr\u00e4bt sowohl den pal\u00e4stinensischen Kampf f\u00fcr Freiheit, Gerechtigkeit und Gleichheit als auch den globalen Kampf gegen Antisemitismus. Sie dient auch dazu, Israel davor zu sch\u00fctzen, im Hinblick auf universelle Standards der Menschenrechte und des V\u00f6lkerrechts zur Rechenschaft gezogen zu werden.<\/p>\n<\/blockquote>\n<p>Die BDS-Bewegung lehnt vermeintliche \u201cUnterst\u00fctzung\u201d von Antisemit*innen und Rassist*innen aller Couleur ab. Ihre Fanatismus und ihr Hass sind unvereinbar mit unseren fortschrittlichen Werten und stehen im Gegensatz zur Vision unserer Bewegung f\u00fcr Freiheit, Gerechtigkeit und Gleichheit f\u00fcr alle.<\/p>\n<p>Unsere Bewegung ist inspiriert von den globalen K\u00e4mpfen f\u00fcr Gerechtigkeit, insbesondere dem s\u00fcdafrikanischen Anti-Apartheidskampf und der US-B\u00fcrgerrechtsbewegung. Wie die Aktivist*innen in diesen Bewegungen wissen wir, dass unsere Freiheit unvollst\u00e4ndig ist, w\u00e4hrend andere nicht frei sind.<\/p>\n<p>Die BDS-Bewegung arbeitet Hand in Hand mit antirassistischen Bewegungen weltweit in unserem Kampf f\u00fcr die von den Vereinten Nationen festgelegten Rechte des pal\u00e4stinensischen Volkes \u2013 ein Ende der Besatzung und Apartheid und das Recht der pal\u00e4stinensischen Fl\u00fcchtlinge auf R\u00fcckkehr in ihre Heimat.<\/p>\n<blockquote class=\"wp-block-quote\"><p>Gem\u00e4\u00df der <a href=\"http:\/\/www.ohchr.org\/EN\/ProfessionalInterest\/Pages\/CERD.aspx\">UN-Definition von Rassendiskriminierung<\/a> toleriert die BDS-Bewegung keinerlei Handlung oder Diskurs, die, unter anderem, Rassismus gegen Schwarze, antiarabischen Rassismus, Islamophobie, Antisemitismus, Sexismus, Fremdenfeindlichkeit oder Homophobie annimmt oder f\u00f6rdert.<\/p>\n<p>Wir verurteilen nachdr\u00fccklich Apartheid, V\u00f6lkermord, Sklaverei, koloniale Ausbeutung und ethnische S\u00e4uberung, die auf Rassismus und ethnischer Vorherrschaft beruhen \u00a0und Verbrechen gegen die Menschlichkeit sind. Wir fordern das Recht ihrer Opfer, einschlie\u00dflich der Nachkommen, auf volle Wiedergutmachung. Wir verurteilen und stehen ebenso solidarisch mit den Opfern anderer Menschenrechtsverletzungen, einschlie\u00dflich Menschenhandel, Ausbeutung von Arbeitnehmern und sexueller Ausbeutung.<\/p><\/blockquote>\n<p>Der Kampf um die Rechte der Pal\u00e4stinenser*innen, auch durch BDS, ist intersektional. Wir treten in die Fu\u00dfstapfen pal\u00e4stinensischer Feministinnen, die darauf bestanden haben, dass der Kampf f\u00fcr soziale Rechte und Frauenrechte und f\u00fcr die Emanzipation ein wesentlicher Bestandteil des pal\u00e4stinensischen Befreiungskampfes ist.<\/p>\n<p>Pal\u00e4stinenser*innen sind seit 71 Jahren der Kolonialisierung und Apartheid ausgesetzt. Wir wissen genau, dass unser Kampf untrennbar mit dem von Gefl\u00fcchteten, Migrant*innen, Schwarzen, Muslimen, indigenen Nationen und LGBTQI-Gemeinschaften auf der ganzen Welt verbunden ist. Die Bewegung f\u00fcr Klimagerechtigkeit ist ein wesentlicher Bestandteil all unserer K\u00e4mpfe. Wir kennen dies aus erster Hand, da Israels System von Apartheid, Besatzung und Siedlerkolonialismus die pal\u00e4stinensischen nat\u00fcrlichen Ressourcen zerst\u00f6rt und uns Zugang zu ihnen, insbesondere zu Wasserressourcen, verhindert hat.<\/p>\n<p>Wie Angela Davis sagt, ist Gerechtigkeit unteilbar.<\/p>\n<p><span class=\"tadv-format-panel _5yl5\">Die BDS-Bewegung wird sich weiterhin gegen alle Formen von Rassismus und Diskriminierung wenden, Seite an Seite mit Bewegungen f\u00fcr ethnische, wirtschaftliche und \u00f6kologische Gerechtigkeit auf der ganzen Welt.<\/span><\/p>\n<p>Original: <a href=\"https:\/\/bdsmovement.net\/news\/bds-condemns-antisemitic-fascist-forces-germany-and-worldwide\">BDS condemns antisemitic, fascist forces in Germany and worldwide <\/a><\/p>\n<p>\u00dcbersetzung Redaktion BDS-Kampagne.de<\/p>\n<\/div>\n<\/div>\n","protected":false},"excerpt":{"rendered":"<p>Die BDS-Bewegung f\u00fcr die Rechte der Pal\u00e4stinenser*innen verurteilt auf Sch\u00e4rfste die aufstrebenden rassistischen und faschistischen Gruppen in Deutschland und ganz Europa. Unsere gewaltfreie Bewegung lehnt grunds\u00e4tzlich alle Formen von Rassismus und Rassendiskriminierung, einschlie\u00dflich Antisemitismus und Islamophobie ab.<\/p>\n","protected":false},"author":3,"featured_media":0,"comment_status":"open","ping_status":"open","sticky":false,"template":"","format":"standard","meta":{"footnotes":""},"categories":[4,69,51],"tags":[],"class_list":["post-5475","post","type-post","status-publish","format-standard","hentry","category-antirassismus","category-bds-kampagne","category-palfem"],"_links":{"self":[{"href":"https:\/\/www.friedensplattform.at\/index.php?rest_route=\/wp\/v2\/posts\/5475","targetHints":{"allow":["GET"]}}],"collection":[{"href":"https:\/\/www.friedensplattform.at\/index.php?rest_route=\/wp\/v2\/posts"}],"about":[{"href":"https:\/\/www.friedensplattform.at\/index.php?rest_route=\/wp\/v2\/types\/post"}],"author":[{"embeddable":true,"href":"https:\/\/www.friedensplattform.at\/index.php?rest_route=\/wp\/v2\/users\/3"}],"replies":[{"embeddable":true,"href":"https:\/\/www.friedensplattform.at\/index.php?rest_route=%2Fwp%2Fv2%2Fcomments&post=5475"}],"version-history":[{"count":1,"href":"https:\/\/www.friedensplattform.at\/index.php?rest_route=\/wp\/v2\/posts\/5475\/revisions"}],"predecessor-version":[{"id":5477,"href":"https:\/\/www.friedensplattform.at\/index.php?rest_route=\/wp\/v2\/posts\/5475\/revisions\/5477"}],"wp:attachment":[{"href":"https:\/\/www.friedensplattform.at\/index.php?rest_route=%2Fwp%2Fv2%2Fmedia&parent=5475"}],"wp:term":[{"taxonomy":"category","embeddable":true,"href":"https:\/\/www.friedensplattform.at\/index.php?rest_route=%2Fwp%2Fv2%2Fcategories&post=5475"},{"taxonomy":"post_tag","embeddable":true,"href":"https:\/\/www.friedensplattform.at\/index.php?rest_route=%2Fwp%2Fv2%2Ftags&post=5475"}],"curies":[{"name":"wp","href":"https:\/\/api.w.org\/{rel}","templated":true}]}}