{"id":5493,"date":"2020-01-12T15:42:57","date_gmt":"2020-01-12T15:42:57","guid":{"rendered":"http:\/\/www.friedensplattform.at\/?p=5493"},"modified":"2020-01-12T16:22:12","modified_gmt":"2020-01-12T16:22:12","slug":"va-mit-christine-hoedl-ueber-ihre-friedenseinsaetze-in-palaestina","status":"publish","type":"post","link":"https:\/\/www.friedensplattform.at\/?p=5493","title":{"rendered":"Pal\u00e4stina und Israel- (Un)heiliges Land?"},"content":{"rendered":"<h3 style=\"text-align: left;\"><a href=\"http:\/\/www.friedensplattform.at\/wp-content\/uploads\/2020\/01\/Screenshot_2020-01-12-Flyer-Vortrag-H\u00f6dl_Weltladen-Graz-pdf.png\"><img loading=\"lazy\" decoding=\"async\" class=\"size-medium wp-image-5501 alignleft\" src=\"http:\/\/www.friedensplattform.at\/wp-content\/uploads\/2020\/01\/Screenshot_2020-01-12-Flyer-Vortrag-H\u00f6dl_Weltladen-Graz-pdf-300x174.png\" alt=\"\" width=\"300\" height=\"174\" srcset=\"https:\/\/www.friedensplattform.at\/wp-content\/uploads\/2020\/01\/Screenshot_2020-01-12-Flyer-Vortrag-H\u00f6dl_Weltladen-Graz-pdf-300x174.png 300w, https:\/\/www.friedensplattform.at\/wp-content\/uploads\/2020\/01\/Screenshot_2020-01-12-Flyer-Vortrag-H\u00f6dl_Weltladen-Graz-pdf.png 427w\" sizes=\"auto, (max-width: 300px) 100vw, 300px\" \/><\/a>VA mit Christine H\u00f6dl \u00fcber Ihre Friedenseins\u00e4tze in Pal\u00e4stina<\/h3>\n<h3>Mittwoch, 22. J\u00e4nner, 19:00 im Weltladen Graz, Reitschulgasse 14<\/h3>\n<p><a href=\"http:\/\/www.friedensplattform.at\/wp-content\/uploads\/2020\/01\/Flyer-Vortrag-H\u00f6dl_Weltladen-Graz.pdf\">Flyer Vortrag H\u00f6dl_Weltladen Graz<\/a><\/p>\n","protected":false},"excerpt":{"rendered":"<p>VA mit Christine H\u00f6dl \u00fcber Ihre Friedenseins\u00e4tze in Pal\u00e4stina Mittwoch, 22. J\u00e4nner, 19:00 im Weltladen Graz, Reitschulgasse 14 Flyer Vortrag H\u00f6dl_Weltladen Graz<\/p>\n","protected":false},"author":2,"featured_media":0,"comment_status":"open","ping_status":"open","sticky":false,"template":"","format":"standard","meta":{"footnotes":""},"categories":[1],"tags":[],"class_list":["post-5493","post","type-post","status-publish","format-standard","hentry","category-allgemein"],"_links":{"self":[{"href":"https:\/\/www.friedensplattform.at\/index.php?rest_route=\/wp\/v2\/posts\/5493","targetHints":{"allow":["GET"]}}],"collection":[{"href":"https:\/\/www.friedensplattform.at\/index.php?rest_route=\/wp\/v2\/posts"}],"about":[{"href":"https:\/\/www.friedensplattform.at\/index.php?rest_route=\/wp\/v2\/types\/post"}],"author":[{"embeddable":true,"href":"https:\/\/www.friedensplattform.at\/index.php?rest_route=\/wp\/v2\/users\/2"}],"replies":[{"embeddable":true,"href":"https:\/\/www.friedensplattform.at\/index.php?rest_route=%2Fwp%2Fv2%2Fcomments&post=5493"}],"version-history":[{"count":4,"href":"https:\/\/www.friedensplattform.at\/index.php?rest_route=\/wp\/v2\/posts\/5493\/revisions"}],"predecessor-version":[{"id":5505,"href":"https:\/\/www.friedensplattform.at\/index.php?rest_route=\/wp\/v2\/posts\/5493\/revisions\/5505"}],"wp:attachment":[{"href":"https:\/\/www.friedensplattform.at\/index.php?rest_route=%2Fwp%2Fv2%2Fmedia&parent=5493"}],"wp:term":[{"taxonomy":"category","embeddable":true,"href":"https:\/\/www.friedensplattform.at\/index.php?rest_route=%2Fwp%2Fv2%2Fcategories&post=5493"},{"taxonomy":"post_tag","embeddable":true,"href":"https:\/\/www.friedensplattform.at\/index.php?rest_route=%2Fwp%2Fv2%2Ftags&post=5493"}],"curies":[{"name":"wp","href":"https:\/\/api.w.org\/{rel}","templated":true}]}}