{"id":5529,"date":"2020-02-02T18:31:34","date_gmt":"2020-02-02T18:31:34","guid":{"rendered":"http:\/\/www.friedensplattform.at\/?p=5529"},"modified":"2020-02-02T18:31:34","modified_gmt":"2020-02-02T18:31:34","slug":"werden-wir-von-terroristenmachern-regiert","status":"publish","type":"post","link":"https:\/\/www.friedensplattform.at\/?p=5529","title":{"rendered":"Werden wir von Terroristenmachern regiert?"},"content":{"rendered":"<p><span style=\"font-size: small;\"><strong><span style=\"font-family: Arial;\">Wut ist ein Geschenk! (Mahatma Gandhi)<\/span><\/strong><\/span><b><span style=\"font-family: Arial; font-size: small;\"><br \/>\n<\/span><\/b><\/p>\n<p>Kommentar eines Friedensaktivisten zur Unterwerfung der \u00f6sterr. Regierung unter das Trump-Diktat gegen Pal\u00e4stina<\/p>\n<p><!--more--><\/p>\n<p><span style=\"font-family: Arial; font-size: small;\">Mehr brauchst nicht: <a href=\"https:\/\/orf.at\/stories\/3152499\/\" target=\"_blank\" rel=\"noopener\" data-saferedirecturl=\"https:\/\/www.google.com\/url?q=https:\/\/orf.at\/stories\/3152499\/&amp;source=gmail&amp;ust=1580749287720000&amp;usg=AFQjCNEzubCdKqk3ykFMs7Ac6kPopouWvA\">https:\/\/orf.at\/stories\/<wbr \/>3152499\/<\/a><\/span><\/p>\n<p><span style=\"font-family: Arial; font-size: small;\">BK Kurz und Au\u00dfenminister Schallenberg begr\u00fc\u00dfen das in jeder Hinsicht v\u00f6lkerrechtswidrige &#8222;Trump-Netanjahu-<wbr \/>Unfriedensdiktat&#8220;, das in Pal\u00e4stina zu einer neuen Runde von blutigen Zusammenst\u00f6\u00dfen f\u00fchren, den Konflikt zwischen Mittelmeer und Jordan auf unabsehbare Zeit verl\u00e4ngern und den &#8222;Kampf der Kulturen&#8220; (Samuel P. Huntington) samt terroristischen Begleiterscheinungen weiter anheizen wird.<br \/>\n<\/span><\/p>\n<p><span style=\"font-family: Arial; font-size: small;\">Zur Erinnerung: Bei der Staatsgr\u00fcndung 1948 lebten ca. 1,2 Mio Pal\u00e4stinenserInnen und ca. 600.000 Juden im Land. Als die UN am 30. Nov. 1947 das Land geteilt hat, bekam das kleinere Bev\u00f6lkerungsdrittel ca. 55,5 % des Landes zugesprochen, die 2\/3tel-Mehrheit 43,5 Prozent, Jerusalem (gut 1 %) wurde <\/span><span style=\"font-family: Arial; font-size: small;\">als &#8222;corpus separatum&#8220; ausgewiesen, es h\u00e4tte sp\u00e4ter zur gemeinsamen Hauptstadt beider Staaten werden k\u00f6nnen<\/span><span style=\"font-family: Arial; font-size: small;\">. Im 1. Arabisch-Israelischen Krieg\u00a0 1948\/49 eroberte Israel begleitet von Massakern, Vertreibung und Flucht von ca. 750.000 Pal\u00e4stinenserInnen und der Zerst\u00f6rung von mind. 450 arabischen D\u00f6rfern, weitere 22 % des Landes dazu und stellte mit Hilfe der Gro\u00dfm\u00e4chte auf diplomatischem Weg sicher, dass die Weltgemeinschaft diese Kriegbeute als v\u00f6lkerrechtlich legitimen Besitz Israels anerkannte (&#8222;Gr\u00fcne Linie&#8220;).\u00a0 Die f\u00fcr Pal\u00e4stina verbliebenen 22 % eroberte Israel dann in seinem Angriffskrieg vom Juni 1967 um sie einer harten Milit\u00e4rbesatzung zu unterwerfen und sie mit seiner Siedlungspolitik zu durchl\u00f6chern wie einen Schweizer K\u00e4se. Mit der Annexion Ostjerusalems (1980) und dem Bau der Trennungsmauer wurden (ab 2002)\u00a0 weitere Prozente weggezwickt.<br \/>\n<\/span><\/p>\n<p><span style=\"font-family: Arial; font-size: small;\">Und jetzt diese <\/span><span style=\"font-family: Arial; font-size: small;\">weitere Zumutung duch die brutale darwinistisch-<wbr \/>maciavellistische Machtpolitik der beiden V\u00f6lkerrechtszerst\u00f6rer.<\/span><span style=\"font-size: small;\"> Das Territorium f\u00fcr den 1947 von der UNO versprochenen Pal\u00e4stinensischen Staat wird noch einmal stark\u00a0 verkleinert. Was da <\/span><span style=\"font-size: small;\">von dieser Herrenmenschen-Politik<\/span><span style=\"font-size: small;\"> als &#8222;Pal\u00e4stina&#8220; angeboten wird, &#8222;Staat&#8220; zu nennen, ist freilich ein verlogener Witz. Es ist eine Ansammlung von unzusammenh\u00e4ngenden Bantustans, eine machtlose Kleinkolonie von Israels Gnaden. Mit den beiden vorgesehenen W\u00fcsten-Enklaven an der Grenze zu \u00c4gypten werden R\u00e4ume bereitgestell, um je nach Bedarf der Zionisten weitere Teile der Araber Pal\u00e4stinas dorthin zwangsumsiedeln zu k\u00f6nnen.<\/span><span style=\"font-family: Arial; font-size: small;\"> Ben Gurions 1938 formuliertes Ziel &#8222;Es geht nicht um einen j\u00fcdischen Staat in Pal\u00e4stina, sondern um Pal\u00e4stina als j\u00fcdischen Staat!&#8220; w\u00e4re erreicht.<\/span><\/p>\n<p><span style=\"font-family: Arial; font-size: small;\">Was glaubt man eigentlich den pal\u00e4stinensischen Volk und jenen Menschen weltweit, die an das V\u00f6lkerrecht und die Menschenrechte glauben, noch alles zumuten zu k\u00f6nnen?<\/span><\/p>\n<p><span style=\"font-family: Arial; font-size: small;\">Und &#8211; fast noch unglaublicher &#8211; Kurz und Schallenberg appellieren an die Pal\u00e4stinenser sich unter Verhandlungsf\u00fchrung der USA auf Friedens-Verhandlungen einzulassen. Werden wir von gewissenlos-zynischen S\u00e4nftentr\u00e4gern der \u00dcberm\u00e4chtigen regiert? Dieses Bauchfleck vor dem Hegemon und seinem israelischen Adlatus ist <\/span><span style=\"font-family: Arial; font-size: small;\">historisch ignorant, realpolitisch dumm, <\/span><span style=\"font-family: Arial; font-size: small;\">ethisch w\u00fcrdelos und geht in typisch europ\u00e4isch-<wbr \/>neokolonialistischer Denkungsart davon aus, dass es sich beim Pal\u00e4stinesischen Volk um eine Ansammlung von Grenzdebilen handelt.<br \/>\n<\/span><\/p>\n<p><span style=\"font-family: Arial; font-size: small;\">Und die Gr\u00fcnen kriechen feig unter den Teppich und melden sich gleich gar nicht zu Wort. Gab es da nicht einmal etliche kluge gr\u00fcne K\u00f6pfe, die aus der Friedensbewegung und der Entwicklungspolitischen Bewegung kamen und die mit einer mehr als <\/span><span style=\"font-family: Arial; font-size: small;\">kleingeistig<\/span><span style=\"font-family: Arial; font-size: small;\">-eurozentrisch beengten Weltanschauung ausgestattet zu realpolitisch brauchbaren kritischen Analysen f\u00e4hig waren?<br \/>\n<\/span><\/p>\n<p><span style=\"font-family: Arial; font-size: medium;\"><span style=\"font-size: small;\">Eine Zumutung sich von diesen politisch kurzsichtigen t\u00fcrkis-gr\u00fcnen Flachgeistern regieren zu lassen!\u00a0<\/span> <\/span><\/p>\n","protected":false},"excerpt":{"rendered":"<p>Wut ist ein Geschenk! (Mahatma Gandhi) Kommentar eines Friedensaktivisten zur Unterwerfung der \u00f6sterr. Regierung unter das Trump-Diktat gegen Pal\u00e4stina<\/p>\n","protected":false},"author":3,"featured_media":0,"comment_status":"open","ping_status":"open","sticky":false,"template":"","format":"standard","meta":{"footnotes":""},"categories":[18],"tags":[],"class_list":["post-5529","post","type-post","status-publish","format-standard","hentry","category-palaestina-solidaritaet"],"_links":{"self":[{"href":"https:\/\/www.friedensplattform.at\/index.php?rest_route=\/wp\/v2\/posts\/5529","targetHints":{"allow":["GET"]}}],"collection":[{"href":"https:\/\/www.friedensplattform.at\/index.php?rest_route=\/wp\/v2\/posts"}],"about":[{"href":"https:\/\/www.friedensplattform.at\/index.php?rest_route=\/wp\/v2\/types\/post"}],"author":[{"embeddable":true,"href":"https:\/\/www.friedensplattform.at\/index.php?rest_route=\/wp\/v2\/users\/3"}],"replies":[{"embeddable":true,"href":"https:\/\/www.friedensplattform.at\/index.php?rest_route=%2Fwp%2Fv2%2Fcomments&post=5529"}],"version-history":[{"count":1,"href":"https:\/\/www.friedensplattform.at\/index.php?rest_route=\/wp\/v2\/posts\/5529\/revisions"}],"predecessor-version":[{"id":5531,"href":"https:\/\/www.friedensplattform.at\/index.php?rest_route=\/wp\/v2\/posts\/5529\/revisions\/5531"}],"wp:attachment":[{"href":"https:\/\/www.friedensplattform.at\/index.php?rest_route=%2Fwp%2Fv2%2Fmedia&parent=5529"}],"wp:term":[{"taxonomy":"category","embeddable":true,"href":"https:\/\/www.friedensplattform.at\/index.php?rest_route=%2Fwp%2Fv2%2Fcategories&post=5529"},{"taxonomy":"post_tag","embeddable":true,"href":"https:\/\/www.friedensplattform.at\/index.php?rest_route=%2Fwp%2Fv2%2Ftags&post=5529"}],"curies":[{"name":"wp","href":"https:\/\/api.w.org\/{rel}","templated":true}]}}