{"id":5549,"date":"2020-02-14T20:20:54","date_gmt":"2020-02-14T20:20:54","guid":{"rendered":"http:\/\/www.friedensplattform.at\/?p=5549"},"modified":"2020-02-14T20:20:54","modified_gmt":"2020-02-14T20:20:54","slug":"benny-gantz-sein-neuer-berater-und-das-blut-an-ihren-haenden","status":"publish","type":"post","link":"https:\/\/www.friedensplattform.at\/?p=5549","title":{"rendered":"Benny Gantz, sein neuer Berater und das Blut an ihren H\u00e4nden"},"content":{"rendered":"<p>Opinion\u00a0 &#8211; Gideon Levy &#8211; Haaretz &#8211; 2. Februar 2020<\/p>\n<p>Der Flug nach Washington mit dem Anschluss in Z\u00fcrich \u00fcberraschte die Menschen. Kahol Lavan-F\u00fchrer Benny Gantz als ganz normaler Typ. Die Tatsache, dass sein neuer Berater f\u00fcr diplomatische Fragen, Amir Eshel, mitkam, machte gro\u00dfen Eindruck; ehemalige Luftwaffenchefs sind fast immer sehr beeindruckend.<\/p>\n<p><!--more--><\/p>\n<p>Original:<\/p>\n<p><a href=\"https:\/\/www.haaretz.com\/opinion\/.premium-benny-gantz-his-new-adviser-and-the-blood-on-their-hands-1.8476327?utm_term=20200202-01%3A55&amp;utm_campaign=Gideon+Levy&amp;utm_medium=email&amp;writerAlerts=true&amp;utm_source=smartfocus&amp;utm_content=www.haaretz.com%2Fopinion%2F.premium--1.8476327\">https:\/\/www.haaretz.com\/opinion\/.premium-benny-gantz-his-new-adviser-and-the-blood-on-their-hands-1.8476327?utm_term=20200202-01%3A55&amp;utm_campaign=Gideon+Levy&amp;utm_medium=email&amp;writerAlerts=true&amp;utm_source=smartfocus&amp;utm_content=www.haaretz.com%2Fopinion%2F.premium&#8211;1.8476327<\/a><\/p>\n<p><a href=\"http:\/\/www.friedensplattform.at\/wp-content\/uploads\/2020\/02\/Gideon-Levy-02022020_fortsetzung.pdf\">Gideon Levy 02022020_fortsetzung<\/a><\/p>\n<p>&nbsp;<\/p>\n","protected":false},"excerpt":{"rendered":"<p>Opinion\u00a0 &#8211; Gideon Levy &#8211; Haaretz &#8211; 2. Februar 2020 Der Flug nach Washington mit dem Anschluss in Z\u00fcrich \u00fcberraschte die Menschen. Kahol Lavan-F\u00fchrer Benny Gantz als ganz normaler Typ. Die Tatsache, dass sein neuer Berater f\u00fcr diplomatische Fragen, Amir Eshel, mitkam, machte gro\u00dfen Eindruck; ehemalige Luftwaffenchefs sind fast immer sehr beeindruckend.<\/p>\n","protected":false},"author":5,"featured_media":0,"comment_status":"open","ping_status":"open","sticky":false,"template":"","format":"standard","meta":{"footnotes":""},"categories":[17,18],"tags":[],"class_list":["post-5549","post","type-post","status-publish","format-standard","hentry","category-meinung","category-palaestina-solidaritaet"],"_links":{"self":[{"href":"https:\/\/www.friedensplattform.at\/index.php?rest_route=\/wp\/v2\/posts\/5549","targetHints":{"allow":["GET"]}}],"collection":[{"href":"https:\/\/www.friedensplattform.at\/index.php?rest_route=\/wp\/v2\/posts"}],"about":[{"href":"https:\/\/www.friedensplattform.at\/index.php?rest_route=\/wp\/v2\/types\/post"}],"author":[{"embeddable":true,"href":"https:\/\/www.friedensplattform.at\/index.php?rest_route=\/wp\/v2\/users\/5"}],"replies":[{"embeddable":true,"href":"https:\/\/www.friedensplattform.at\/index.php?rest_route=%2Fwp%2Fv2%2Fcomments&post=5549"}],"version-history":[{"count":3,"href":"https:\/\/www.friedensplattform.at\/index.php?rest_route=\/wp\/v2\/posts\/5549\/revisions"}],"predecessor-version":[{"id":5559,"href":"https:\/\/www.friedensplattform.at\/index.php?rest_route=\/wp\/v2\/posts\/5549\/revisions\/5559"}],"wp:attachment":[{"href":"https:\/\/www.friedensplattform.at\/index.php?rest_route=%2Fwp%2Fv2%2Fmedia&parent=5549"}],"wp:term":[{"taxonomy":"category","embeddable":true,"href":"https:\/\/www.friedensplattform.at\/index.php?rest_route=%2Fwp%2Fv2%2Fcategories&post=5549"},{"taxonomy":"post_tag","embeddable":true,"href":"https:\/\/www.friedensplattform.at\/index.php?rest_route=%2Fwp%2Fv2%2Ftags&post=5549"}],"curies":[{"name":"wp","href":"https:\/\/api.w.org\/{rel}","templated":true}]}}