{"id":5565,"date":"2020-02-14T20:59:06","date_gmt":"2020-02-14T20:59:06","guid":{"rendered":"http:\/\/www.friedensplattform.at\/?p=5565"},"modified":"2020-03-16T18:08:50","modified_gmt":"2020-03-16T18:08:50","slug":"europas-kotau-vor-der-israelischen-apartheid","status":"publish","type":"post","link":"https:\/\/www.friedensplattform.at\/?p=5565","title":{"rendered":"Europas Kotau  vor der israelischen Apartheid"},"content":{"rendered":"<p>Europa hat sich selbst in ein ziemliches Chaos gebracht &#8211; und der neue Chef der EU-Au\u00dfenpolitik wurde unter den Bus geworfen. Josep Borrell wagte es nur, Israel vor der Annexion von Territorium zu warnen, und sofort \u00f6ffneten sich die Tore der H\u00f6lle. Der Sprecher des israelischen Au\u00dfenministeriums sagte, der Minister habe &#8222;nur wenige Stunden nach den Treffen im Iran&#8220; gesprochen, als sei das ein Zeichen daf\u00fcr, dass der Minister ein iranischer Agent sei. Und dann gab der Sprecher die Mutter aller Warnungen an Europa heraus: &#8222;Die Wahl dieses Verhaltens ist der beste Weg, um sicherzustellen, dass die Rolle der EU in jedem diplomatischen Prozess minimal sein wird&#8220;.<\/p>\n<p>Meinung \u00a0\u00a0&#8211; Gideon Levy \u2013 Haaretz 6.2.2020<\/p>\n<p><!--more--><\/p>\n<p><a href=\"http:\/\/www.friedensplattform.at\/wp-content\/uploads\/2020\/02\/foto-josep-borrell.jpg\"><img loading=\"lazy\" decoding=\"async\" class=\"alignnone size-medium wp-image-5681\" src=\"http:\/\/www.friedensplattform.at\/wp-content\/uploads\/2020\/02\/foto-josep-borrell-300x169.jpg\" alt=\"\" width=\"300\" height=\"169\" srcset=\"https:\/\/www.friedensplattform.at\/wp-content\/uploads\/2020\/02\/foto-josep-borrell-300x169.jpg 300w, https:\/\/www.friedensplattform.at\/wp-content\/uploads\/2020\/02\/foto-josep-borrell.jpg 609w\" sizes=\"auto, (max-width: 300px) 100vw, 300px\" \/><\/a><\/p>\n<p>EU Aussenminister Josep Borrell \u2013 Pressekonferenz nach Treffen mit iranischen Leadern in Teheran \u2013 Iran am Montag, 3.2.2020.Vahid Salemi,AP<\/p>\n<p>&nbsp;<\/p>\n<p>&nbsp;<\/p>\n<p>Europa ist verloren. Israel wird den Frieden ohne Europa schaffen. Morgen fr\u00fch. Israels Hayom hat sich nat\u00fcrlich auch auf den Propaganda-Akt eingelassen und den spanischen Minister daran erinnert, dass er vor 50 Jahren als Freiwilliger im Kibbutz Galon war &#8211; &#8222;man fragt sich, wie ihn das beeinflusst hat&#8220; &#8211; und vorgeschlagen, ihn zur persona non grata zu erkl\u00e4ren. Das war&#8217;s, Borrell, du kannst deiner Karriere auf Wiedersehen sagen. So soll es dem Mann ergehen, der es gewagt hat, sich gegen Israels unversch\u00e4mte Missachtung des V\u00f6lkerrechts auszusprechen.<\/p>\n<p>&nbsp;<\/p>\n<p>Aber die bedrohliche Offensive gegen Borrell &#8211; so typisch f\u00fcr die israelische Demokratie der letzten Jahre, die jeden trifft, der es wagt, ein Wort der Kritik gegen sie zu murmeln &#8211; richtet sich gegen einen Papiertiger. Israel, ein Held bei der \u00dcberwindung der Schwachen wei\u00df, dass die EU in Wirklichkeit nur eine br\u00fcllende Maus ist, und hat gelernt, sie zu ignorieren. &#8222;Es gibt nur einen Ort auf der Welt, an dem wir ein Problem haben&#8220;, sagte Benjamin Netanjahu einmal bei einem privaten Treffen, mit einer Weltkarte an der Wand hinter sich, wies auf Westeuropa hin und kicherte. Der Rest der Welt ist in seiner Hosentasche.<\/p>\n<p>&nbsp;<\/p>\n<p>Netanjahu hatte Recht. Die EU ist wirklich ein Papiertiger gegen Israel, wegen ihrer l\u00e4hmenden Struktur, wegen der rechten Welle, die ihre Mitglieder \u00fcberrollt, und weil sie sich der emotionalen Erpressung durch Israel und die j\u00fcdische Lobby unterwirft. Das passiert, wenn man jahrelang versucht, sein schuldbeladenes, \u00e4ngstliches Bestes zu geben, um Israel mit nichts als Schmeicheleien, Hilfe und Verst\u00e4ndnis f\u00fcr sich zu gewinnen, indem man es zur Eurovision und dem europ\u00e4ischen Fu\u00dfball eingliedert. Das passiert, wenn man sich mit hohlen Verurteilungen begn\u00fcgt und nie in Erw\u00e4gung zieht, echte Ma\u00dfnahmen zu ergreifen.<\/p>\n<p>&nbsp;<\/p>\n<p>Borrell wurde abtr\u00fcnnig und gab eine schwache Drohung aus, als er sagte, dass die Annexion nicht unwidersprochen bleiben wird. Aber die Annexion wird unwidersprochen bleiben. In aller Stille. Europas donnerndes Schweigen. Sie k\u00f6nnen auf die Freunde der Besatzung in der EU z\u00e4hlen, auf diese Leuchtt\u00fcrme der Demokratie und der Menschenrechte wie Ungarn, Rum\u00e4nien, die Slowakei und die Tschechische Republik. Sie k\u00f6nnen auf die Schuldgef\u00fchle Deutschlands z\u00e4hlen, auf den Hass der Muslime, auf den Druck, der von den Vereinigten Staaten ausge\u00fcbt wird.<\/p>\n<p>&nbsp;<\/p>\n<p>Die j\u00fcdisch-israelische Lobby hat Europa bereits zum Schweigen gebracht, indem sie den Widerstand gegen die Besatzung kriminalisiert und als gleichwertig mit Antisemitismus gebrandmarkt hat. Europa hat dieser zynischen Manipulation bereits nachgegeben. Jetzt wird es auch dem Annexionsplan von Donald Trump nachgeben. Noch eine oder zwei Verurteilungen, und alles wird wieder zur Normalit\u00e4t zur\u00fcckkehren &#8211; mit Israel als dem Liebling<\/p>\n<p>&nbsp;<\/p>\n<p>Zerst\u00f6ren von Ausr\u00fcstung und Strukturen, f\u00fcr deren Aufbau die EU Millionen von Euro f\u00fcr die Pal\u00e4stinenser ausgegeben hat? Seien Sie unsere G\u00e4ste. Ignorieren der EU-Entscheidungen? Willkommen in Israel. Sanktionen? Die sind nur f\u00fcr das schw\u00e4chelnde Russland, das auf die Krim eindringt, nicht f\u00fcr die Supermacht, die in das Westjordanland eingedrungen ist und es f\u00fcr immer besetzt hat und nie daf\u00fcr bestraft wurde.<\/p>\n<p>&nbsp;<\/p>\n<p>Wenn Europa wirklich Einfluss aus\u00fcben will, muss es sich von der Idee befreien, dass es sanft mit Israel sprechen und versuchen muss, es zu \u00fcberzeugen. Europa hat dies jahrzehntelang versucht, ohne Erfolg. Es ist die Zeit f\u00fcr Taten, Europa. Entweder Sie verh\u00e4ngen Sanktionen oder Sie unterst\u00fctzen die Annexion. Ersparen Sie uns einfach weitere Ihrer frommen aber bedeutungslosen Erkl\u00e4rungen.<\/p>\n<p>&nbsp;<\/p>\n<p>Die Zeit ist gekommen, dass Europa der Realit\u00e4t ins Auge sieht: Die Zwei-Staaten-L\u00f6sung ist verloren. Es sollte seine Botschafter in Ramallah fragen, wie das Westjordanland jetzt aussieht und wie die Chancen stehen, die Hunderttausenden von Siedlern, die es \u00fcbernommen haben, zu beseitigen. Wenn Europa Einfluss haben will, muss es eine neue, revolution\u00e4re Art des Redens annehmen &#8211; eine, die von gleichen Rechten f\u00fcr alle spricht. Wenn man weiterhin &#8222;zwei Staaten&#8220; rezitiert und sich vor den Drohungen Israels verneigt, wird nur eines gew\u00e4hrleistet: der Triumph der Apartheid. Und Europa wird dabei ein vollwertiger Partner sein.<\/p>\n<p>Original:<\/p>\n<p><a href=\"https:\/\/www.haaretz.com\/opinion\/.premium-europe-kowtows-to-israeli-apartheid-1.8500587?utm_term=20200206-05%3A05&amp;utm_campaign=Gideon+Levy&amp;utm_medium=email&amp;writerAlerts=true&amp;utm_source=smartfocus&amp;utm_content=www.haaretz.com%2Fopinion%2F.premium--1.8500587\">https:\/\/www.haaretz.com\/opinion\/.premium-europe-kowtows-to-israeli-apartheid-1.8500587?utm_term=20200206-05%3A05&amp;utm_campaign=Gideon+Levy&amp;utm_medium=email&amp;writerAlerts=true&amp;utm_source=smartfocus&amp;utm_content=www.haaretz.com%2Fopinion%2F.premium&#8211;1.8500587<\/a><\/p>\n<p>\u00dcbersetzt mit www.DeepL.com\/Translator (kostenlose Version)<\/p>\n","protected":false},"excerpt":{"rendered":"<p>Europa hat sich selbst in ein ziemliches Chaos gebracht &#8211; und der neue Chef der EU-Au\u00dfenpolitik wurde unter den Bus geworfen. Josep Borrell wagte es nur, Israel vor der Annexion von Territorium zu warnen, und sofort \u00f6ffneten sich die Tore der H\u00f6lle. Der Sprecher des israelischen Au\u00dfenministeriums sagte, der Minister habe &#8222;nur wenige Stunden nach &hellip; <a href=\"https:\/\/www.friedensplattform.at\/?p=5565\" class=\"more-link\"><span class=\"screen-reader-text\">Europas Kotau  vor der israelischen Apartheid<\/span> weiterlesen <span class=\"meta-nav\">&rarr;<\/span><\/a><\/p>\n","protected":false},"author":5,"featured_media":0,"comment_status":"open","ping_status":"open","sticky":false,"template":"","format":"standard","meta":{"footnotes":""},"categories":[1,17,18],"tags":[],"class_list":["post-5565","post","type-post","status-publish","format-standard","hentry","category-allgemein","category-meinung","category-palaestina-solidaritaet"],"_links":{"self":[{"href":"https:\/\/www.friedensplattform.at\/index.php?rest_route=\/wp\/v2\/posts\/5565","targetHints":{"allow":["GET"]}}],"collection":[{"href":"https:\/\/www.friedensplattform.at\/index.php?rest_route=\/wp\/v2\/posts"}],"about":[{"href":"https:\/\/www.friedensplattform.at\/index.php?rest_route=\/wp\/v2\/types\/post"}],"author":[{"embeddable":true,"href":"https:\/\/www.friedensplattform.at\/index.php?rest_route=\/wp\/v2\/users\/5"}],"replies":[{"embeddable":true,"href":"https:\/\/www.friedensplattform.at\/index.php?rest_route=%2Fwp%2Fv2%2Fcomments&post=5565"}],"version-history":[{"count":4,"href":"https:\/\/www.friedensplattform.at\/index.php?rest_route=\/wp\/v2\/posts\/5565\/revisions"}],"predecessor-version":[{"id":5679,"href":"https:\/\/www.friedensplattform.at\/index.php?rest_route=\/wp\/v2\/posts\/5565\/revisions\/5679"}],"wp:attachment":[{"href":"https:\/\/www.friedensplattform.at\/index.php?rest_route=%2Fwp%2Fv2%2Fmedia&parent=5565"}],"wp:term":[{"taxonomy":"category","embeddable":true,"href":"https:\/\/www.friedensplattform.at\/index.php?rest_route=%2Fwp%2Fv2%2Fcategories&post=5565"},{"taxonomy":"post_tag","embeddable":true,"href":"https:\/\/www.friedensplattform.at\/index.php?rest_route=%2Fwp%2Fv2%2Ftags&post=5565"}],"curies":[{"name":"wp","href":"https:\/\/api.w.org\/{rel}","templated":true}]}}