{"id":56,"date":"2006-12-03T15:42:31","date_gmt":"2006-12-03T13:42:31","guid":{"rendered":"http:\/\/www.luxorbis.org\/friedensplattform.at\/?p=56"},"modified":"2006-12-03T15:42:31","modified_gmt":"2006-12-03T13:42:31","slug":"in-memoriam","status":"publish","type":"post","link":"https:\/\/www.friedensplattform.at\/?p=56","title":{"rendered":"IN MEMORIAM"},"content":{"rendered":"<p>Heinz Galinski s.A.<br \/>\nIch habe Auschwitz nicht \u00fcberlebt, um zu neuem Unrecht zu schweigen.<\/p>\n<p>geboren 28.11.1912    gestorben 19.7.1992<\/p>\n<p>Internationaler Tag gegen die Abriegelung und Besetzung des Gazastreifens<br \/>\nSamstag, 2. Dezember 2006<br \/>\nGraben\/Pests\u00e4ule, Wien 1<br \/>\n14 bis 16 Uhr<br \/>\n<!--more--><br \/>\nSCHWEIGT NICHT ZU GAZA!!!<br \/>\nBeendet die Abriegelung des Gazastreifens!  Internationaler Schutz f\u00fcr die Pal\u00e4stinenserInnen!<\/p>\n<p>Am 2. Dezember 2006 findet ein Internationaler Tag gegen die Abriegelung und Besetzung des Gazastreifens (Internationaler &#8222;End the Gaza Siege Day&#8220;) statt. Wir wurden von der israelischen Frauenkoalition f\u00fcr den Frieden gebeten, sie mit unserer Mahnwache zu unterst\u00fctzen.   Fast 80 St\u00e4dte in ca. 17 L\u00e4ndern weltweit nehmen an diesen Internationalen Tag teil.<\/p>\n<p>PolitikerInnen, Medien und Regierungen m\u00f6chten diese Trag\u00f6die ignorieren. Wir m\u00fcssen unseren Protest gegen das Aushungern und Boykott des pal\u00e4stinensischen Volkes deutlich zeigen.   Wer sich mit den Tatsachen befasst, weiss was sich im Gazastreifen abspielt.  Die Massaker in Beit Hanoun und am Strand von Gaza, als im Juni die Ghalia Familie von der israelischen Armee get\u00f6tet worden sind (nach dem OCHA Bericht &#8222;disputed&#8220; ) d\u00fcrfen nicht in Vergessenheit geraten.<\/p>\n<p>Das T\u00f6ten geschieht t\u00e4glich &#8211; durch Panzer und Heckensch\u00fctzen, durch Bombardements aus der Luft und vom Meer aus.<\/p>\n<p>Wie lange noch l\u00e4\u00dft die &#8222;internationale Gemeinschaft&#8220; das fortw\u00e4hrende Gemetzel zu?  Die grausame Unterdr\u00fcckung in den Besetzten Gebieten &#8212;  besonders in Gaza &#8211; geh\u00f6rt heute zu den ungeheurerlichsten Ungerechtigkeiten weltweit.<\/p>\n<p>Die Koalition gegen die Besatzung des Gazastreifens (&#8218;Coalition against the Siege on Gaza&#8216;) hat sich f\u00fcr den Monat November zu einer koodinierten, grossen Kampagne zusammengeschlossen, um die israelische Regierung und die internationale Gemeinschaft dazu aufzurufen, die Abriegelung\/Besatzung\/ Belagerung des Gazastreifens zu beenden und Verhandlungen mit der gew\u00e4hlten pal\u00e4stinensischen F\u00fchrung aufzunehmen.<\/p>\n<p>Beteiligt sind folgende Organisationen:  Die Koalition der Frauen f\u00fcr Frieden (Coalition of Women for Peace), Gush Shalom, Ta&#8217;ayush, Israeli Committee Against House Demolitions, ICAHD, Yesh Gvul, New Profile, Machsom Watch, Bat Shalom, Hadash, Anarchists against the Wall, The High School Senior Letter, University Students Coalition.<\/p>\n<p>Zugleich ist der 29.11., der Internationale Tag der Solidarit\u00e4t mit dem pal\u00e4stinensischen Volk, Anlass f\u00fcr unsere Kundgebung. Besonders heben wir unsere Solidarit\u00e4t mit dem erfolgreichen gewaltfreien Widerstand von Pal\u00e4stinenserinnen und Pal\u00e4stinensern im Gazastreifen, die im November mehrfach v\u00f6lkerrechtswidrige Hauszerst\u00f6rungen durch die israelische Armee verhinderten, hervor.<\/p>\n<p>Der jetzt beschIossene Waffenstillstand ist ein wichtiger Schritt, aber er muss dauerhaft und umfassend werden , das hei\u00dft, auch f\u00fcr das Westjordanland gelten!  Auch jetzt noch gibt es die Belagerung des Gazastreifens durch die israelische Armee und die Sanktionen, die von der internationalen Gemeinschaft \u00fcber die pal\u00e4stinensische Bev\u00f6lkerung aufgrund ihrer in demokratischen Wahlen getroffenen Entscheidung f\u00fcr die Hamas verh\u00e4ngt wurden.<\/p>\n<p>Wenn die Belagerung anh\u00e4lt, werden sich Seuchen, Unterern\u00e4hrung und Chaos verbreiten.<\/p>\n<p>Der Gazastreifen ist beinahe vollst\u00e4ndig von der Au\u00dfenwelt abgeriegelt. Etwa 80 % der Bev\u00f6lkerung ist extrem arm und lebt von weniger als 2 Dollar am Tag. Nach einem Besuch im November 2006 berichteten Mitglieder des Europ\u00e4ischen Parlament :<\/p>\n<p>&#8222;Die Krankenh\u00e4user sind \u00fcberf\u00fcllt und bekommen weder genug Geld noch genug Medikamente. Die \u00f6ffentlichen Bediensteten sind \u00fcber Monate hinweg nicht bezahlt worden. \u00c4rzte erz\u00e4hlten uns, dass einige t\u00f6dliche Verletzungen nicht durch \u00fcbliche Waffen, sondern vermutlich durch neuartige chemische Waffen, mit denen experimentiert wird, her r\u00fchren.&#8220;<\/p>\n<p>Seit Juni 2006 hat das israelische Milit\u00e4r mehr als 300 Pal\u00e4stinenser im Gazastreifen get\u00f6tet &#8211; \u00fcber die H\u00e4lfte waren unbewaffnete Zivilisten, darunter 61 Kinder. In der israelischen Stadt Sderot kam es durch Qassam-Raketen zu Opfern unter der Zivilbev\u00f6lkerung. Es l\u00e4sst sich aber nicht \u00fcbersehen, dass die Zahl der pal\u00e4stinensischen Opfer weitaus h\u00f6her ist und dass die Zerst\u00f6rungen in Gaza wesentlich umfangreicher sind. Und auch die Tatsache der israelischen Besatzung kann nicht ignoriert werden.<br \/>\nWir sind f\u00fcr ein dauerhaftes Ende des T\u00f6tens und f\u00fcr ein Ende der Besatzung!<\/p>\n<p>Israel und die internationale Gemeinschaft m\u00fcssen die politische Wahl des pal\u00e4stinensischen Volkes respektieren!<\/p>\n<p>Die Europ\u00e4ische Union und die Bundesregierung m\u00fcssen endlich wirksame Ma\u00dfnahmen ergreifen, um Israel dazu zu bewegen, internationales Recht zu respektieren. Wir fordern, dass die Europ\u00e4ische Union das Assoziierungsabkommen mit Israel aussetzt und Sanktionen erw\u00e4gt.<\/p>\n<p>Die Bundesregierung und die EU m\u00fcssen einen Dialog mit der pal\u00e4stinensischen Regierung aufnehmen!<\/p>\n<p>Sie m\u00fcssen Druck auf die israelische Regierung aus\u00fcben, damit diese die Steuereinnahmen an die pal\u00e4stinensische Regierung auszahlt, die sie konfisziert hat! Nach Angaben von israelischen Menschenrechtsorganisationen entspricht die Summe dieser vorenthaltenen Steuern mittlerweile (November 2006) der H\u00e4lfte des Budgets der Pal\u00e4stinensischen Beh\u00f6rde.<\/p>\n<p>Wir fordern den Schutz der pal\u00e4stinensischen Bev\u00f6lkerung durch die Entsendung internationaler Kr\u00e4fte in den Gazastreifen und in die Westbank!<\/p>\n<p>Wir sind f\u00fcr die Bildung einer pal\u00e4stinensischen Einheitsregierung auf der Basis des Dokuments \u00fcber die nationale Vers\u00f6hnung, das die Grenzen von 1967 des Staates Pal\u00e4stina und des Staates Israel akzeptiert.<\/p>\n<p>Frauen in Schwarz (Wien)<\/p>\n<p>www.fraueninschwarz.at<br \/>\ne-mail:  WomenInBlack-Vienna@gmx.net<\/p>\n","protected":false},"excerpt":{"rendered":"<p>Heinz Galinski s.A. Ich habe Auschwitz nicht \u00fcberlebt, um zu neuem Unrecht zu schweigen. geboren 28.11.1912 gestorben 19.7.1992 Internationaler Tag gegen die Abriegelung und Besetzung des Gazastreifens Samstag, 2. Dezember 2006 Graben\/Pests\u00e4ule, Wien 1 14 bis 16 Uhr<\/p>\n","protected":false},"author":1,"featured_media":0,"comment_status":"open","ping_status":"open","sticky":false,"template":"","format":"standard","meta":{"footnotes":""},"categories":[5],"tags":[],"class_list":["post-56","post","type-post","status-publish","format-standard","hentry","category-arabischer-raum"],"_links":{"self":[{"href":"https:\/\/www.friedensplattform.at\/index.php?rest_route=\/wp\/v2\/posts\/56","targetHints":{"allow":["GET"]}}],"collection":[{"href":"https:\/\/www.friedensplattform.at\/index.php?rest_route=\/wp\/v2\/posts"}],"about":[{"href":"https:\/\/www.friedensplattform.at\/index.php?rest_route=\/wp\/v2\/types\/post"}],"author":[{"embeddable":true,"href":"https:\/\/www.friedensplattform.at\/index.php?rest_route=\/wp\/v2\/users\/1"}],"replies":[{"embeddable":true,"href":"https:\/\/www.friedensplattform.at\/index.php?rest_route=%2Fwp%2Fv2%2Fcomments&post=56"}],"version-history":[{"count":0,"href":"https:\/\/www.friedensplattform.at\/index.php?rest_route=\/wp\/v2\/posts\/56\/revisions"}],"wp:attachment":[{"href":"https:\/\/www.friedensplattform.at\/index.php?rest_route=%2Fwp%2Fv2%2Fmedia&parent=56"}],"wp:term":[{"taxonomy":"category","embeddable":true,"href":"https:\/\/www.friedensplattform.at\/index.php?rest_route=%2Fwp%2Fv2%2Fcategories&post=56"},{"taxonomy":"post_tag","embeddable":true,"href":"https:\/\/www.friedensplattform.at\/index.php?rest_route=%2Fwp%2Fv2%2Ftags&post=56"}],"curies":[{"name":"wp","href":"https:\/\/api.w.org\/{rel}","templated":true}]}}