{"id":5789,"date":"2020-03-29T14:40:46","date_gmt":"2020-03-29T14:40:46","guid":{"rendered":"http:\/\/www.friedensplattform.at\/?p=5789"},"modified":"2020-03-29T14:40:46","modified_gmt":"2020-03-29T14:40:46","slug":"ostermarsch-2020-andere-formen","status":"publish","type":"post","link":"https:\/\/www.friedensplattform.at\/?p=5789","title":{"rendered":"Ostermarsch 2020 \u2013 andere Formen"},"content":{"rendered":"<p>Die gegenw\u00e4rtige Corona-Krise und die sich daraus ergebenden Auflagen machen eine Durchf\u00fchrung<br \/>\nvon Veranstaltungen oder Demonstrationen unm\u00f6glich. Die Organisatorinnen und Organisatoren der<br \/>\nOsterm\u00e4rsche 2020 wollen aber nicht, dass den Menschen damit jegliche M\u00f6glichkeit genommen wird,<br \/>\nwie seit den 1960er Jahren immer zu Ostern, ihre pazifistischen und antimilitaristischen Anschauungen<br \/>\nin die \u00d6ffentlichkeit zu tragen. Vielf\u00e4ltige Formen wie das geschehen kann, sind m\u00f6glich.<\/p>\n<p><!--more--><br \/>\nDas Corona-Virus macht aber auch vor dem Milit\u00e4r nicht Halt und hat bereits Defender Europe 2020,<br \/>\nein gro\u00dfes NATO-Man\u00f6ver mit erdr\u00fcckender US-Beteiligung, in die Knie gezwungen. Diese Kriegs\u00fcbung<br \/>\nhatte die Friedensbewegung aufgrund ihres konflikteskalierenden Charakters gegen\u00fcber Russland,<br \/>\nihrer Belastungen der Umwelt und aus friedenspolitischen Erw\u00e4gungen heftig abgelehnt. Corona wird<br \/>\njedoch Aufr\u00fcstung und R\u00fcstungsexporte oder deutsche Milit\u00e4rauslandseins\u00e4tze nicht dauerhaft<br \/>\nstoppen k\u00f6nnen. Hier ist weiterhin unser verst\u00e4rktes friedenspolitisches Eingreifen erforderlich.<br \/>\nViele Basisinitiativen rufen dazu auf, \u00fcber Ostern z. B. Friedenszeichen, selbst gefertigte Banner und<br \/>\nSymbole oder bunte Pace-Fahnen aus den Fenstern der Wohnungen zu h\u00e4ngen sowie an Autos,<br \/>\nFahrr\u00e4dern und Jacken zu befestigen und vieles mehr. Weitere Anregungen und Infos finden sich unter<br \/>\n<a href=\"http:\/\/www.friedenskooperative.de\/alternativer-ostermarsch\">www.friedenskooperative.de\/alternativer-ostermarsch<\/a><\/p>\n<p>Angesichts der durch die Coronapandemie demonstrierten Verletzlichkeit einer globalisierten Welt<br \/>\nfordern wir von der Bundesregierung:<br \/>\n\u2022 die f\u00fcr die Erh\u00f6hung der R\u00fcstungsausgaben vorgesehenen Geldmittel von rund 40 Milliarden Euro<br \/>\nf\u00fcr Gesundheit, Umwelt, Bildung und Soziales einzusetzen.<br \/>\n\u2022 das Ende aller Kriegseins\u00e4tze der Bundeswehr und die Ausweitung von Ma\u00dfnahmen ziviler<br \/>\nKonfliktl\u00f6sung.<br \/>\n\u2022 den Ausstieg aus der milit\u00e4rischen Integration f\u00fcr weltweite Eins\u00e4tze der Europ\u00e4ischen Union<br \/>\n\u2022 den sofortigen Stopp aller Waffenexporte an alle kriegf\u00fchrenden Parteien und Einstieg in die<br \/>\nR\u00fcstungskonversion.<br \/>\n\u2022 die Aufnahme einer glaubw\u00fcrdigen Entspannungspolitik gegen\u00fcber Russland.<br \/>\n\u2022 den Beitritt zum Vertrag zum Verbot von Atomwaffen.<\/p>\n<p>Wir werden uns gemeinsam mit Gewerkschaften, sozialen Bewegungen, Sch\u00fcler und Studierenden-<br \/>\ninitiativen daf\u00fcr einsetzen, dass die unter den gegebenen Bedingungen respektierten Einschr\u00e4nkungen<\/p>\n<p>der Grund- und Freiheitsrechte wieder aufgehoben werden. Und wir werden uns aus der Erfahrung<br \/>\nihres hohen Wertes f\u00fcr ein wirklich demokratisches Gemeinwesen f\u00fcr deren weitere St\u00e4rkung<br \/>\neinsetzen.<\/p>\n<p>Uns Ermutigt der Aufruf des UN-Generalsekret\u00e4rs Guterres zu einem \u201esofortigen weltweiten Waffen-<br \/>\nstillstand.\u201c \u201eDie Heftigkeit des Virus\u201c verdeutliche, wie \u201eunsinnig\u201c Kriege seien. Ebenfalls begr\u00fc\u00dfen wir<\/p>\n<p>den Appell der UN-Hochkommissarin f\u00fcr Menschenrechte, Michelle Bachelet, die gegen viele L\u00e4nder<br \/>\nverh\u00e4ngten Sanktionen sofort auszusetzen, damit diese L\u00e4nder die Mittel haben, sich gegen die<br \/>\nCorona-Pandemie zu wappnen.<\/p>\n<p>Bundesausschuss Friedensratschlag, und die Kooperation f\u00fcr den Frieden<\/p>\n","protected":false},"excerpt":{"rendered":"<p>Die gegenw\u00e4rtige Corona-Krise und die sich daraus ergebenden Auflagen machen eine Durchf\u00fchrung von Veranstaltungen oder Demonstrationen unm\u00f6glich. Die Organisatorinnen und Organisatoren der Osterm\u00e4rsche 2020 wollen aber nicht, dass den Menschen damit jegliche M\u00f6glichkeit genommen wird, wie seit den 1960er Jahren immer zu Ostern, ihre pazifistischen und antimilitaristischen Anschauungen in die \u00d6ffentlichkeit zu tragen. Vielf\u00e4ltige Formen &hellip; <a href=\"https:\/\/www.friedensplattform.at\/?p=5789\" class=\"more-link\"><span class=\"screen-reader-text\">Ostermarsch 2020 \u2013 andere Formen<\/span> weiterlesen <span class=\"meta-nav\">&rarr;<\/span><\/a><\/p>\n","protected":false},"author":3,"featured_media":0,"comment_status":"open","ping_status":"open","sticky":false,"template":"","format":"standard","meta":{"footnotes":""},"categories":[3],"tags":[],"class_list":["post-5789","post","type-post","status-publish","format-standard","hentry","category-antimilitarismus"],"_links":{"self":[{"href":"https:\/\/www.friedensplattform.at\/index.php?rest_route=\/wp\/v2\/posts\/5789","targetHints":{"allow":["GET"]}}],"collection":[{"href":"https:\/\/www.friedensplattform.at\/index.php?rest_route=\/wp\/v2\/posts"}],"about":[{"href":"https:\/\/www.friedensplattform.at\/index.php?rest_route=\/wp\/v2\/types\/post"}],"author":[{"embeddable":true,"href":"https:\/\/www.friedensplattform.at\/index.php?rest_route=\/wp\/v2\/users\/3"}],"replies":[{"embeddable":true,"href":"https:\/\/www.friedensplattform.at\/index.php?rest_route=%2Fwp%2Fv2%2Fcomments&post=5789"}],"version-history":[{"count":1,"href":"https:\/\/www.friedensplattform.at\/index.php?rest_route=\/wp\/v2\/posts\/5789\/revisions"}],"predecessor-version":[{"id":5791,"href":"https:\/\/www.friedensplattform.at\/index.php?rest_route=\/wp\/v2\/posts\/5789\/revisions\/5791"}],"wp:attachment":[{"href":"https:\/\/www.friedensplattform.at\/index.php?rest_route=%2Fwp%2Fv2%2Fmedia&parent=5789"}],"wp:term":[{"taxonomy":"category","embeddable":true,"href":"https:\/\/www.friedensplattform.at\/index.php?rest_route=%2Fwp%2Fv2%2Fcategories&post=5789"},{"taxonomy":"post_tag","embeddable":true,"href":"https:\/\/www.friedensplattform.at\/index.php?rest_route=%2Fwp%2Fv2%2Ftags&post=5789"}],"curies":[{"name":"wp","href":"https:\/\/api.w.org\/{rel}","templated":true}]}}