{"id":5851,"date":"2020-04-13T16:39:18","date_gmt":"2020-04-13T16:39:18","guid":{"rendered":"http:\/\/www.friedensplattform.at\/?p=5851"},"modified":"2020-04-13T16:40:18","modified_gmt":"2020-04-13T16:40:18","slug":"palaestina-solidaritaet-oesterreich-in-pax-christi-320","status":"publish","type":"post","link":"https:\/\/www.friedensplattform.at\/?p=5851","title":{"rendered":"Pal\u00e4stina Solidarit\u00e4t \u00d6sterreich in PAX CHRISTI 3\/20"},"content":{"rendered":"<p>Franz S\u00f6lkner pr\u00e4sentiert in der Pax Christi Zeitung die Plattform <a href=\"https:\/\/palaestinasolidaritaet.at\/de\">Pal\u00e4stina Solidarit\u00e4t \u00d6sterreich\u00a0<\/a><!--more--><\/p>\n<p>Der 1. Schritt einer wirksamen Friedensarbeit besteht in einer sorgf\u00e4ltigen Analyse des Konfliktfel\u00addes, vor allem der darin herrschenden Machtverh\u00e4ltnisse. Aufgrund des Ergebnisses sind die zur Kon\u00adfliktl\u00f6sung geeigneten Methoden und Instrumente zu w\u00e4hlen. Grob gesprochen gibt es\u00a0 zwei strate\u00adgisch unterschiedliche Zug\u00e4nge. Der eher mediatorische zielt \u00fcber die Hilfestellung bei der Einleitung und Begleitung eines unmittelbaren Verst\u00e4ndigungsprozesses auf Interessensausgleich und Vers\u00f6h\u00adnung. Der andere Ansatz ergreift aufgrund eines vorgegebenen starken Machtungleichgewichts zu\u00adn\u00e4chst Partei auf Seite des unterdr\u00fcckten Konfliktgegners. Damit wird versucht, die zuvor vergeblich um Selbstbestimmung und Gerechtigkeit ringende Gruppe so zu unterst\u00fctzen, dass sie mit der unter\u00addr\u00fcckenden Partei einigermassen auf Augenh\u00f6he kommt und von dieser in einem dann zu er\u00f6ffnen\u00adden Prozess als Verhandlungspartner ernst genommen werden muss.<\/p>\n<p>Eine n\u00fcchterne Analyse der bisherigen Geschichte des Konflikts um das historische Pal\u00e4stina legt den Weg der solidarischen Parteinahme auf Seite des schwer unterdr\u00fcckten pal\u00e4stinensischen Volkes nahe. Hierin f\u00fchlen wir uns auch durch wissenschaftliche Analysen der Oslo-Friedensverhandlungen best\u00e4rkt. So kam etwa Hilde Henriksen Waage, Historikerin der Universit\u00e4t Oslo, in ihren Untersu\u00adchungen zum Schluss, dass die erheblichen norwegischen Mediationsanstrengungen und der daran anschlie\u00dfende politische Umsetzungsprozess der Ergebnisse infolge der am Verhandlungstisch gege\u00adbenen gro\u00dfen Macht\u00fcberlegenheit Israels scheitern mussten.<\/p>\n<p>Aktuell hat unser Zusammenschluss aus zwei Gr\u00fcnden an Dringlichkeit gewonnen: Durch Trumps, in je\u00adder Hinsicht v\u00f6lkerrechtswidriges \u201e(Un-)Friedensdiktat\u201c kommen die legitimen pal\u00e4stinensischen Interes\u00adsen ein weiteresmal unter die R\u00e4der zionistischer Herrschaftsanspr\u00fcche. Und Israel versucht<\/p>\n<p>\u00fcber eine weltweit orchestrierte Kampagne die \u00f6ffentlich Kritik an seiner Pal\u00e4stina-Politik als \u201eanti\u00adsemitisch\u201c zu diffamieren und mundtot zu machen. Zunehmend beteiligt sich leider auch die \u00f6sterrei\u00adchische Politik an dieser Einschr\u00e4nkung des Grundrechts der Meinungsfreiheit.<\/p>\n<p>Der Plattform PalSol\u00d6 geh\u00f6ren derzeit ein Dutzend Gruppen und viele Einzelpersonen an. Wir sind \u00adbestrebt eine nachhaltige Lobbyarbeit zugunsten der Sache der Pal\u00e4stinenserinnen zu organisieren. Sehr wichtig ist uns dabei auch der Kontakt mit pal\u00e4stinensischen und israelischen Friedens- und Menschenrechtsgruppen. Um unseren lokalen AktivistInnen die Arbeit zu erleichtern, stellen wir Materialien bereit und koordinieren gemeinsame Aktivit\u00e4ten. Wir treten aktiv und um neue Mitglieder werbend auf. Wo wir AktivistInnen finden, gr\u00fcnden wir Orts- und Landesgruppen.<\/p>\n<p>&nbsp;<\/p>\n<p>Kontakt: <a href=\"mailto:info@palaestinasolidaritaet.at\">info@palaestinasolidaritaet.at<\/a><\/p>\n<p>&nbsp;<\/p>\n<p><a href=\"http:\/\/www.friedensplattform.at\/wp-content\/uploads\/2020\/04\/PalSol\u00d6-in-pax-1-2020.pdf\">PalSol\u00d6 in pax 1-2020<\/a><\/p>\n<p>&nbsp;<\/p>\n","protected":false},"excerpt":{"rendered":"<p>Franz S\u00f6lkner pr\u00e4sentiert in der Pax Christi Zeitung die Plattform Pal\u00e4stina Solidarit\u00e4t \u00d6sterreich\u00a0<\/p>\n","protected":false},"author":3,"featured_media":0,"comment_status":"open","ping_status":"open","sticky":false,"template":"","format":"standard","meta":{"footnotes":""},"categories":[18],"tags":[],"class_list":["post-5851","post","type-post","status-publish","format-standard","hentry","category-palaestina-solidaritaet"],"_links":{"self":[{"href":"https:\/\/www.friedensplattform.at\/index.php?rest_route=\/wp\/v2\/posts\/5851","targetHints":{"allow":["GET"]}}],"collection":[{"href":"https:\/\/www.friedensplattform.at\/index.php?rest_route=\/wp\/v2\/posts"}],"about":[{"href":"https:\/\/www.friedensplattform.at\/index.php?rest_route=\/wp\/v2\/types\/post"}],"author":[{"embeddable":true,"href":"https:\/\/www.friedensplattform.at\/index.php?rest_route=\/wp\/v2\/users\/3"}],"replies":[{"embeddable":true,"href":"https:\/\/www.friedensplattform.at\/index.php?rest_route=%2Fwp%2Fv2%2Fcomments&post=5851"}],"version-history":[{"count":2,"href":"https:\/\/www.friedensplattform.at\/index.php?rest_route=\/wp\/v2\/posts\/5851\/revisions"}],"predecessor-version":[{"id":5857,"href":"https:\/\/www.friedensplattform.at\/index.php?rest_route=\/wp\/v2\/posts\/5851\/revisions\/5857"}],"wp:attachment":[{"href":"https:\/\/www.friedensplattform.at\/index.php?rest_route=%2Fwp%2Fv2%2Fmedia&parent=5851"}],"wp:term":[{"taxonomy":"category","embeddable":true,"href":"https:\/\/www.friedensplattform.at\/index.php?rest_route=%2Fwp%2Fv2%2Fcategories&post=5851"},{"taxonomy":"post_tag","embeddable":true,"href":"https:\/\/www.friedensplattform.at\/index.php?rest_route=%2Fwp%2Fv2%2Ftags&post=5851"}],"curies":[{"name":"wp","href":"https:\/\/api.w.org\/{rel}","templated":true}]}}