{"id":5863,"date":"2020-04-16T16:02:11","date_gmt":"2020-04-16T16:02:11","guid":{"rendered":"http:\/\/www.friedensplattform.at\/?p=5863"},"modified":"2020-04-16T16:02:11","modified_gmt":"2020-04-16T16:02:11","slug":"israel-schliesst-palaestinensische-coronavirus-testklinik-in-ost-jerusalem","status":"publish","type":"post","link":"https:\/\/www.friedensplattform.at\/?p=5863","title":{"rendered":"Israel schliesst pal\u00e4stinensische Coronavirus-Testklinik in Ost-Jerusalem"},"content":{"rendered":"<p>Razzia in der Klinik in Silwan, Aktivisten verhaftet, weil die Pal\u00e4stinensische Autonomiebeh\u00f6rde Kits zur Verf\u00fcgung gestellt hatte<\/p>\n<p>&nbsp;<\/p>\n<p>Haaretz &#8211; Nir Hasson &#8211; 15. April 2020<\/p>\n<p>Original:<\/p>\n<p>https:\/\/www.haaretz.com\/israel-news\/.premium-israeli-police-raid-palestinian-coronavirus-testing-clinic-in-east-jerusalem-1.8767788<\/p>\n<p><a href=\"http:\/\/www.friedensplattform.at\/wp-content\/uploads\/2020\/04\/foto-haaretz-060420.jpg\"><img loading=\"lazy\" decoding=\"async\" class=\"alignnone size-medium wp-image-5865\" src=\"http:\/\/www.friedensplattform.at\/wp-content\/uploads\/2020\/04\/foto-haaretz-060420-300x169.jpg\" alt=\"\" width=\"300\" height=\"169\" srcset=\"https:\/\/www.friedensplattform.at\/wp-content\/uploads\/2020\/04\/foto-haaretz-060420-300x169.jpg 300w, https:\/\/www.friedensplattform.at\/wp-content\/uploads\/2020\/04\/foto-haaretz-060420-768x432.jpg 768w, https:\/\/www.friedensplattform.at\/wp-content\/uploads\/2020\/04\/foto-haaretz-060420.jpg 857w\" sizes=\"auto, (max-width: 300px) 100vw, 300px\" \/><\/a><\/p>\n<p>Israeliische Polizeirk\u00e4fte Jerusalem, 6. April 2020. Foto: Ohad Zwigenberg<\/p>\n<p>&nbsp;<\/p>\n<p>Die israelische Polizei f\u00fchrte am Dienstagabend eine Razzia in einer Coronavirus-Testklinik im Stadtteil Silwan im pal\u00e4stinensischen Ostjerusalem durch und verhaftete deren Organisatoren, weil die Klinik mit Hilfe der Pal\u00e4stinensischen Autonomiebeh\u00f6rde betrieben wurde.<\/p>\n<p><!--more--><\/p>\n<p>Den Betreibern der Klinik zufolge gibt es in Silwan einen Mangel an Coronavirus-Tests, wo es nach Angaben der \u00c4rzte 40 best\u00e4tigte F\u00e4lle gibt und wo \u00fcberf\u00fcllte Wohnverh\u00e4ltnisse zu einer raschen Ausbreitung des Virus f\u00fchren k\u00f6nnten.<\/p>\n<p>&nbsp;<\/p>\n<p>Die Klinik wurde in der Halle in einer der \u00f6rtlichen Moscheen er\u00f6ffnet. Sie wurde am Dienstagabend wegen der Ausgangssperre am Ende des Passahfestes geschlossen, doch Polizeibeamte trafen dennoch ein, befragten die Nachbarn und verhafteten vier Aktivisten, die an der Einrichtung der Klinik beteiligt waren.<\/p>\n<p>&nbsp;<\/p>\n<p>Die Coronavirus-Tests sollten von der Pal\u00e4stinensischen Autonomiebeh\u00f6rde im Westjordanland bearbeitet werden. Israel verbietet jedoch jegliche Aktivit\u00e4ten der Pal\u00e4stinensischen Autonomiebeh\u00f6rde in Jerusalem, und im vergangenen Monat hinderte Israel die Mitarbeiter der PA auch daran, \u00f6ffentliche R\u00e4ume in der Hauptstadt zu desinfizieren. Im Gegensatz dazu erlaubte Israel den bewaffneten PA-Kr\u00e4ften vor zwei Wochen, auf einen gewaltt\u00e4tigen Streit zu reagieren, der in einem der Jerusalemer Stadtviertel jenseits der Trennmauer stattfand.<\/p>\n<p>&nbsp;<\/p>\n<p>&#8222;Sie [die israelischen Beh\u00f6rden] helfen uns nicht und hindern uns daran, Hilfe von anderen zu erhalten&#8220;, sagte einer der Bewohner, Farhi Abu Diab. &#8222;Zum ersten Mal haben wir einen gemeinsamen Feind, also lassen Sie uns zusammenarbeiten&#8220;.<\/p>\n<p>&nbsp;<\/p>\n<p>Abu Diab sagte, die israelische Regierung werde erst reagieren, wenn es zu sp\u00e4t sei, nach dem Monat Ramadan, der, wie er sagte, den Ausbruch mit Sicherheit verschlimmern werde. &#8222;Anstatt zusammenzuarbeiten, bringen [die israelischen Beh\u00f6rden] die Politik ins Spiel. Es ist mir egal, wer zust\u00e4ndig ist. Wenn meinem Sohn etwas passiert, ist es mir egal, wer ihn testet.&#8220;<\/p>\n<p>&nbsp;<\/p>\n<p>Am Montag er\u00f6ffnete das israelische Gesundheitsministerium auf Gehei\u00df des Jerusalemer B\u00fcrgermeisters Moshe Leon und von Fachleuten des Gesundheitswesens eine Testklinik in Silwan, die jedoch nur f\u00fcr Mitglieder der Gesundheitsorganisation Clalit zug\u00e4nglich ist.<\/p>\n<p>&nbsp;<\/p>\n<p>\u00dcbersetzt mit www.DeepL.com\/Translator (kostenlose Version)<\/p>\n","protected":false},"excerpt":{"rendered":"<p>Razzia in der Klinik in Silwan, Aktivisten verhaftet, weil die Pal\u00e4stinensische Autonomiebeh\u00f6rde Kits zur Verf\u00fcgung gestellt hatte &nbsp; Haaretz &#8211; Nir Hasson &#8211; 15. April 2020 Original: https:\/\/www.haaretz.com\/israel-news\/.premium-israeli-police-raid-palestinian-coronavirus-testing-clinic-in-east-jerusalem-1.8767788 Israeliische Polizeirk\u00e4fte Jerusalem, 6. April 2020. Foto: Ohad Zwigenberg &nbsp; Die israelische Polizei f\u00fchrte am Dienstagabend eine Razzia in einer Coronavirus-Testklinik im Stadtteil Silwan im pal\u00e4stinensischen Ostjerusalem &hellip; <a href=\"https:\/\/www.friedensplattform.at\/?p=5863\" class=\"more-link\"><span class=\"screen-reader-text\">Israel schliesst pal\u00e4stinensische Coronavirus-Testklinik in Ost-Jerusalem<\/span> weiterlesen <span class=\"meta-nav\">&rarr;<\/span><\/a><\/p>\n","protected":false},"author":5,"featured_media":0,"comment_status":"open","ping_status":"open","sticky":false,"template":"","format":"standard","meta":{"footnotes":""},"categories":[1,18],"tags":[],"class_list":["post-5863","post","type-post","status-publish","format-standard","hentry","category-allgemein","category-palaestina-solidaritaet"],"_links":{"self":[{"href":"https:\/\/www.friedensplattform.at\/index.php?rest_route=\/wp\/v2\/posts\/5863","targetHints":{"allow":["GET"]}}],"collection":[{"href":"https:\/\/www.friedensplattform.at\/index.php?rest_route=\/wp\/v2\/posts"}],"about":[{"href":"https:\/\/www.friedensplattform.at\/index.php?rest_route=\/wp\/v2\/types\/post"}],"author":[{"embeddable":true,"href":"https:\/\/www.friedensplattform.at\/index.php?rest_route=\/wp\/v2\/users\/5"}],"replies":[{"embeddable":true,"href":"https:\/\/www.friedensplattform.at\/index.php?rest_route=%2Fwp%2Fv2%2Fcomments&post=5863"}],"version-history":[{"count":2,"href":"https:\/\/www.friedensplattform.at\/index.php?rest_route=\/wp\/v2\/posts\/5863\/revisions"}],"predecessor-version":[{"id":5869,"href":"https:\/\/www.friedensplattform.at\/index.php?rest_route=\/wp\/v2\/posts\/5863\/revisions\/5869"}],"wp:attachment":[{"href":"https:\/\/www.friedensplattform.at\/index.php?rest_route=%2Fwp%2Fv2%2Fmedia&parent=5863"}],"wp:term":[{"taxonomy":"category","embeddable":true,"href":"https:\/\/www.friedensplattform.at\/index.php?rest_route=%2Fwp%2Fv2%2Fcategories&post=5863"},{"taxonomy":"post_tag","embeddable":true,"href":"https:\/\/www.friedensplattform.at\/index.php?rest_route=%2Fwp%2Fv2%2Ftags&post=5863"}],"curies":[{"name":"wp","href":"https:\/\/api.w.org\/{rel}","templated":true}]}}