{"id":5877,"date":"2020-04-20T20:48:16","date_gmt":"2020-04-20T20:48:16","guid":{"rendered":"http:\/\/www.friedensplattform.at\/?p=5877"},"modified":"2020-04-20T20:48:16","modified_gmt":"2020-04-20T20:48:16","slug":"sahaouris-fordern-freilassung-politischer-gefangener","status":"publish","type":"post","link":"https:\/\/www.friedensplattform.at\/?p=5877","title":{"rendered":"Sahaouris fordern Freilassung politischer Gefangener"},"content":{"rendered":"<div class=\"row mt-5\">\n<div class=\"col-md-8 mx-auto\">\n<header>\n<div class=\"kicker\"><\/div>\n<h3>\u00bbEs gibt dort keinerlei Mindestabstand\u00ab<\/h3>\n<p>Polisario fordert vom marokkanischen Staat die Freilassung politischer Gefangener wegen des Coronavirus. Gespr\u00e4ch mit Nadjat Hamdi,<br \/>\nVertreterin der \u00bbFrente Polisario\u00ab (Volksfront zur \u00adBefreiung von Sagu\u00eda el Hamra und R\u00edo de Oro) in Deutschland. Aus: <a href=\"https:\/\/www.jungewelt.de\/2020\/04-17\/index.php\">jungewelt.de <\/a><\/p>\n<\/header>\n<\/div>\n<\/div>\n<p><!--more--><\/p>\n<div class=\"row\">\n<div class=\"col d-flex flex-column\">\n<div class=\"content order-md-2\">\n<div class=\"row\">\n<div class=\"col-md-8 mx-auto\">\n<div id=\"Infobox\" class=\"Infobox bg-light\">\n<div class=\"issue\">Interview: Carmela Negrete Aus: <a href=\"https:\/\/www.jungewelt.de\/2020\/04-17\/index.php\">Ausgabe vom 17.04.2020<\/a>, Seite 8 \/ Ausland<\/div>\n<div>Westsahara-Konflikt in Coronakrise<\/div>\n<\/div>\n<p><strong>Alle Gefangenen wollen Freiheit. Warum ist die Freilassung der saharauischen politischen Gefangenen besonders dringend?<\/strong>Um eine Infektion mit dem Coronavirus zu verhindern, muss der marokkanische Staat sahrauische Zivilgefangene freilassen. Die Welt durchlebt eine gesundheitliche Katastrophe und diese Situation hat viele L\u00e4nder veranlasst, politische Gefangene und Inhaftierte aus Gewissensgr\u00fcnden freizulassen, aus Angst vor der Ausbreitung der Coronapandemie. Der Schutzverein der saharauischen Gefangenen, La Liga para Protecci\u00f3n de Presos Saharauis en los carceles marroquies, hat die Schw\u00e4che der Pr\u00e4ventivma\u00dfnahmen in verschiedenen marokkanischen Gef\u00e4ngnissen festgestellt, wie zahlreiche Aussagen von Familien saharauischer Zivilgefangener belegen.<\/p>\n<p><strong>Wie muss man sich die Zust\u00e4nde vorstellen?<\/strong><\/p>\n<p>Es gibt dort keinerlei Mindestabstand und es fehlt an Sterilisations- und Hygienema\u00dfnahmen. Die Gef\u00e4ngnisleitung ignoriert den Gesundheitszustand der Gefangenen. Viele von ihnen sind immer noch in engen Zellen ohne die erforderlichen Hygienestandards untergebracht, abgesehen von ihrer schlechten medizinischen Versorgung. Zudem verlegen die marokkanischen Beh\u00f6rden saharauische Zivilgefangene in Gef\u00e4ngnisse innerhalb Marokkos, weit entfernt von den Wohnorten ihrer Familien. Das ist eine Racheaktion, die im Widerspruch zu den Mindeststandards der Vereinten Nationen f\u00fcr die Gefangenenbehandlung steht. Er widerspricht auch den Bestimmungen des humanit\u00e4ren V\u00f6lkerrechts, da die Region milit\u00e4risch besetzt ist. Au\u00dferdem wird das Recht der Gefangenen auf Kommunikation mit der Au\u00dfenwelt beschnitten.<\/p>\n<p><strong>Sie hoffen nun auf internationalen Druck?<\/strong><\/p>\n<p>So ist es. Der Verein \u00bbLas hijas de Saguia y Rio\u00ab, eine Frauenorganisation, hat eine Onlinekampagne f\u00fcr die Freilassung der saharauischen Gefangenen in marokkanischen Gef\u00e4ngnissen gestartet. Die Frauen fordern den marokkanischen Staat auf, alle saharauischen Zivilgefangenen unverz\u00fcglich freizulassen. Sie rufen deshalb alle internationalen Menschenrechtsorganisationen und die Weltgesundheitsorganisation auf, sich f\u00fcr die Einhaltung aller Pr\u00e4ventivma\u00dfnahmen in den marokkanischen Gef\u00e4ngnissen einzusetzen und Druck auf den marokkanischen Staat auszu\u00fcben, damit er diese Gefangenen freil\u00e4sst. Die marokkanischen Besatzungsbeh\u00f6rden inhaftieren systemarisch politische Gegner in den besetzten Gebieten der Westsahara, um alle Stimmen, die die Rechte der Saharauis verteidigen, zum Schweigen zu bringen.<\/p>\n<p><strong>Wie ist die Situation in den Fl\u00fcchtlingslagern bez\u00fcglich Covid-19?<\/strong><\/p>\n<p>Bis jetzt gibt es keine best\u00e4tigte Covid-19-Infektion in den Lagern. Das Gesundheitsministerium ist auf Pr\u00e4vention angewiesen, weil die medizinischen M\u00f6glichkeiten begrenzt sind. Alle kommerziellen und wirtschaftlichen Aktivit\u00e4ten wurden eingestellt, die Grenzen geschlossen, interne Quarant\u00e4ne verh\u00e4ngt und der Zugang zum benachbarten Markt von Tindouf in Algerien auf die Einfuhr von Grundnahrungsmitteln beschr\u00e4nkt. Laut dem vom Weltern\u00e4hrungsprogramm im April 2019 ver\u00f6ffentlichten Food Security Survey sind 88 Prozent der Sahara-Fl\u00fcchtlinge als gef\u00e4hrdet eingestuft. Die gegenw\u00e4rtige Situation, die alle Einkommensquellen lahmgelegt hat, f\u00fchrt zu einer Verschlechterung der Lage f\u00fcr die Gefl\u00fcchteten, die Nahrungsmittelvorr\u00e4te gehen zur Neige. Wir haben jetzt schon gro\u00dfe Probleme, Lebensmittel in die Fl\u00fcchtlingslager zu bringen. Der maritime Transport ist blockiert.<\/p>\n<p><strong>Welche Ma\u00dfnahmen sind dort getroffen worden, um Ansteckungen zu verhindern?<\/strong><\/p>\n<p>Algerische und saharauische Autorit\u00e4ten haben die Schlie\u00dfung der Grenzen angeordnet sowie eine Informationskampagne, die auch in Fernsehen und Radio l\u00e4uft, um die Verbreitung zu verhindern. Personen, die m\u00f6glicherweise infiziert sind, werden getestet, kontrolliert und isoliert. Deshalb sind mehrere Behandlungszentren errichtet worden. Wir haben Algerien um Schutzkleidung gebeten.<\/p>\n<\/div>\n<\/div>\n<\/div>\n<\/div>\n<\/div>\n","protected":false},"excerpt":{"rendered":"<p>\u00bbEs gibt dort keinerlei Mindestabstand\u00ab Polisario fordert vom marokkanischen Staat die Freilassung politischer Gefangener wegen des Coronavirus. Gespr\u00e4ch mit Nadjat Hamdi, Vertreterin der \u00bbFrente Polisario\u00ab (Volksfront zur \u00adBefreiung von Sagu\u00eda el Hamra und R\u00edo de Oro) in Deutschland. Aus: jungewelt.de<\/p>\n","protected":false},"author":3,"featured_media":0,"comment_status":"open","ping_status":"open","sticky":false,"template":"","format":"standard","meta":{"footnotes":""},"categories":[2],"tags":[],"class_list":["post-5877","post","type-post","status-publish","format-standard","hentry","category-afrikanischer-raum"],"_links":{"self":[{"href":"https:\/\/www.friedensplattform.at\/index.php?rest_route=\/wp\/v2\/posts\/5877","targetHints":{"allow":["GET"]}}],"collection":[{"href":"https:\/\/www.friedensplattform.at\/index.php?rest_route=\/wp\/v2\/posts"}],"about":[{"href":"https:\/\/www.friedensplattform.at\/index.php?rest_route=\/wp\/v2\/types\/post"}],"author":[{"embeddable":true,"href":"https:\/\/www.friedensplattform.at\/index.php?rest_route=\/wp\/v2\/users\/3"}],"replies":[{"embeddable":true,"href":"https:\/\/www.friedensplattform.at\/index.php?rest_route=%2Fwp%2Fv2%2Fcomments&post=5877"}],"version-history":[{"count":1,"href":"https:\/\/www.friedensplattform.at\/index.php?rest_route=\/wp\/v2\/posts\/5877\/revisions"}],"predecessor-version":[{"id":5879,"href":"https:\/\/www.friedensplattform.at\/index.php?rest_route=\/wp\/v2\/posts\/5877\/revisions\/5879"}],"wp:attachment":[{"href":"https:\/\/www.friedensplattform.at\/index.php?rest_route=%2Fwp%2Fv2%2Fmedia&parent=5877"}],"wp:term":[{"taxonomy":"category","embeddable":true,"href":"https:\/\/www.friedensplattform.at\/index.php?rest_route=%2Fwp%2Fv2%2Fcategories&post=5877"},{"taxonomy":"post_tag","embeddable":true,"href":"https:\/\/www.friedensplattform.at\/index.php?rest_route=%2Fwp%2Fv2%2Ftags&post=5877"}],"curies":[{"name":"wp","href":"https:\/\/api.w.org\/{rel}","templated":true}]}}