{"id":59,"date":"2006-12-05T21:26:45","date_gmt":"2006-12-05T19:26:45","guid":{"rendered":"http:\/\/www.luxorbis.org\/friedensplattform.at\/?p=59"},"modified":"2006-12-05T21:26:45","modified_gmt":"2006-12-05T19:26:45","slug":"alternative-gewerkschafterinnenkonferenz","status":"publish","type":"post","link":"https:\/\/www.friedensplattform.at\/?p=59","title":{"rendered":"ALTERNATIVE GEWERKSCHAFTERINNENKONFERENZ"},"content":{"rendered":"<p>Wir m\u00f6chten Euch auf folgende Veranstaltung hinweisen:<\/p>\n<p>Alternative GewerkschafterInnenkonferenz<\/p>\n<p><strong>Samstag den 9.Dezember<\/strong> in Wien (<strong>Saal der Arbeiterkammer 1040  Theresianumg.16-18<\/strong>) von <strong>11-16 Uhr<\/strong> ( Saal\u00f6ffnung 10,30h &#8211; kalte Verpflegung  wird vorbereitet )<\/p>\n<p><!--more--><\/p>\n<p>Der \u00d6GB befindet sich in einer fundamentalen Krise- nicht erst seit dem  BAWAG-Skandal. Der Skandal hat die tiefsitzenden Krisenfaktoren nur  dramatisch zugespitzt.<\/p>\n<p>Es besteht die Gefahr, da\u00df trotz der konzeptionellen, organisatorischen  und finanziellen Probleme die<br \/>\n\u00d6GB-F\u00fchrung bald wieder zur &#8220; Tagesordnung wie gehabt &#8220; \u00fcbergeht. Der  bisherige &#8220; \u00d6GB- Reformproze\u00df&#8220; l\u00e4\u00dft jedenfalls wenig Positives erwarten.<\/p>\n<p>Im Hinblick auf den \u00d6GB-Kongre\u00df im J\u00e4nner 2007 veranstalten  wir daher  Samstag den 9.Dezember in Wien( Saal der Arbeiterkammer 1040  Theresianumg.16-18) von 11-16 Uhr ( Saal\u00f6ffnung 10,30h &#8211; kalte Verpflegung  wird vorbereitet ) eine -gesamt\u00f6sterreichische- politisch breite,  \u00fcberfraktionelle<\/p>\n<p>ALTERNATIVE GEWERKSCHAFTERINNENKONFERENZ .<\/p>\n<p>Insbesonders wird es dabei um drei Punkte gehen:<\/p>\n<p>-Wir brauchen eine k\u00e4mpferischen und nicht einen zahmen \u00d6GB<\/p>\n<p>&#8211; Wir brauchen einen radikal demokratischen \u00d6GB<\/p>\n<p>&#8211; Wir brauchen einen \u00d6GB, der sich weit \u00f6ffnet hin zu den  Besch\u00e4ftigungslosen, atypisch Besch\u00e4ftigten, ImmigrantInnen, Frauen und  sozialen Bewegungen<\/p>\n<p>Unser Ziel ist es, auf der Basis der Konferenzergebnisse  EINIGE PUNKTE  GEMEINSAM in die Debatten auf dem \u00d6GB-Kongre\u00df einzubringen. Dar\u00fcberhinaus  wollen wir uns darum k\u00fcmmern, da\u00df unsere kritischen Positionen nach dem  Kongre\u00df nicht &#8211; in Protokollen-  verschimmeln, sondern in die Praxis  umgesetzt werden.<\/p>\n<p>Bitte ruft &#8211; bald !- an bzw. sendet mails  damit  wir  wissen , mit  wieviel TeilnehmerInnen  in etwa zu rechnen ist .<\/p>\n<p>F\u00fcr  die Vorbereitungsgruppe : Hermann Dworczak ( 0676 \/ 972 31 10 )<\/p>\n","protected":false},"excerpt":{"rendered":"<p>Wir m\u00f6chten Euch auf folgende Veranstaltung hinweisen: Alternative GewerkschafterInnenkonferenz Samstag den 9.Dezember in Wien (Saal der Arbeiterkammer 1040 Theresianumg.16-18) von 11-16 Uhr ( Saal\u00f6ffnung 10,30h &#8211; kalte Verpflegung wird vorbereitet )<\/p>\n","protected":false},"author":1,"featured_media":0,"comment_status":"open","ping_status":"open","sticky":false,"template":"","format":"standard","meta":{"footnotes":""},"categories":[1],"tags":[],"class_list":["post-59","post","type-post","status-publish","format-standard","hentry","category-allgemein"],"_links":{"self":[{"href":"https:\/\/www.friedensplattform.at\/index.php?rest_route=\/wp\/v2\/posts\/59","targetHints":{"allow":["GET"]}}],"collection":[{"href":"https:\/\/www.friedensplattform.at\/index.php?rest_route=\/wp\/v2\/posts"}],"about":[{"href":"https:\/\/www.friedensplattform.at\/index.php?rest_route=\/wp\/v2\/types\/post"}],"author":[{"embeddable":true,"href":"https:\/\/www.friedensplattform.at\/index.php?rest_route=\/wp\/v2\/users\/1"}],"replies":[{"embeddable":true,"href":"https:\/\/www.friedensplattform.at\/index.php?rest_route=%2Fwp%2Fv2%2Fcomments&post=59"}],"version-history":[{"count":0,"href":"https:\/\/www.friedensplattform.at\/index.php?rest_route=\/wp\/v2\/posts\/59\/revisions"}],"wp:attachment":[{"href":"https:\/\/www.friedensplattform.at\/index.php?rest_route=%2Fwp%2Fv2%2Fmedia&parent=59"}],"wp:term":[{"taxonomy":"category","embeddable":true,"href":"https:\/\/www.friedensplattform.at\/index.php?rest_route=%2Fwp%2Fv2%2Fcategories&post=59"},{"taxonomy":"post_tag","embeddable":true,"href":"https:\/\/www.friedensplattform.at\/index.php?rest_route=%2Fwp%2Fv2%2Ftags&post=59"}],"curies":[{"name":"wp","href":"https:\/\/api.w.org\/{rel}","templated":true}]}}