{"id":5901,"date":"2020-05-04T08:17:44","date_gmt":"2020-05-04T08:17:44","guid":{"rendered":"http:\/\/www.friedensplattform.at\/?p=5901"},"modified":"2020-05-04T08:17:44","modified_gmt":"2020-05-04T08:17:44","slug":"2-mai-gedenktag-an-das-massaker-in-odessa","status":"publish","type":"post","link":"https:\/\/www.friedensplattform.at\/?p=5901","title":{"rendered":"2. Mai: Gedenktag an das Massaker in Odessa"},"content":{"rendered":"<p><img loading=\"lazy\" decoding=\"async\" class=\"alignleft\" src=\"https:\/\/odessasolidaritycampaign.files.wordpress.com\/2016\/05\/cropped-memorial5.jpg\" alt=\"\" width=\"371\" height=\"123\" \/><\/p>\n<p>Am 2. Mai 2020 j\u00e4hrt sich zum 6. Mal das von den Faschisten angef\u00fchrte Massaker an zahlreichen Progressiven im Haus der Gewerkschaften auf dem Kulikowo-Platz in Odessa, Ukraine. Bis heute ist noch keiner der T\u00e4ter dieses abscheulichen Verbrechens bestraft worden. Die ukrainische Regierung hat niemals eine unabh\u00e4ngige internationale Untersuchung zugelassen. Angeh\u00f6rige der Opfer werden nach wie vor unterdr\u00fcckt.<\/p>\n<p><!--more--><\/p>\n<p>An diesem wichtigen Tag schlie\u00dft sich die Solidarit\u00e4tskampagne von Odessa mit ihren Freunden und Verb\u00fcndeten in aller Welt zusammen, um Gerechtigkeit f\u00fcr die Opfer und ihre Familien zu fordern.<\/p>\n<p>Wir wiederholen die Worte, die wir in Odessa auf eine Wand geschrieben gesehen haben:<\/p>\n<p>WIR VERGESSEN NICHT &#8211; WIR VERZEIHEN NICHT!<\/p>\n<p>F\u00fcr weitere Informationen lesen Sie bitte die Beitr\u00e4ge auf dieser Website durch. Teilen Sie die Informationen und helfen Sie mit, die Bewegung f\u00fcr Gerechtigkeit aufzubauen.<\/p>\n<p>DENKEN SIE AN ODESSA 2. MAI!<\/p>\n<p>https:\/\/odessasolidaritycampaign.org\/<\/p>\n<p>&nbsp;<\/p>\n","protected":false},"excerpt":{"rendered":"<p>Am 2. Mai 2020 j\u00e4hrt sich zum 6. Mal das von den Faschisten angef\u00fchrte Massaker an zahlreichen Progressiven im Haus der Gewerkschaften auf dem Kulikowo-Platz in Odessa, Ukraine. Bis heute ist noch keiner der T\u00e4ter dieses abscheulichen Verbrechens bestraft worden. Die ukrainische Regierung hat niemals eine unabh\u00e4ngige internationale Untersuchung zugelassen. Angeh\u00f6rige der Opfer werden nach &hellip; <a href=\"https:\/\/www.friedensplattform.at\/?p=5901\" class=\"more-link\"><span class=\"screen-reader-text\">2. Mai: Gedenktag an das Massaker in Odessa<\/span> weiterlesen <span class=\"meta-nav\">&rarr;<\/span><\/a><\/p>\n","protected":false},"author":3,"featured_media":0,"comment_status":"open","ping_status":"open","sticky":false,"template":"","format":"standard","meta":{"footnotes":""},"categories":[1,71],"tags":[],"class_list":["post-5901","post","type-post","status-publish","format-standard","hentry","category-allgemein","category-antifaschismus"],"_links":{"self":[{"href":"https:\/\/www.friedensplattform.at\/index.php?rest_route=\/wp\/v2\/posts\/5901","targetHints":{"allow":["GET"]}}],"collection":[{"href":"https:\/\/www.friedensplattform.at\/index.php?rest_route=\/wp\/v2\/posts"}],"about":[{"href":"https:\/\/www.friedensplattform.at\/index.php?rest_route=\/wp\/v2\/types\/post"}],"author":[{"embeddable":true,"href":"https:\/\/www.friedensplattform.at\/index.php?rest_route=\/wp\/v2\/users\/3"}],"replies":[{"embeddable":true,"href":"https:\/\/www.friedensplattform.at\/index.php?rest_route=%2Fwp%2Fv2%2Fcomments&post=5901"}],"version-history":[{"count":1,"href":"https:\/\/www.friedensplattform.at\/index.php?rest_route=\/wp\/v2\/posts\/5901\/revisions"}],"predecessor-version":[{"id":5903,"href":"https:\/\/www.friedensplattform.at\/index.php?rest_route=\/wp\/v2\/posts\/5901\/revisions\/5903"}],"wp:attachment":[{"href":"https:\/\/www.friedensplattform.at\/index.php?rest_route=%2Fwp%2Fv2%2Fmedia&parent=5901"}],"wp:term":[{"taxonomy":"category","embeddable":true,"href":"https:\/\/www.friedensplattform.at\/index.php?rest_route=%2Fwp%2Fv2%2Fcategories&post=5901"},{"taxonomy":"post_tag","embeddable":true,"href":"https:\/\/www.friedensplattform.at\/index.php?rest_route=%2Fwp%2Fv2%2Ftags&post=5901"}],"curies":[{"name":"wp","href":"https:\/\/api.w.org\/{rel}","templated":true}]}}