{"id":597,"date":"2009-01-11T22:58:00","date_gmt":"2009-01-11T20:58:00","guid":{"rendered":"http:\/\/www.luxorbis.org\/friedensplattform.at\/?p=597"},"modified":"2009-01-11T22:58:00","modified_gmt":"2009-01-11T20:58:00","slug":"bilder-von-der-kundgebung-am-10012009","status":"publish","type":"post","link":"https:\/\/www.friedensplattform.at\/?p=597","title":{"rendered":"Bilder von der Kundgebung am 10.01.2009"},"content":{"rendered":"<p>Bilder von der Kundgebung &#8222;F\u00fcr einen gerechten Frieden zwischen Israel und Pal\u00e4stina&#8220;, welche\u00a0 am Samstag 10.01.2009 in Graz stattgefunden hat findet ihr hier:<\/p>\n<p><a href=\"http:\/\/www.luxorbis.org\/friedensplattform.at\/wp-content\/uploads\/pixlie\/pixlie.php?action=showgallery&amp;pfad=090110_Demo_Gaza\"><img loading=\"lazy\" decoding=\"async\" class=\"alignnone size-full wp-image-598\" title=\"Kundgebung_20090110\" src=\"http:\/\/www.luxorbis.org\/friedensplattform.at\/wp-content\/uploads\/2009\/01\/dsc_0067.jpg\" alt=\"Kundgebung_20090110\" width=\"480\" height=\"319\" \/><\/a><\/p>\n<p>Die Fotos wurden uns freundlicher Weise von Athanasis Boulgaropoulos zur Verf\u00fcgung gestellt. Danke!<\/p>\n<p><a href=\"http:\/\/www.luxorbis.org\/friedensplattform.at\/wp-content\/uploads\/2009\/01\/gaza2009.pdf\">Flugblatt<\/a><\/p>\n<p><a title=\"Bildgalerie Kundgebung 20090110\" href=\"http:\/\/www.luxorbis.org\/friedensplattform.at\/wp-content\/uploads\/pixlie\/pixlie.php?action=showgallery&amp;pfad=090110_Demo_Gaza\" target=\"_blank\">Zur Bildgalerie<\/a><\/p>\n<p>Link zum Beitrag in der Sendung von &#8222;Steiermark heute&#8220;:<br \/>\n<a title=\"ORF Steiermark Heute\" href=\"http:\/\/ondemand.orf.at\/bheute\/player.php?id=stm&amp;day=2009-01-10&amp;offset=00:11:06\" target=\"_blank\">Beitrag von der Kundgebung in ORF Steiermark Heute<\/a><br \/>\nFalls ihr es \u00fcber einen externen Player anschauen m\u00fcsst, der Beitrag \u00fcber die Kundgebung beginnt kurz nach Minute 11.<\/p>\n","protected":false},"excerpt":{"rendered":"<p>Bilder von der Kundgebung &#8222;F\u00fcr einen gerechten Frieden zwischen Israel und Pal\u00e4stina&#8220;, welche\u00a0 am Samstag 10.01.2009 in Graz stattgefunden hat findet ihr hier: Die Fotos wurden uns freundlicher Weise von Athanasis Boulgaropoulos zur Verf\u00fcgung gestellt. Danke! Flugblatt Zur Bildgalerie Link zum Beitrag in der Sendung von &#8222;Steiermark heute&#8220;: Beitrag von der Kundgebung in ORF Steiermark &hellip; <a href=\"https:\/\/www.friedensplattform.at\/?p=597\" class=\"more-link\"><span class=\"screen-reader-text\">Bilder von der Kundgebung am 10.01.2009<\/span> weiterlesen <span class=\"meta-nav\">&rarr;<\/span><\/a><\/p>\n","protected":false},"author":1,"featured_media":0,"comment_status":"open","ping_status":"open","sticky":false,"template":"","format":"standard","meta":{"footnotes":""},"categories":[5],"tags":[],"class_list":["post-597","post","type-post","status-publish","format-standard","hentry","category-arabischer-raum"],"_links":{"self":[{"href":"https:\/\/www.friedensplattform.at\/index.php?rest_route=\/wp\/v2\/posts\/597","targetHints":{"allow":["GET"]}}],"collection":[{"href":"https:\/\/www.friedensplattform.at\/index.php?rest_route=\/wp\/v2\/posts"}],"about":[{"href":"https:\/\/www.friedensplattform.at\/index.php?rest_route=\/wp\/v2\/types\/post"}],"author":[{"embeddable":true,"href":"https:\/\/www.friedensplattform.at\/index.php?rest_route=\/wp\/v2\/users\/1"}],"replies":[{"embeddable":true,"href":"https:\/\/www.friedensplattform.at\/index.php?rest_route=%2Fwp%2Fv2%2Fcomments&post=597"}],"version-history":[{"count":0,"href":"https:\/\/www.friedensplattform.at\/index.php?rest_route=\/wp\/v2\/posts\/597\/revisions"}],"wp:attachment":[{"href":"https:\/\/www.friedensplattform.at\/index.php?rest_route=%2Fwp%2Fv2%2Fmedia&parent=597"}],"wp:term":[{"taxonomy":"category","embeddable":true,"href":"https:\/\/www.friedensplattform.at\/index.php?rest_route=%2Fwp%2Fv2%2Fcategories&post=597"},{"taxonomy":"post_tag","embeddable":true,"href":"https:\/\/www.friedensplattform.at\/index.php?rest_route=%2Fwp%2Fv2%2Ftags&post=597"}],"curies":[{"name":"wp","href":"https:\/\/api.w.org\/{rel}","templated":true}]}}