{"id":6013,"date":"2020-08-09T18:02:20","date_gmt":"2020-08-09T18:02:20","guid":{"rendered":"http:\/\/www.friedensplattform.at\/?p=6013"},"modified":"2020-08-09T18:04:28","modified_gmt":"2020-08-09T18:04:28","slug":"einladung-zu-einer-palaestina-veranstaltung-auf-der-ochsenalm","status":"publish","type":"post","link":"https:\/\/www.friedensplattform.at\/?p=6013","title":{"rendered":"EINLADUNG zu einer PAL\u00c4STINA-VERANSTALTUNG auf der OCHSENALM"},"content":{"rendered":"<p>bei Niklasdorf (nahe Leoben), wo der Pal\u00e4stina-Aktivist Franz S\u00f6lkner mit Familie seit Jahren im Sommer zusammen mit ca. 40 Rindviehern als Halter werkt. <strong>Christine H\u00f6dl, Teilnehmerin am EAPPI-Programm, berichtet von ihrer Reise und Aufenthalt in Pal\u00e4stina<\/strong>.<\/p>\n<p><a href=\"http:\/\/www.friedensplattform.at\/wp-content\/uploads\/2020\/08\/PalSol\u00d6-Logo_Ochsenstall-1-.jpg\"><img loading=\"lazy\" decoding=\"async\" class=\"wp-image-6015 alignnone\" src=\"http:\/\/www.friedensplattform.at\/wp-content\/uploads\/2020\/08\/PalSol\u00d6-Logo_Ochsenstall-1--225x300.jpg\" alt=\"\" width=\"168\" height=\"224\" srcset=\"https:\/\/www.friedensplattform.at\/wp-content\/uploads\/2020\/08\/PalSol\u00d6-Logo_Ochsenstall-1--225x300.jpg 225w, https:\/\/www.friedensplattform.at\/wp-content\/uploads\/2020\/08\/PalSol\u00d6-Logo_Ochsenstall-1--768x1024.jpg 768w, https:\/\/www.friedensplattform.at\/wp-content\/uploads\/2020\/08\/PalSol\u00d6-Logo_Ochsenstall-1-.jpg 1200w\" sizes=\"auto, (max-width: 168px) 100vw, 168px\" \/><\/a><!--more--><\/p>\n<p>&nbsp;<\/p>\n<p>&nbsp;<\/p>\n<p>&nbsp;<\/p>\n<p>&nbsp;<\/p>\n<p>&nbsp;<\/p>\n<p>&nbsp;<\/p>\n<p>&nbsp;<\/p>\n<p>Der Ochsenstall liegt auf 1240 m Seeh\u00f6he. Wer auf der Mugel \u00fcbernachten m\u00f6chte, m\u00fcsste nach der Veranstaltung noch ca. 40 Min. h\u00f6herwandern, dort auf 1630 m ist das Mugelschutzhaus mit reichlichen Schlafpl\u00e4tzen (teilweise auch in Zimmern). Reservierung unter <a href=\"http:\/\/www.mugel-schutzhaus.at\/Reservierung\/Zimmerreservierung\/\" target=\"_blank\" rel=\"noopener noreferrer\" data-extlink=\"\">http:\/\/www.mugel-schutzhaus.at\/Reservierung\/Zimmerreservierung\/<span class=\"ext\"><span class=\"element-invisible\">(link is external)<\/span><\/span><\/a> .\u00a0 Die Wegbeschreibung siehe unten an.<\/p>\n<p>&nbsp;<\/p>\n<p><strong>PAL\u00c4STINA<\/strong><strong> UND <\/strong><strong>ISRAEL<\/strong> <strong>&#8211;<\/strong><\/p>\n<p><strong>(UN)HEILIGES LAND?<\/strong><\/p>\n<p>&nbsp;<\/p>\n<p>Powerpointvortrag<\/p>\n<p><strong>Christine H\u00f6dl <\/strong><\/p>\n<p><strong>berichtet \u00fcber ihre<\/strong><\/p>\n<p><strong>Friedenseins\u00e4tze in Pal\u00e4stina<\/strong><\/p>\n<p>Historische Einleitung: Franz S\u00f6lkner<\/p>\n<p>&nbsp;<\/p>\n<p><strong>Jausenstation Ochsenstall<\/strong><\/p>\n<p>(auf der Mugel bei Niklasdorf)<\/p>\n<p><strong>Samstag, 22. August 2020, 16:00<\/strong><\/p>\n<p>&nbsp;<\/p>\n<p>&nbsp;<\/p>\n<p>&nbsp;<\/p>\n<p>&nbsp;<\/p>\n<p>WEGBESCHREIBUNG<\/p>\n<p><strong>a) mit dem Zug + zu Fu\u00df:<\/strong><strong> Bhf. Niklasdorf bis Ochsenstall: ca. 2,5 Stdn.<\/strong><\/p>\n<p>&gt; vom Bhf. zu Fu\u00df entlang der Hauptstra\u00dfe ca. 300 m zur\u00fcck Richtung Bruck<\/p>\n<p>&gt; visavis dem Penny-Markt (links) die Stra\u00dfe halbrechts hinauf<\/p>\n<p>&gt; \u00fcber die Bahn\u00fcbersetzung dr\u00fcber und die Bergstra\u00dfe geradeaus bis zu deren<\/p>\n<p>Einm\u00fcndung in die Grabenstra\u00dfe<\/p>\n<p>&gt; dort links, immer geradeaus die Grabenstra\u00dfe hinauf bis zu einer T-Kreuzung, dort rechts auf dem geschotterten Mugelweg \u00fcber den Winterparkplatz (offene Schranke) und den Sommerpark (Panoramatafel links und geschlossene\u00a0 Schranke) bis zum Jagdhaus rechts neben dem Weg<\/p>\n<p>&gt; 30 m oberhalb des Jagdhauses rechts der Markierung des Waldweges folgen bis\u00a0 zum Ochsenstall<\/p>\n<p>(die wenig steilere Alternative: Vom Jagdhaus einfach der Stra\u00dfe entlang bis zum Ochsenstall)<\/p>\n<p><strong>b) mit dem Auto + zu Fu\u00df:<\/strong> <strong>Navi-Eingabe: Niklasdorf, Mugelweg 4<\/strong><\/p>\n<p>&gt; Von Bruck kommend Schnellstra\u00dfenausfahrt Niklasdorf dann auf der<\/p>\n<p>Landesstra\u00dfe nach rechts Richtung Ortsmitte, nach ca. 300 m<\/p>\n<p>&gt; vis a vis Tischlerei K\u00f6lbl (Haus mit Holzverschalung und gelbem<\/p>\n<p>Symbolhobel rechts an der Stra\u00dfe) und nach der KFZ-Firma KIA links, schr\u00e4g<\/p>\n<p>hinauf \u00fcber die \u00d6BB-\u00dcberf\u00fchrung<\/p>\n<p>&gt; nach der Bahn\u00fcberf\u00fchrung rechts (Schild &#8222;Zur Mugel&#8220;) in die Depotstra\u00dfe<\/p>\n<p>&gt; nach 150 m bei\u00a0 Peintis Depotst\u00fcberl links in die Grabenstra\u00dfe<\/p>\n<p>&gt; ca. 1200 m immer geradeaus bis zu einer T-Kreuzung, dort rechts in den (nur mehr geschotterten) Muglweg immer bergauf bis zum Sommerparkplatz (bei der gro\u00dfen Panorama-Karte). Dort parken.<\/p>\n<p>&gt; zu Fu\u00df weiter entlang dem Muglweg bis zum Jagdhaus rechts<\/p>\n<p>&gt; von dort wie oben unter a beschrieben.<\/p>\n<p><strong>\u00a0Ab Parkplatz ca. 70 Minuten!<\/strong><\/p>\n","protected":false},"excerpt":{"rendered":"<p>bei Niklasdorf (nahe Leoben), wo der Pal\u00e4stina-Aktivist Franz S\u00f6lkner mit Familie seit Jahren im Sommer zusammen mit ca. 40 Rindviehern als Halter werkt. Christine H\u00f6dl, Teilnehmerin am EAPPI-Programm, berichtet von ihrer Reise und Aufenthalt in Pal\u00e4stina.<\/p>\n","protected":false},"author":3,"featured_media":0,"comment_status":"open","ping_status":"open","sticky":false,"template":"","format":"standard","meta":{"footnotes":""},"categories":[18,19],"tags":[],"class_list":["post-6013","post","type-post","status-publish","format-standard","hentry","category-palaestina-solidaritaet","category-termine"],"_links":{"self":[{"href":"https:\/\/www.friedensplattform.at\/index.php?rest_route=\/wp\/v2\/posts\/6013","targetHints":{"allow":["GET"]}}],"collection":[{"href":"https:\/\/www.friedensplattform.at\/index.php?rest_route=\/wp\/v2\/posts"}],"about":[{"href":"https:\/\/www.friedensplattform.at\/index.php?rest_route=\/wp\/v2\/types\/post"}],"author":[{"embeddable":true,"href":"https:\/\/www.friedensplattform.at\/index.php?rest_route=\/wp\/v2\/users\/3"}],"replies":[{"embeddable":true,"href":"https:\/\/www.friedensplattform.at\/index.php?rest_route=%2Fwp%2Fv2%2Fcomments&post=6013"}],"version-history":[{"count":2,"href":"https:\/\/www.friedensplattform.at\/index.php?rest_route=\/wp\/v2\/posts\/6013\/revisions"}],"predecessor-version":[{"id":6019,"href":"https:\/\/www.friedensplattform.at\/index.php?rest_route=\/wp\/v2\/posts\/6013\/revisions\/6019"}],"wp:attachment":[{"href":"https:\/\/www.friedensplattform.at\/index.php?rest_route=%2Fwp%2Fv2%2Fmedia&parent=6013"}],"wp:term":[{"taxonomy":"category","embeddable":true,"href":"https:\/\/www.friedensplattform.at\/index.php?rest_route=%2Fwp%2Fv2%2Fcategories&post=6013"},{"taxonomy":"post_tag","embeddable":true,"href":"https:\/\/www.friedensplattform.at\/index.php?rest_route=%2Fwp%2Fv2%2Ftags&post=6013"}],"curies":[{"name":"wp","href":"https:\/\/api.w.org\/{rel}","templated":true}]}}