{"id":6021,"date":"2020-08-07T18:37:00","date_gmt":"2020-08-07T18:37:00","guid":{"rendered":"http:\/\/www.friedensplattform.at\/?p=6021"},"modified":"2020-08-09T19:07:41","modified_gmt":"2020-08-09T19:07:41","slug":"rede-der-stfp-auf-der-demo-gegen-zunehmende-militaerkooperation-mit-israel","status":"publish","type":"post","link":"https:\/\/www.friedensplattform.at\/?p=6021","title":{"rendered":"Rede der STFP auf der Demo gegen zunehmende (Milit\u00e4r)kooperation mit Israel"},"content":{"rendered":"<h3 class=\"page-header\"><a href=\"http:\/\/www.friedensplattform.at\/wp-content\/uploads\/2020\/08\/Demo-Wien2.jpg\"><img loading=\"lazy\" decoding=\"async\" class=\"size-full wp-image-6027 alignleft\" src=\"http:\/\/www.friedensplattform.at\/wp-content\/uploads\/2020\/08\/Demo-Wien2.jpg\" alt=\"\" width=\"200\" height=\"200\" srcset=\"https:\/\/www.friedensplattform.at\/wp-content\/uploads\/2020\/08\/Demo-Wien2.jpg 200w, https:\/\/www.friedensplattform.at\/wp-content\/uploads\/2020\/08\/Demo-Wien2-150x150.jpg 150w\" sizes=\"auto, (max-width: 200px) 100vw, 200px\" \/><\/a>Am Montag, den 3. August 2020 forderten in Wien \u00fcber hundert Leute die Absage eines Cyber-Man\u00f6vers, das diese Woche in M\u00fcnchen stattfindet. Beteiligt sind Soldaten \u00d6sterreichs, Deutschlands und Israels und trainiert werden Hackbacks, also Cyberangriffe. Darum fand die Schlusskundgebung auch vor der Stiftskaserne statt, wo das zust\u00e4ndige Milit\u00e4rkommando seinen Sitz hat.<\/h3>\n<p>Mehr zur Demo: <a href=\"https:\/\/www.palaestinasolidaritaet.at\/de\/4539\">https:\/\/www.palaestinasolidaritaet.at\/de\/4539<\/a><\/p>\n<p>Rede Steirische Friedensplattform-&gt;<\/p>\n<p><!--more--><\/p>\n<p>Wir stehen hier vor dem <b>Informations-Kommunikations-Technologie und Cybersicherheitszentrum, einer Abteilung des <\/b>\u00d6sterreichischen Bundesheeres.<\/p>\n<p><span style=\"font-family: Verdana, sans-serif;\">Seine Aufgaben lesen sich im Internet nachvollziehbar, wie<\/span><\/p>\n<ul>\n<li><span style=\"font-family: Verdana, sans-serif;\">Betrieb eines zentralen Rechenzentrums oder<\/span><\/li>\n<li><span style=\"font-family: Verdana, sans-serif;\">Dienstleistungen im Bereich des milit\u00e4rischen Geowesens<a href=\"http:\/\/www.friedensplattform.at\/wp-content\/uploads\/2020\/08\/DEmo-Wien.jpg\"><img loading=\"lazy\" decoding=\"async\" class=\" wp-image-6023 alignright\" src=\"http:\/\/www.friedensplattform.at\/wp-content\/uploads\/2020\/08\/DEmo-Wien.jpg\" alt=\"\" width=\"220\" height=\"220\" srcset=\"https:\/\/www.friedensplattform.at\/wp-content\/uploads\/2020\/08\/DEmo-Wien.jpg 200w, https:\/\/www.friedensplattform.at\/wp-content\/uploads\/2020\/08\/DEmo-Wien-150x150.jpg 150w\" sizes=\"auto, (max-width: 220px) 100vw, 220px\" \/><\/a><\/span><\/li>\n<\/ul>\n<p><span style=\"font-family: Verdana, sans-serif;\">Recherchiert man weiter, finden sich dann doch Aufgaben wie<\/span><\/p>\n<ul>\n<li><span style=\"font-family: Verdana, sans-serif;\">Cyber Sicherheitsmanagement <\/span><\/li>\n<li><span style=\"font-family: Verdana, sans-serif;\">Cyber Security Operations <\/span><\/li>\n<li><span style=\"font-family: Verdana, sans-serif;\">Electronic Warfare Operational Support Center<\/span><\/li>\n<\/ul>\n<p><span style=\"font-family: Verdana, sans-serif;\">Beim Wort Electronic Warfare gilt es aufzumerken, denn da geht es nicht mehr um \u201eSecurity\u201c und \u201eDefense\u201c, sondern um <b>Kriegsf\u00fchrung<\/b>:<\/span><\/p>\n<p><span style=\"font-family: Verdana, sans-serif;\"><b>Elektronische Kriegsf\u00fchrung (EW) ist jede Handlung, die die Nutzung des elektromagnetischen Spektrums (EM-Spektrum) oder gerichteter Energie beinhaltet, um das Spektrum zu kontrollieren, einen Feind anzugreifen<\/b> &#8230;<a class=\"sdfootnoteanc\" href=\"#sdfootnote1sym\" name=\"sdfootnote1anc\"><sup>1<\/sup><\/a><\/span><\/p>\n<p><span style=\"font-family: Verdana, sans-serif;\">Wir wundern uns: Seit wann darf \u00d6sterreich \u201eeinen Feind angreifen\u201c?<\/span><\/p>\n<p><span style=\"font-family: Verdana, sans-serif;\">Hat man uns nicht seit der Volksschule erz\u00e4hlt, \u00d6sterreich sei ein neutrales Land? Das Bundesheer habe die Aufgabe der \u201eLandes<b>verteidigung<\/b>\u201c.Das Bundesverfassungsgesetz verbietet den Beitritt zu Milit\u00e4rb\u00fcndnissen und die Errichtung von fremden Milit\u00e4rst\u00fctzpunkten auf \u00f6sterreichischem Gebiet. <\/span><\/p>\n<p><span style=\"font-family: Verdana, sans-serif;\">Geht \u00d6sterreich mit Israel solche Art von Kooperationen ein, die als Errichtung eines fremden \u201eMilit\u00e4rst\u00fctzpunktes auf \u00f6sterr. Gebiet\u201c gewertet werden k\u00f6nnen? <\/span><\/p>\n<p><span style=\"font-family: Verdana, sans-serif;\">Es ist weithin unbekannt, dass die deutsche Bundeswehr ein Man\u00f6ver zur Reaktion auf Cyberangriffe in M\u00fcnchen durchf\u00fchrt. Die Mitbeteiligten sind \u00d6sterreich und Israel! KennerInnen gehen davon aus, dass \u201eHack Backs\u201c trainiert werden. <\/span><\/p>\n<p><span style=\"font-family: Verdana, sans-serif;\">Was ist ein <b>Hack-Back<\/b>?<\/span><\/p>\n<p><span style=\"font-family: Verdana, sans-serif;\">Es wird als \u201eaktive Cyberabwehr\u201c beschrieben,ist aber nichts anderes als ein Einhacken in fremde IT-Systeme. So soll im Falle eines digitalen Angriffs, z.B. auf Stromnetze oder andere wichtige Teile der Infrastruktur, nicht nur verteidigt, sondern angegriffen werden, also zur\u00fcckgehackt. Wenn nun fremde IT-Systeme durch so ein \u201eHack-Back\u201c zerst\u00f6rt werden, kann das weitreichende Folgen haben. Solch ein fremdes IT-System kann n\u00e4mlich ein f\u00fcr den Angriff gekapertes Krankenhaus sein und dann w\u00e4ren die Auswirkungen verheerend. Ein Hack-Back kann das System v\u00f6llig zerst\u00f6ren. <\/span><\/p>\n<p><span style=\"font-family: Verdana, sans-serif;\">Oder was, wenn das fremde System zur\u00fcckhackt? Eine hochgef\u00e4hrliche Eskalationsspirale mit un\u00fcbersehbaren Folgen w\u00e4re in Gang gesetzt.<\/span><\/p>\n<p><span style=\"font-family: Verdana, sans-serif;\">Deshalb warnen ExpertInnen eindringlich vor dem Einsatz einer solchen Software!<\/span><\/p>\n<p><span style=\"font-family: Verdana, sans-serif;\">Ein weiterer Grund ist, dass es f\u00fcr den Einsatz dieser Hack Backs bestimmte Programme zu kaufen gibt. Hier kommt <b>die israelische Firma NSO<\/b> ins Spiel. Sie ist Spezialistin f\u00fcr Kauf und Verkauf von Codes, die das Eindringen in Sicherheitsl\u00fccken von Systemen erm\u00f6glichen. Wer diese Codes besitzt, hat eine extrem erpresserische Waffe in der Hand und es nicht gesagt, dass diese Codes nur einmal verkauft werden.<\/span><\/p>\n<p><span style=\"font-family: Verdana, sans-serif;\">Das Bundesheer w\u00fcrde auch <b>das V\u00f6lkerrecht brechen<\/b>, w\u00fcrde es in einem anderen Staat ein \u201eHack-Back\u201c anwenden. Das w\u00e4re aber sehr wahrscheinlich der Fall, da sich Angriffe \u00fcber mehrere Staaten erstrecken und nicht nachvollzogen werden kann, woher sie eigentlich kommen. Die Gefahr der Eskalation eines zwischenstaatlichen Konflikts liegt auf der Hand!<\/span><\/p>\n<p><span style=\"font-family: Verdana, sans-serif;\">\u00d6sterreich macht sich <b>mitschuldig an Menschenrechtsverbrechen<\/b>. Die NSO-Firma entstammt der Eliteeinheit Unit 8200.Die Software wurde gegen die Pal\u00e4stinenserInnen entwickelt und an ihnen getestet. Entsprechend verkauft NSO die Spyware Pegasus an Staaten, die sie gegen RegimekritikerInnen einsetzen: Marokko, Peru, Usbekistan, die VAR.<\/span><\/p>\n<p><span style=\"font-family: Verdana, sans-serif;\">Eine kanadische Firma hat nachgewiesen, dass nur \u00fcber einen whats-up Anruf bei einem Regimekritiker die \u00dcberwachungssoftware installiert werden konnte, sogar ohne dass er den Anruf angenommen hat.<\/span><\/p>\n<p><span style=\"font-family: Verdana, sans-serif;\">Goldman-Sachs und Blackstone haben in diese Firma investiert.<\/span><\/p>\n<p><span style=\"font-family: Verdana, sans-serif;\">Sie hat im Jahr 2018 einen Umsatz von rund 250 Millionen Dollar\u00a0gemacht.<\/span><\/p>\n<p><span style=\"font-family: Verdana, sans-serif;\">Israel zeigt sich ganz gro\u00df im \u201e<b>Krieg gegen den Terror<\/b>\u201c. Wen es mit \u201eTerroristen\u201c meint, hat es in den Gaza Kriegen gezeigt und beweist es t\u00e4glich aufs Neue: Es sind pal\u00e4stinensische ZivilistInnen, Kollateralsch\u00e4den im Krieg gegen die pal\u00e4stinensischen Fedayin, die ihr im V\u00f6lkerrecht verbrieftes Recht auf militanten Widerstand gegen die Besatzung wahrnehmen. <\/span><\/p>\n<p><span style=\"font-family: Verdana, sans-serif;\">Gezielte Kollateralsch\u00e4den.<\/span><\/p>\n<p><span style=\"font-family: Verdana, sans-serif;\">Auch die israelische Bev\u00f6lkerung wird mehr und mehr Adressatin eines v\u00f6llig aus dem Lot gekommenen \u00dcberwachungswahns, wie die Interventionen des israelischen Inlandsgeheimdienstes Shin Bet mit den Corona-Apps zeigten.<\/span><\/p>\n<p><span style=\"font-family: Verdana, sans-serif;\"><b>Soll \u00d6sterreich nun ein zweites Israel werden?<\/b><\/span><\/p>\n<p><span style=\"font-family: Verdana, sans-serif;\">Wenn es nach unseren Politikern geht, sieht es danach aus:<\/span><\/p>\n<p><span style=\"font-family: Verdana, sans-serif;\">Der SP-Politiker Doskozil hat schon 2016 die <b>Grenzanlagen<\/b> im Sinai inspiziert und sich dort Anregungen f\u00fcr die \u00dcberwachung der \u00f6sterr. Grenze geholt. Kein Problem f\u00fcr ihn, dass auch die US-mexikanische Grenze mit israelischer Spyware ausgestattet ist und schon tausenden Menschen das Leben gekostet hat. Dass der israelische Sperrwall, der den pal\u00e4stinensischen B\u00e4uerInnen weiteren Boden raubte mit dieser Technologie nahezu die gesamte Westbank \u00fcberwacht. <\/span><\/p>\n<p><span style=\"font-family: Verdana, sans-serif;\">Die \u201eTerroristen\u201c sind in Pal\u00e4stina wie Mexiko Menschen, die ein \u00dcberleben aus einem Elend suchen, das von genau jenen verursacht wurde, die sie jetzt von sich fernhalten wollen.<\/span><\/p>\n<p><span style=\"font-family: Verdana, sans-serif;\"><u>Wir fragen die IT-Krieger, die hinter diesen Mauern ihrem dunklen Handwerk nachgehen:<\/u><\/span><\/p>\n<ul>\n<li><span style=\"font-family: Verdana, sans-serif;\">Haben Sie jegliches Bekenntnis zu Menschenrecht und V\u00f6lkerrecht aufgegeben?<\/span><\/li>\n<li><span style=\"font-family: Verdana, sans-serif;\">Ist es Ihnen wirklich gleichg\u00fcltig, mit welchen Mitteln sie hantieren?<\/span><\/li>\n<li><span style=\"font-family: Verdana, sans-serif;\">Wen Sie damit treffen?<\/span><\/li>\n<li><span style=\"font-family: Verdana, sans-serif;\">Welche Folgen das haben kann?<\/span><\/li>\n<\/ul>\n<p><span style=\"font-family: Verdana, sans-serif;\">Ist den Verantwortlichen nicht klar, dass sie die \u00f6sterreichische Bev\u00f6lkerung v\u00f6llig an den Big-Data-Schlund der Konzerne wie Apple, Google etc. schleudern, wenn sie mit Programmen israelischer Herkunft arbeiten, die intensivst mit diesen Konzernen vernetzt sind? Sie machen B\u00fcrgerInnen zu gl\u00e4sernen Menschen und liefern sie irgendwelchen Profitinteressen aus.<\/span><\/p>\n<p><span style=\"font-family: Verdana, sans-serif;\">Wissen Sie nicht, dass die Einf\u00fchrung von <b>Smart Meter<\/b> in die \u00f6sterreichische Infrastruktur uns alle h\u00f6chsten Gefahren aussetzt? Wer die entscheidenden Codes hat, kann sie verkaufen, kann sie erpresserisch nutzen. <\/span><\/p>\n<p><span style=\"font-family: Verdana, sans-serif;\">Welche Software verkauft Frau Kern mit ihren guten Beziehungen nach Israel?<\/span><\/p>\n<p><span style=\"font-family: Verdana, sans-serif;\">Wer bezahlt im Falle einer Erpressung und\/oder eines gezielten Black-Outs? <\/span><\/p>\n<p><span style=\"font-family: Verdana, sans-serif;\">Die \u00f6sterreichische Bev\u00f6lkerung, und es stehen Menschenleben auf dem Spiel.<\/span><\/p>\n<p><span style=\"font-family: Verdana, sans-serif;\">Sind Sie in diesem Geb\u00e4ude derartig auf Krieg eingeschworen, dass sie das Offensichtliche nicht sehen, n\u00e4mlich dass <b>Sie<\/b> einem Staatsterror zuspielen?<\/span><\/p>\n<p><span style=\"font-family: Verdana, sans-serif;\">Ein Terror der im Kleid von Start-ups und Profitversprechen daherkommt?<\/span><\/p>\n<p><span style=\"font-family: Verdana, sans-serif;\">Ein Terror, der Sicherheit verspricht, indem er Unsicherheit schafft?<\/span><\/p>\n<p><span style=\"font-family: Verdana, sans-serif;\">Ein Terror, der mit dem Finger auf andere zeigt, derweil selbst seine unterirdischen Atomanlagen in Bereitschaft h\u00e4lt?<\/span><\/p>\n<p><span style=\"font-family: Verdana, sans-serif;\">H\u00f6ren Sie auf sich manipulieren zu lassen!<\/span><\/p>\n<p><span style=\"font-family: Verdana, sans-serif;\">Denken Sie nicht, dass Sie, wenn Sie mit den israelischen Geheimdiensten arbeiten, eine wei\u00dfe Weste haben!<\/span><\/p>\n<p><span style=\"font-family: Verdana, sans-serif;\">Kein Antisemit zu sein, ist etwas ganz anderes als mit der Macht zu heulen, kommt sie nun in blau, t\u00fcrkis, rot oder gr\u00fcn daher.<\/span><\/p>\n<p><span style=\"font-family: Verdana, sans-serif;\">Steigen Sie aus aus ihrer virtuellen Welt und kommen sie herunter zu uns. H\u00f6ren Sie die Geschichten der vertriebenen Pal\u00e4stinenserInnen, der syrischen und afghanischen Fl\u00fcchtlinge, der Muslime und MigrantInnen, die so gern als potentielle TerroristInnen pr\u00e4sentiert werden, um die Bev\u00f6lkerung aufzuhetzen und kriegskompatibel zu machen.<\/span><\/p>\n<p><strong><span style=\"font-family: Verdana, sans-serif;\">Wir fordern Sie auf, ihrer eigentlichen Aufgabe, dem Schutz und der Verteidigung des Landes nachzugehen, wie es in der Verfassung steht!<\/span><\/strong><\/p>\n<p><strong><span style=\"font-family: Verdana, sans-serif;\">Schaffen sie sichere Systeme, Datenschutz auf allen Ebenen und gehen Sie rigoros gegen Datenmissbrauch vor!<\/span><\/strong><\/p>\n<p><strong><span style=\"font-family: Verdana, sans-serif;\">Verweigern Sie die Verwendung von \u00dcberwachungs- und Kriegstechnologie aus Israel!<\/span><\/strong><\/p>\n<p><strong><span style=\"font-family: Verdana, sans-serif;\">Stehen Sie mit Julian Assange, Edward Snowden, Bradley Manning und mit uns ein f\u00fcr Freiheit, Gerechtigkeit und Frieden f\u00fcr alle V\u00f6lker und Menschen dieser Welt!<\/span><\/strong><\/p>\n<p><strong><span style=\"font-family: Verdana, sans-serif;\">Freiheit f\u00fcr Pal\u00e4stina!<\/span><\/strong><\/p>\n<div id=\"sdfootnote1\">\n<p class=\"sdfootnote\"><a class=\"sdfootnotesym\" href=\"#sdfootnote1anc\" name=\"sdfootnote1sym\">1<\/a><a href=\"https:\/\/en.wikipedia.org\/wiki\/Electronic_warfare\">https:\/\/en.wikipedia.org\/wiki\/Electronic_warfare<\/a> und<\/p>\n<p class=\"sdfootnote\"><span style=\"font-size: xx-small;\"><span style=\"font-family: sans-serif;\">Electronic Warfare oder <\/span>\u201e<span style=\"font-family: sans-serif;\">Elektronische Kampff\u00fchrung ist die Gesamtheit aller milit\u00e4rischen Ma\u00dfnahmen unter Ausn\u00fctzung elektromagnetischer Strahlung <\/span>\u2212<span style=\"font-family: sans-serif;\">zur Informationsgewinnung \u00fcber den Gegner <\/span>\u2212<span style=\"font-family: sans-serif;\">zur Verhinderung der Nutzung des elektromagnetischen Spektrum durch den Gegner sowie zur Sicherstellung der Nutzung des elektromagnetischen Spektrums f\u00fcr eigene Anwendungen. Zit. in <a href=\"https:\/\/www.bundesheer.at\/pdf_pool\/publikationen\/diplomarbeit_informationskrieg_publikation_lvak_20100902.pdf\">https:\/\/www.bundesheer.at\/pdf_pool\/publikationen\/diplomarbeit_informationskrieg_publikation_lvak_20100902.pdf<\/a>, S. 62<\/span><\/span><\/p>\n<\/div>\n<p>&nbsp;<\/p>\n<p><i><u><b>Helga Suleiman f\u00fcr die Steirische Friedensplattform: Rede vor der Stiftskaserne, 3.8.20, Wien<\/b><\/u><\/i><\/p>\n<h1 class=\"page-header\"><a href=\"http:\/\/www.friedensplattform.at\/wp-content\/uploads\/2020\/08\/Demo-Wien-3.jpg\"><img loading=\"lazy\" decoding=\"async\" class=\"alignnone size-medium wp-image-6025\" src=\"http:\/\/www.friedensplattform.at\/wp-content\/uploads\/2020\/08\/Demo-Wien-3.jpg\" alt=\"\" width=\"200\" height=\"200\" srcset=\"https:\/\/www.friedensplattform.at\/wp-content\/uploads\/2020\/08\/Demo-Wien-3.jpg 200w, https:\/\/www.friedensplattform.at\/wp-content\/uploads\/2020\/08\/Demo-Wien-3-150x150.jpg 150w\" sizes=\"auto, (max-width: 200px) 100vw, 200px\" \/><\/a><\/h1>\n","protected":false},"excerpt":{"rendered":"<p>Am Montag, den 3. August 2020 forderten in Wien \u00fcber hundert Leute die Absage eines Cyber-Man\u00f6vers, das diese Woche in M\u00fcnchen stattfindet. Beteiligt sind Soldaten \u00d6sterreichs, Deutschlands und Israels und trainiert werden Hackbacks, also Cyberangriffe. Darum fand die Schlusskundgebung auch vor der Stiftskaserne statt, wo das zust\u00e4ndige Milit\u00e4rkommando seinen Sitz hat. Mehr zur Demo: https:\/\/www.palaestinasolidaritaet.at\/de\/4539 &hellip; <a href=\"https:\/\/www.friedensplattform.at\/?p=6021\" class=\"more-link\"><span class=\"screen-reader-text\">Rede der STFP auf der Demo gegen zunehmende (Milit\u00e4r)kooperation mit Israel<\/span> weiterlesen <span class=\"meta-nav\">&rarr;<\/span><\/a><\/p>\n","protected":false},"author":3,"featured_media":0,"comment_status":"open","ping_status":"open","sticky":false,"template":"","format":"standard","meta":{"footnotes":""},"categories":[1,3],"tags":[],"class_list":["post-6021","post","type-post","status-publish","format-standard","hentry","category-allgemein","category-antimilitarismus"],"_links":{"self":[{"href":"https:\/\/www.friedensplattform.at\/index.php?rest_route=\/wp\/v2\/posts\/6021","targetHints":{"allow":["GET"]}}],"collection":[{"href":"https:\/\/www.friedensplattform.at\/index.php?rest_route=\/wp\/v2\/posts"}],"about":[{"href":"https:\/\/www.friedensplattform.at\/index.php?rest_route=\/wp\/v2\/types\/post"}],"author":[{"embeddable":true,"href":"https:\/\/www.friedensplattform.at\/index.php?rest_route=\/wp\/v2\/users\/3"}],"replies":[{"embeddable":true,"href":"https:\/\/www.friedensplattform.at\/index.php?rest_route=%2Fwp%2Fv2%2Fcomments&post=6021"}],"version-history":[{"count":3,"href":"https:\/\/www.friedensplattform.at\/index.php?rest_route=\/wp\/v2\/posts\/6021\/revisions"}],"predecessor-version":[{"id":6033,"href":"https:\/\/www.friedensplattform.at\/index.php?rest_route=\/wp\/v2\/posts\/6021\/revisions\/6033"}],"wp:attachment":[{"href":"https:\/\/www.friedensplattform.at\/index.php?rest_route=%2Fwp%2Fv2%2Fmedia&parent=6021"}],"wp:term":[{"taxonomy":"category","embeddable":true,"href":"https:\/\/www.friedensplattform.at\/index.php?rest_route=%2Fwp%2Fv2%2Fcategories&post=6021"},{"taxonomy":"post_tag","embeddable":true,"href":"https:\/\/www.friedensplattform.at\/index.php?rest_route=%2Fwp%2Fv2%2Ftags&post=6021"}],"curies":[{"name":"wp","href":"https:\/\/api.w.org\/{rel}","templated":true}]}}