{"id":6041,"date":"2020-08-17T19:23:52","date_gmt":"2020-08-17T19:23:52","guid":{"rendered":"http:\/\/www.friedensplattform.at\/?p=6041"},"modified":"2020-08-17T19:23:52","modified_gmt":"2020-08-17T19:23:52","slug":"internationale-solidaritaetserklaerung-mit-den-anti-rassistischen-protesten-in-den-usa","status":"publish","type":"post","link":"https:\/\/www.friedensplattform.at\/?p=6041","title":{"rendered":"Internationale Solidarit\u00e4tserkl\u00e4rung mit den anti-rassistischen Protesten in den USA"},"content":{"rendered":"<div id=\"content\" class=\"site-content\"><a href=\"https:\/\/internationalsolidarityblm.wordpress.com\/\" rel=\"home\"> <img loading=\"lazy\" decoding=\"async\" class=\"custom-header alignleft\" src=\"https:\/\/internationalsolidarityblm.files.wordpress.com\/2020\/07\/cropped-blm444.jpg\" alt=\"\" width=\"411\" height=\"202\" \/> <\/a><\/p>\n<div id=\"primary\" class=\"content-area\">\n<article id=\"post-100\" class=\"post-100 post type-post status-publish format-standard hentry category-uncategorized\">\n<header class=\"entry-header\">\n<h3 class=\"entry-title\">In diesem Fr\u00fchjahr war die ganze Welt schockiert und emp\u00f6rt \u00fcber den grausamen und vors\u00e4tzlichen Mord an George Floyd, einem Afroamerikaner in Minneapolis, im US-Bundestaat Minnesota, am 25. Mai 2020. Fast neun Minuten lang, wie in einem weit verbreiteten Video aufgezeichnet. kniete ein wei\u00dfer Polizist mit dem Knie auf Mr. Floyds Nacken, als der unbewaffnete Mann, der wegen eines geringf\u00fcgigen, gewaltfreien Verbrechens beschuldigt wurde, um sein Leben flehte und sagte: \u201eIch kann nicht atmen!\u201c<\/h3>\n<p><!--more--><\/p>\n<div class=\"entry-meta\"><span class=\"posted-on\"><a href=\"https:\/\/internationalsolidarityblm.wordpress.com\/2020\/07\/15\/internationale-solidaritatserklarung-mit-den-anti-rassistischen-protesten-in-den-usa\/\" rel=\"bookmark\"><time class=\"entry-date published\" datetime=\"2020-07-15T20:11:03+02:00\">July 15, 2020<\/time><\/a><\/span><span class=\"byline\"><span class=\"author vcard\"><span class=\"sep\"> ~ <\/span><a class=\"url fn n\" href=\"https:\/\/internationalsolidarityblm.wordpress.com\/author\/zeitgeistmusic\/\">Coop Anti-War Cafe Berlin<\/a><\/span><\/span><\/div>\n<\/header>\n<div class=\"entry-content\">\n<div class=\"o9v6fnle cxmmr5t8 oygrvhab hcukyx3x c1et5uql\">\n<p>Dieses j\u00fcngste Beispiel einer scheinbar endlosen Reihe von Polizeimorden an Afro-Amerikanern hat das Gewissen des US-amerikanischen Volkes schockiert und zu Protesten in mehr als 2.000 St\u00e4dten und Gemeinden in mehr als 60 L\u00e4ndern gef\u00fchrt. Das sorgf\u00e4ltig gepflegte Bild der USA als ein Leuchtfeuer der Menschenrechte wurde durch die emp\u00f6rten Schreie eines w\u00fctenden Volkes ersch\u00fcttert.<\/p>\n<\/div>\n<div class=\"o9v6fnle cxmmr5t8 oygrvhab hcukyx3x c1et5uql\">\n<p>Die Proteste wurden selbst mit zahlreichen F\u00e4llen von Polizeibrutalit\u00e4t konfrontiert, darunter der Einsatz chemischer Kampfstoffe und \u201enicht t\u00f6dlicher\u201c Projektile. Bis zum 30. Juni waren rund 14.000 Menschen festgenommen worden, w\u00e4hrend mehr als 30 US-Bundesstaaten und Washington DC mehr als 62.000 Mitglieder der Nationalgarde aktiviert hatten.<\/p>\n<\/div>\n<div class=\"o9v6fnle cxmmr5t8 oygrvhab hcukyx3x c1et5uql\">\n<p>Wir erkennen an, dass diese Proteste eine echte und gerechtfertigte Rebellion gegen Polizeimorde im Besonderen und gegen systemischen Rassismus im Allgemeinen sind, die haupts\u00e4chlich von der afroamerikanischen Gemeinschaft angef\u00fchrt wird und an der Hunderttausende Menschen anderer Ethnien teilnehmen.<\/p>\n<\/div>\n<div class=\"o9v6fnle cxmmr5t8 oygrvhab hcukyx3x c1et5uql\">\n<p>Wir erkl\u00e4ren hiermit, dass die fried- und gerechtigkeitsliebenden Menschen der Welt in Solidarit\u00e4t mit diesem gerechten Kampf stehen und unsere Stimmen denen der mutigen Demonstranten hinzuf\u00fcgen, die heute auf den Stra\u00dfen der USA stehen.<\/p>\n<\/div>\n<div class=\"o9v6fnle cxmmr5t8 oygrvhab hcukyx3x c1et5uql\">\n<p><strong>Wir fordern:<\/strong><\/p>\n<\/div>\n<div class=\"o9v6fnle cxmmr5t8 oygrvhab hcukyx3x c1et5uql\">\n<p><strong>1 \u2013 Das sofortige Ende der T\u00f6tung von Afro-Amerikaner*innen und anderen farbigen Personen durch die Polizei.<\/strong><\/p>\n<p><strong>2 \u2013 Das unmittelbare Ende der gewaltsamen Unterdr\u00fcckung der US-Proteste durch die Polizei: Kein Tr\u00e4nengas, Pfefferspray, Gummigeschosse, Blitzgranaten und andere Milit\u00e4rinstrumente mehr.<\/strong><\/p>\n<p><strong>3 \u2013 Vollst\u00e4ndige Amnestie f\u00fcr die Tausenden von Menschen, die w\u00e4hrend der Aufst\u00e4nde festgenommen wurden.<\/strong><\/p>\n<p><strong>4 \u2013 Eine vollst\u00e4ndige Neuordnung des US-Polizeisystems, die die Forderung der Demonstranten widerspiegelt, die Budgets, die zur Militarisierung der Polizei beitragen einzuschr\u00e4nken und in Mittel zur Deckung sozialer Bed\u00fcrfnisse umzuleiten.<\/strong><\/p>\n<\/div>\n<div class=\"o9v6fnle cxmmr5t8 oygrvhab hcukyx3x c1et5uql\">\n<p>W\u00e4hrend wir die Brutalit\u00e4t der Polizei gegen Demonstranten gegen Rassismus in den USA verurteilen, erkennen wir auch die Brutalit\u00e4t des US-Milit\u00e4rs gegen unschuldige Menschen auf der ganzen Welt an, einschlie\u00dflich, aber nicht beschr\u00e4nkt auf die US-Kriege im Nahen Osten und im Norden Afrika; die Expansion des US-Milit\u00e4rs auf dem gesamten afrikanischen Kontinent; die zunehmende Aggression gegen die Menschen in Russland und China; die Versuche, die legitime Regierung Venezuelas zu st\u00fcrzen; die anhaltende brutale Blockade gegen Kuba; die strengen und eskalierenden Sanktionen gegen den Iran; und die unbestreitbare und eskalierende milit\u00e4rische, diplomatische und finanzielle Unterst\u00fctzung, die Washington dem Staat Israel bei seiner brutalen und rassistischen Unterdr\u00fcckung des legitimen Kampfes des pal\u00e4stinensischen Volkes um Selbstbestimmung gew\u00e4hrt.<\/p>\n<\/div>\n<div class=\"o9v6fnle cxmmr5t8 oygrvhab hcukyx3x c1et5uql\">\n<p>W\u00e4hrend wir unsere Solidarit\u00e4t mit den antirassistischen Protesten in den Vereinigten Staaten zum Ausdruck bringen, fordern wir auch, dass die USA den k\u00e4mpfenden V\u00f6lkern der Welt ihr milit\u00e4risches Knie vom Halse nehmen.<\/p>\n<\/div>\n<div class=\"o9v6fnle cxmmr5t8 oygrvhab hcukyx3x c1et5uql\">Zus\u00e4tzlich zu dieser Erkl\u00e4rung verpflichten wir uns, Solidarit\u00e4tsproteste in unseren eigenen L\u00e4ndern zu organisieren und die oben genannten Forderungen in unseren Aktionen f\u00fcr Freiheit, Gerechtigkeit, Gleichheit und Frieden zu erheben.<\/div>\n<div class=\"o9v6fnle cxmmr5t8 oygrvhab hcukyx3x c1et5uql\">Solidarisch<\/div>\n<div>Wer diese Solidarit\u00e4tserkl\u00e4rung unterst\u00fctzen m\u00f6chte bitte e-mail an Phil Wilayto:<br \/>\nDefendersFJE@hotmail.com<\/div>\n<\/div>\n<\/article>\n<\/div>\n<\/div>\n<div><\/div>\n<div>\n<ul>\n<li class=\"page_item page-item-8\"><a href=\"https:\/\/internationalsolidarityblm.wordpress.com\/about\/\">About<\/a><\/li>\n<li class=\"page_item page-item-7\"><a href=\"https:\/\/internationalsolidarityblm.wordpress.com\/contact\/\">Contact<\/a><\/li>\n<li class=\"page_item page-item-61 focus\"><a href=\"https:\/\/internationalsolidarityblm.wordpress.com\/castellano\/\">Declaraci\u00f3n internacional de solidaridad con las protestas antirracistas en los EE.\u00a0UU.<\/a><\/li>\n<li class=\"page_item page-item-6\"><a href=\"https:\/\/internationalsolidarityblm.wordpress.com\/dichiarazione-di-solidarieta-internazionale-con-le-proteste-antirazziste-negli-usa\/\">Dichiarazione di solidariet\u00e0 internazionale con le proteste antirazziste negli\u00a0USA.<\/a><\/li>\n<li class=\"page_item page-item-138\"><a href=\"https:\/\/internationalsolidarityblm.wordpress.com\/international-statement-of-solidarity\/\">International Statement of\u00a0Solidarity<\/a><\/li>\n<li class=\"page_item page-item-52\"><a href=\"https:\/\/internationalsolidarityblm.wordpress.com\/deutsch\/\">Internationale Solidarit\u00e4tserkl\u00e4rung mit den anti-rassistischen Protesten in den\u00a0USA<\/a><\/li>\n<li class=\"page_item page-item-63\"><a href=\"https:\/\/internationalsolidarityblm.wordpress.com\/signatures-unterzeichner\/\">Signatures \/ Unterzeichner \/\u00a0Firmas<\/a><\/li>\n<\/ul>\n<\/div>\n<div id=\"content\" class=\"site-content\"><\/div>\n","protected":false},"excerpt":{"rendered":"<p>In diesem Fr\u00fchjahr war die ganze Welt schockiert und emp\u00f6rt \u00fcber den grausamen und vors\u00e4tzlichen Mord an George Floyd, einem Afroamerikaner in Minneapolis, im US-Bundestaat Minnesota, am 25. Mai 2020. Fast neun Minuten lang, wie in einem weit verbreiteten Video aufgezeichnet. kniete ein wei\u00dfer Polizist mit dem Knie auf Mr. Floyds Nacken, als der unbewaffnete &hellip; <a href=\"https:\/\/www.friedensplattform.at\/?p=6041\" class=\"more-link\"><span class=\"screen-reader-text\">Internationale Solidarit\u00e4tserkl\u00e4rung mit den anti-rassistischen Protesten in den USA<\/span> weiterlesen <span class=\"meta-nav\">&rarr;<\/span><\/a><\/p>\n","protected":false},"author":3,"featured_media":0,"comment_status":"open","ping_status":"open","sticky":false,"template":"","format":"standard","meta":{"footnotes":""},"categories":[4],"tags":[],"class_list":["post-6041","post","type-post","status-publish","format-standard","hentry","category-antirassismus"],"_links":{"self":[{"href":"https:\/\/www.friedensplattform.at\/index.php?rest_route=\/wp\/v2\/posts\/6041","targetHints":{"allow":["GET"]}}],"collection":[{"href":"https:\/\/www.friedensplattform.at\/index.php?rest_route=\/wp\/v2\/posts"}],"about":[{"href":"https:\/\/www.friedensplattform.at\/index.php?rest_route=\/wp\/v2\/types\/post"}],"author":[{"embeddable":true,"href":"https:\/\/www.friedensplattform.at\/index.php?rest_route=\/wp\/v2\/users\/3"}],"replies":[{"embeddable":true,"href":"https:\/\/www.friedensplattform.at\/index.php?rest_route=%2Fwp%2Fv2%2Fcomments&post=6041"}],"version-history":[{"count":1,"href":"https:\/\/www.friedensplattform.at\/index.php?rest_route=\/wp\/v2\/posts\/6041\/revisions"}],"predecessor-version":[{"id":6043,"href":"https:\/\/www.friedensplattform.at\/index.php?rest_route=\/wp\/v2\/posts\/6041\/revisions\/6043"}],"wp:attachment":[{"href":"https:\/\/www.friedensplattform.at\/index.php?rest_route=%2Fwp%2Fv2%2Fmedia&parent=6041"}],"wp:term":[{"taxonomy":"category","embeddable":true,"href":"https:\/\/www.friedensplattform.at\/index.php?rest_route=%2Fwp%2Fv2%2Fcategories&post=6041"},{"taxonomy":"post_tag","embeddable":true,"href":"https:\/\/www.friedensplattform.at\/index.php?rest_route=%2Fwp%2Fv2%2Ftags&post=6041"}],"curies":[{"name":"wp","href":"https:\/\/api.w.org\/{rel}","templated":true}]}}