{"id":6107,"date":"2020-10-26T08:40:41","date_gmt":"2020-10-26T08:40:41","guid":{"rendered":"http:\/\/www.friedensplattform.at\/?p=6107"},"modified":"2020-12-16T21:35:55","modified_gmt":"2020-12-16T21:35:55","slug":"shir-hever-kommt-nach-graz","status":"publish","type":"post","link":"https:\/\/www.friedensplattform.at\/?p=6107","title":{"rendered":"ABSAGE: SHIR HEVER kommt nach Graz"},"content":{"rendered":"<p lang=\"de-DE\" align=\"CENTER\"><b>aufgrund der COVID-Bestimmungen muss die Veranstaltung abgesagt werden!<\/b><!--more--><\/p>\n<p lang=\"de-DE\" align=\"CENTER\"><b>Graz: Donnerstag, 12. Nov., 19:00: KiG Lagergasse 98a, 2. Stock, Saal 2<\/b><\/p>\n<p lang=\"de-DE\" align=\"CENTER\"><span style=\"font-size: xx-large;\"><strong><span style=\"font-family: Arial Black, sans-serif;\">\u201eSicherheit\u201c<\/span><\/strong><\/span><\/p>\n<p lang=\"de-DE\" align=\"CENTER\"><span style=\"font-size: large;\"><strong><span style=\"font-family: Arial Black, sans-serif;\">\u00fcber Wirtschaft und Ideologie in Israel<\/span><\/strong><\/span><\/p>\n<pre lang=\"de-DE\"><span style=\"font-size: large;\"><strong><span style=\"font-family: Arial, sans-serif;\">Vortrag und Diskussion<\/span><\/strong><\/span><strong><span style=\"font-family: Arial, sans-serif;\"> mit dem Wirtschaftswissenschafter und Journalisten<\/span><\/strong><span style=\"font-size: xx-large;\"><strong><span style=\"font-family: Arial, sans-serif;\"> Shir Hever<\/span><\/strong><\/span><\/pre>\n<p lang=\"de-DE\" align=\"JUSTIFY\"><!--more--><br \/>\n<span style=\"font-family: Arial, sans-serif;\"><span style=\"font-size: small;\">Israel ist eine der am meisten militarisierten Gesellschaften der Welt. Unter dem Einflu\u00df der neoliberal-kapitalistischen Ideologie wurde der Sicherheitssektor Israels in den letzten Jahrzenten zunehmend den privaten Profitinteressen ge\u00f6ffnet. Private Firmen haben heute wesentliche Anteile an der Besatzung und Unterdr\u00fcckung pal\u00e4stinensischer Rechte. Dadurch entstehen innerhalb Israels Spannungen zwischen der Milit\u00e4rf\u00fchrung und den starken politischen Kr\u00e4ften des rechtspopulistischen Lagers. So erscheinen ironischerweise hohe Offiziere oft als Vertreter einer weniger aggressiven Politik.<\/span><\/span><\/p>\n<p lang=\"de-DE\" align=\"JUSTIFY\"><span style=\"font-family: Arial, sans-serif;\"><span style=\"font-size: small;\">Als Folge der Privatisierung wurden die israelischen Repressions-, Milit\u00e4r- und \u00dcberwa\u00adchungstechnologien auch zu einem Exportgut. Mitexportiert werden damit verbundene Sicherheitsideologien, die Ungerechtigkeit, Ungleichheit und Unterdr\u00fcckung als Konfliktursachen systematisch ausblenden. Diese Politik Israels wird auch in \u00d6sterreich in vielen Bereichen von Regierung und Parlament durch eine enge Kooperation mit der Regierung Netanjahu willf\u00e4hrig unterst\u00fctzt. <\/span><\/span><\/p>\n<p align=\"JUSTIFY\"><span style=\"font-size: small;\"><i><span style=\"font-family: Arial, sans-serif;\"><span lang=\"de-DE\"><b>Dr. Shir Hever<\/b><\/span><\/span><span style=\"font-family: Arial, sans-serif;\"><span lang=\"de-DE\">, geb. 1978 in Israel; Journalist und Wirtschaftswissenschafter, Studium der Politischen \u00d6konomie in Berlin; Forschungsgebiete: \u00d6konomische Aspekte der Besatzung Pal\u00e4stinas; Israelische Sicherheitsideologien; Privatisierung des israelischen Sicherheitsapparates. Sein 2. Buch The Privatization of Israeli Security erschien 2017 bei Pluto Press. Er ist Mitglied der \u201eJ\u00fcdischen Stimme f\u00fcr eine gerechten Frieden in Nahost \u2013 Deutschland\u201c. Er lebt in Heidelberg. \u00a0 \u00a0 \u00a0 \u00a0 \u00a0 \u00a0 \u00a0 \u00a0 \u00a0 \u00a0 \u00a0 \u00a0 \u00a0 \u00a0 \u00a0 \u00a0 \u00a0 \u00a0 \u00a0 \u00a0\u00a0 <\/span><\/span><\/i><span style=\"font-family: Arial, serif;\"><span style=\"font-size: xx-small;\"><span lang=\"de-DE\">Impressum: <\/span><\/span><\/span><span style=\"color: #000080;\"><span lang=\"zxx\"><u><a href=\"http:\/\/www.friedensplattform.at\/\"><span style=\"font-family: Arial, serif;\"><span style=\"font-size: xx-small;\">www.friedensplattform.at<\/span><\/span><\/a><\/u><\/span><\/span><\/span><\/p>\n<p align=\"CENTER\">\u00a0<span style=\"font-family: Arial, sans-serif;\"><span style=\"font-size: large;\"><span lang=\"de-DE\"><b>Innsbruck:<\/b><\/span><\/span><\/span><span style=\"font-family: Arial, sans-serif;\"><span style=\"font-size: medium;\"><span lang=\"de-DE\"><b> Dienstag, 10. Nov., 19:00: Cafe Rififi \/ Keller, Sch\u00f6pfstra\u00dfe 14<\/b><\/span><\/span><\/span><\/p>\n<p align=\"CENTER\"><span style=\"font-family: Arial, sans-serif;\"><span style=\"font-size: large;\"><span lang=\"de-DE\"><b>Linz: <\/b><\/span><\/span><\/span><span style=\"font-family: Arial, sans-serif;\"><span style=\"font-size: medium;\"><span lang=\"de-DE\"><b>Mittwoch, 11. Nov., 19:00: <\/b><\/span><\/span><\/span><span style=\"font-family: Arial, sans-serif, serif;\"><span style=\"font-size: medium;\"><span lang=\"de-DE\"><b>Waltherstra\u00dfe 15<\/b><\/span><\/span><\/span><\/p>\n<p lang=\"de-DE\" align=\"CENTER\"><span style=\"font-family: Arial, sans-serif, serif;\"><span style=\"font-size: medium;\"><b><span style=\"font-size: large;\">Graz: <\/span>Donnerstag, 12. Nov., 19:00: KiG Lagergasse 98a, 2. Stock, Saal 2<\/b><\/span><\/span><\/p>\n<p lang=\"de-DE\" align=\"CENTER\"><span style=\"font-family: Arial, sans-serif;\"><span style=\"font-size: medium;\"><b><span style=\"font-size: large;\">Wien:<\/span> Freitag, 13. Nov., 18:00: Amida-Seminarzentrum, Neubaugasse 12\u201314\/2\/2\/14<\/b><\/span><\/span><\/p>\n<p lang=\"de-DE\" align=\"CENTER\">MitveranstalterInnen: G\u00d6AB, Frauen in Schwarz, BDS Austria, Dar Al Janub, Solidarwerkstatt,<\/p>\n<p lang=\"de-DE\" align=\"CENTER\">Steirische Friedensplattform, AIK<\/p>\n<p align=\"RIGHT\"><a href=\"http:\/\/www.friedensplattform.at\/wp-content\/uploads\/2020\/10\/VA-Hever_FS_LayoutLogos.pdf\">VA Hever_FS_LayoutLogos<\/a><\/p>\n","protected":false},"excerpt":{"rendered":"<p>aufgrund der COVID-Bestimmungen muss die Veranstaltung abgesagt werden!<\/p>\n","protected":false},"author":3,"featured_media":0,"comment_status":"open","ping_status":"open","sticky":false,"template":"","format":"standard","meta":{"footnotes":""},"categories":[1,3,18],"tags":[],"class_list":["post-6107","post","type-post","status-publish","format-standard","hentry","category-allgemein","category-antimilitarismus","category-palaestina-solidaritaet"],"_links":{"self":[{"href":"https:\/\/www.friedensplattform.at\/index.php?rest_route=\/wp\/v2\/posts\/6107","targetHints":{"allow":["GET"]}}],"collection":[{"href":"https:\/\/www.friedensplattform.at\/index.php?rest_route=\/wp\/v2\/posts"}],"about":[{"href":"https:\/\/www.friedensplattform.at\/index.php?rest_route=\/wp\/v2\/types\/post"}],"author":[{"embeddable":true,"href":"https:\/\/www.friedensplattform.at\/index.php?rest_route=\/wp\/v2\/users\/3"}],"replies":[{"embeddable":true,"href":"https:\/\/www.friedensplattform.at\/index.php?rest_route=%2Fwp%2Fv2%2Fcomments&post=6107"}],"version-history":[{"count":4,"href":"https:\/\/www.friedensplattform.at\/index.php?rest_route=\/wp\/v2\/posts\/6107\/revisions"}],"predecessor-version":[{"id":6123,"href":"https:\/\/www.friedensplattform.at\/index.php?rest_route=\/wp\/v2\/posts\/6107\/revisions\/6123"}],"wp:attachment":[{"href":"https:\/\/www.friedensplattform.at\/index.php?rest_route=%2Fwp%2Fv2%2Fmedia&parent=6107"}],"wp:term":[{"taxonomy":"category","embeddable":true,"href":"https:\/\/www.friedensplattform.at\/index.php?rest_route=%2Fwp%2Fv2%2Fcategories&post=6107"},{"taxonomy":"post_tag","embeddable":true,"href":"https:\/\/www.friedensplattform.at\/index.php?rest_route=%2Fwp%2Fv2%2Ftags&post=6107"}],"curies":[{"name":"wp","href":"https:\/\/api.w.org\/{rel}","templated":true}]}}