{"id":6115,"date":"2020-10-28T12:12:02","date_gmt":"2020-10-28T12:12:02","guid":{"rendered":"http:\/\/www.friedensplattform.at\/?p=6115"},"modified":"2020-10-28T12:12:02","modified_gmt":"2020-10-28T12:12:02","slug":"un-tausende-palaestinensische-olivenbaeume-beschaedigt-verbrannt","status":"publish","type":"post","link":"https:\/\/www.friedensplattform.at\/?p=6115","title":{"rendered":"UN: Tausende pal\u00e4stinensische Olivenb\u00e4ume besch\u00e4digt, verbrannt"},"content":{"rendered":"<p>Das UN-B\u00fcro f\u00fcr die Koordinierung humanit\u00e4rer Angelegenheiten (OCHA) hat mitgeteilt, dass die pal\u00e4stinensische Olivenerntezeit, die am 7. Oktober begonnen hat, durch illegale israelische Siedler gest\u00f6rt wurde. <a href=\"https:\/\/www.middleeastmonitor.com\/20201028-un-thousands-of-palestinian-olive-trees-damaged-burnt-by-settlers\/\">Quelle<\/a><\/p>\n<p><!--more--><\/p>\n<p>In einem <a href=\"https:\/\/www.ochaopt.org\/poc\/6-19-october-2020\">Bericht<\/a> \u00fcber die israelischen \u00dcbergriffe in den besetzten Gebieten hei\u00dft es, dass die Olivenerntezeit durch Personen gest\u00f6rt wurde, &#8222;von denen angenommen wird oder bekannt ist, dass sie in 19 F\u00e4llen israelische Siedler waren&#8220;.<\/p>\n<p>In dem Bericht hie\u00df es, dass &#8222;23 pal\u00e4stinensische Bauern <a href=\"https:\/\/www.middleeastmonitor.com\/20201020-palestinian-farmers-forced-out-by-israeli-settlers\/\">verletzt<\/a>, \u00fcber 1.000 Olivenb\u00e4ume verbrannt oder anderweitig besch\u00e4digt und gro\u00dfe Mengen an Produziertem gestohlen wurden&#8220;.<\/p>\n<p>Die meisten Angriffe fanden in der N\u00e4he und um die Stadt Ramallah herum statt, hie\u00df es in dem Bericht, und es wurde festgestellt, dass die Siedler &#8222;pal\u00e4stinensische Olivenpfl\u00fccker mit Steinen beworfen und k\u00f6rperlich angegriffen haben, was zu Zusammenst\u00f6\u00dfen f\u00fchrte&#8220;.<\/p>\n<p>Die israelischen Besatzungstruppen, so OCHA, &#8222;griffen bei einer der Zusammenst\u00f6\u00dfe ein, verletzten 14 Pal\u00e4stinenser und verbreannten 30 B\u00e4ume mit Tr\u00e4nengaskanistern verbrennen&#8220;.<\/p>\n<p>Die restlichen Verletzungen wurden jedoch in landwirtschaftlichen Gebieten in der N\u00e4he der Stadt Huwwara bei Nablus und den D\u00f6rfern Ni&#8217;lin und Beitillu registriert.<\/p>\n<p>Der Bericht f\u00fcgte hinzu: &#8222;In der N\u00e4he der israelischen Siedlung Mevo Dotan (Dschenin) wurden etwa 450 Olivenb\u00e4ume in Brand gesteckt und zerst\u00f6rt, kurz nachdem pal\u00e4stinensische Bauern aus dem Dorf Ya&#8217;abad dort von Siedlern angegriffen und von israelischen Soldaten vertrieben worden waren.<\/p>\n<p>Er f\u00fcgte hinzu: &#8222;Einige hundert Olivenb\u00e4ume von Pal\u00e4stinensern aus dem Dorf Saffa (Ramallah), im geschlossenen Gebiet hinter der Barriere, wurden ebenfalls in Brand gesetzt und besch\u00e4digt.<\/p>\n<p>Unterdessen hie\u00df es in dem Bericht: &#8222;An weiteren zehn Orten in der N\u00e4he von Siedlungen stellten die Bauern fest, dass ihre Olivenb\u00e4ume entweder zerst\u00f6rt oder geerntet und die Erzeugnisse gestohlen worden waren, bevor sie sie erreichen konnten.<\/p>\n<p>OCHA sagte, dass &#8222;mehrere der Vorf\u00e4lle in Gebieten mit Zugangsbeschr\u00e4nkungen stattfanden, in denen die israelischen Beh\u00f6rden den Pal\u00e4stinensern w\u00e4hrend der gesamten Erntesaison nur zwei bis vier Tage Zutritt gew\u00e4hren&#8220;.<\/p>\n<p>Das UN-Gremium berichtete, dass weitere vier Angriffe von Personen, die als Siedler gelten, verzeichnet wurden. Dabei wurde festgestellt, dass ein einj\u00e4hriges pal\u00e4stinensisches Baby verletzt wurde, als das Auto, in dem es mitfuhr, im Gouvernement Bethlehem von Steinen getroffen wurde.<\/p>\n<p>Im nahe gelegenen Al-Khader, so der Bericht, wurden 40 Bienenst\u00f6cke in Brand gesteckt und verbrannt. Im Gebiet Farsiya im n\u00f6rdlichen Jordantal wurden pal\u00e4stinensische Hirten von einer Gruppe von Siedlern k\u00f6rperlich angegriffen, und eines ihrer Schafe wurde get\u00f6tet.<\/p>\n<p>Im Dorf Jalud (Nablus) wurden Strommasten und Kabel zur Stromversorgung der landwirtschaftlichen Lagerh\u00e4user durchtrennt und besch\u00e4digt.<\/p>\n<p style=\"text-align: right;\">\u00dcbersetzt mit www.DeepL.com\/Translator (kostenlose Version)red. HS<\/p>\n<p><strong>READ: <a title=\"Israeli settlers flood Palestinian farmland with sewage\" href=\"https:\/\/www.middleeastmonitor.com\/20201019-israeli-settlers-flood-palestinian-farmland-with-sewage\/\">Israeli settlers flood Palestinian farmland with sewage<\/a><\/strong><\/p>\n","protected":false},"excerpt":{"rendered":"<p>Das UN-B\u00fcro f\u00fcr die Koordinierung humanit\u00e4rer Angelegenheiten (OCHA) hat mitgeteilt, dass die pal\u00e4stinensische Olivenerntezeit, die am 7. Oktober begonnen hat, durch illegale israelische Siedler gest\u00f6rt wurde. Quelle<\/p>\n","protected":false},"author":3,"featured_media":0,"comment_status":"open","ping_status":"open","sticky":false,"template":"","format":"standard","meta":{"footnotes":""},"categories":[18],"tags":[],"class_list":["post-6115","post","type-post","status-publish","format-standard","hentry","category-palaestina-solidaritaet"],"_links":{"self":[{"href":"https:\/\/www.friedensplattform.at\/index.php?rest_route=\/wp\/v2\/posts\/6115","targetHints":{"allow":["GET"]}}],"collection":[{"href":"https:\/\/www.friedensplattform.at\/index.php?rest_route=\/wp\/v2\/posts"}],"about":[{"href":"https:\/\/www.friedensplattform.at\/index.php?rest_route=\/wp\/v2\/types\/post"}],"author":[{"embeddable":true,"href":"https:\/\/www.friedensplattform.at\/index.php?rest_route=\/wp\/v2\/users\/3"}],"replies":[{"embeddable":true,"href":"https:\/\/www.friedensplattform.at\/index.php?rest_route=%2Fwp%2Fv2%2Fcomments&post=6115"}],"version-history":[{"count":1,"href":"https:\/\/www.friedensplattform.at\/index.php?rest_route=\/wp\/v2\/posts\/6115\/revisions"}],"predecessor-version":[{"id":6117,"href":"https:\/\/www.friedensplattform.at\/index.php?rest_route=\/wp\/v2\/posts\/6115\/revisions\/6117"}],"wp:attachment":[{"href":"https:\/\/www.friedensplattform.at\/index.php?rest_route=%2Fwp%2Fv2%2Fmedia&parent=6115"}],"wp:term":[{"taxonomy":"category","embeddable":true,"href":"https:\/\/www.friedensplattform.at\/index.php?rest_route=%2Fwp%2Fv2%2Fcategories&post=6115"},{"taxonomy":"post_tag","embeddable":true,"href":"https:\/\/www.friedensplattform.at\/index.php?rest_route=%2Fwp%2Fv2%2Ftags&post=6115"}],"curies":[{"name":"wp","href":"https:\/\/api.w.org\/{rel}","templated":true}]}}