{"id":6131,"date":"2020-11-22T10:58:43","date_gmt":"2020-11-22T10:58:43","guid":{"rendered":"http:\/\/www.friedensplattform.at\/?p=6131"},"modified":"2020-12-16T21:35:28","modified_gmt":"2020-12-16T21:35:28","slug":"einladung-zur-online-veranstaltung-sicherheit-wirtschaft-und-ideologie-in-israel","status":"publish","type":"post","link":"https:\/\/www.friedensplattform.at\/?p=6131","title":{"rendered":"Einladung zur Online-Veranstaltung Sicherheit &#8211; Wirtschaft und Ideologie in Israel"},"content":{"rendered":"<p>Die aktuelle Politik Israels ist nicht zu verstehen, ohne die dahinterliegenden Auspr\u00e4gungen seiner Sicherheitsdoktrinen und deren Zusammenh\u00e4nge mit wirtschaftlichen Interessen und gesellschaftlichen Machtanspr\u00fcchen.<!--more--><\/p>\n<p>\u00dcber diesen Fragenkomplex machen wir am Samstag, den 28. Nov. eine virtuelle Diskussion mit dem aus Israel stammenden und in Deutschland lebenden Analytiker Dr. Shir Hever. Dieser wird zu Beginn einen 15-min\u00fctigen powerpoint-gest\u00fctzten Impulsvortrag halten. 19:00.<\/p>\n<p><a href=\"https:\/\/us02web.zoom.us\/j\/81660574218?pwd=MDk0TXRISzJleHphcHNaRUFYa3Y1Zz09\" target=\"_blank\" rel=\"noopener\" data-saferedirecturl=\"https:\/\/www.google.com\/url?q=https:\/\/us02web.zoom.us\/j\/81660574218?pwd%3DMDk0TXRISzJleHphcHNaRUFYa3Y1Zz09&amp;source=gmail&amp;ust=1606128043109000&amp;usg=AFQjCNEf314yvk44ZxUZpG0Wybb2b_UNKg\">https:\/\/us02web.zoom.us\/j\/<wbr \/>81660574218?pwd=<wbr \/>MDk0TXRISzJleHphcHNaRUFYa3Y1Zz<wbr \/>09<\/a><\/p>\n<p>Meeting-ID: 816 6057 4218<br \/>\nKenncode: 625986<\/p>\n<p>Als Vorbereitung dazu empfehlen wir ein von Pal\u00e4stina Solidarit\u00e4t \u00d6sterreich mit Shir Hever gef\u00fchrtes Interview nachzuh\u00f6ren:<\/p>\n<div><a href=\"https:\/\/www.youtube.com\/watch?v=3TP0URhVXt8&amp;fbclid=IwAR3XTzToQm7Qa01XHMYmJUQ3jRtbmmTkxPJyodZ25okxKaBuHFvGI0oeQlc\" target=\"_blank\" rel=\"noopener\" data-saferedirecturl=\"https:\/\/www.google.com\/url?q=https:\/\/www.youtube.com\/watch?v%3D3TP0URhVXt8%26fbclid%3DIwAR3XTzToQm7Qa01XHMYmJUQ3jRtbmmTkxPJyodZ25okxKaBuHFvGI0oeQlc&amp;source=gmail&amp;ust=1606128043109000&amp;usg=AFQjCNG1nPCkLEKF6B8GAvpxsIO0lED9sQ\">https:\/\/www.youtube.com\/watch?<wbr \/>v=3TP0URhVXt8<\/a><\/div>\n","protected":false},"excerpt":{"rendered":"<p>Die aktuelle Politik Israels ist nicht zu verstehen, ohne die dahinterliegenden Auspr\u00e4gungen seiner Sicherheitsdoktrinen und deren Zusammenh\u00e4nge mit wirtschaftlichen Interessen und gesellschaftlichen Machtanspr\u00fcchen.<\/p>\n","protected":false},"author":3,"featured_media":0,"comment_status":"open","ping_status":"open","sticky":false,"template":"","format":"standard","meta":{"footnotes":""},"categories":[18],"tags":[],"class_list":["post-6131","post","type-post","status-publish","format-standard","hentry","category-palaestina-solidaritaet"],"_links":{"self":[{"href":"https:\/\/www.friedensplattform.at\/index.php?rest_route=\/wp\/v2\/posts\/6131","targetHints":{"allow":["GET"]}}],"collection":[{"href":"https:\/\/www.friedensplattform.at\/index.php?rest_route=\/wp\/v2\/posts"}],"about":[{"href":"https:\/\/www.friedensplattform.at\/index.php?rest_route=\/wp\/v2\/types\/post"}],"author":[{"embeddable":true,"href":"https:\/\/www.friedensplattform.at\/index.php?rest_route=\/wp\/v2\/users\/3"}],"replies":[{"embeddable":true,"href":"https:\/\/www.friedensplattform.at\/index.php?rest_route=%2Fwp%2Fv2%2Fcomments&post=6131"}],"version-history":[{"count":2,"href":"https:\/\/www.friedensplattform.at\/index.php?rest_route=\/wp\/v2\/posts\/6131\/revisions"}],"predecessor-version":[{"id":6135,"href":"https:\/\/www.friedensplattform.at\/index.php?rest_route=\/wp\/v2\/posts\/6131\/revisions\/6135"}],"wp:attachment":[{"href":"https:\/\/www.friedensplattform.at\/index.php?rest_route=%2Fwp%2Fv2%2Fmedia&parent=6131"}],"wp:term":[{"taxonomy":"category","embeddable":true,"href":"https:\/\/www.friedensplattform.at\/index.php?rest_route=%2Fwp%2Fv2%2Fcategories&post=6131"},{"taxonomy":"post_tag","embeddable":true,"href":"https:\/\/www.friedensplattform.at\/index.php?rest_route=%2Fwp%2Fv2%2Ftags&post=6131"}],"curies":[{"name":"wp","href":"https:\/\/api.w.org\/{rel}","templated":true}]}}