{"id":6159,"date":"2021-01-02T11:01:13","date_gmt":"2021-01-02T11:01:13","guid":{"rendered":"http:\/\/www.friedensplattform.at\/?p=6159"},"modified":"2021-01-02T11:01:24","modified_gmt":"2021-01-02T11:01:24","slug":"kurszsichtig-leserbrief-zu-klztg-am-29-12","status":"publish","type":"post","link":"https:\/\/www.friedensplattform.at\/?p=6159","title":{"rendered":"Kurzsichtig &#8211; Leserbrief zu KlZtg am 29.12"},"content":{"rendered":"<p><span style=\"font-family: Arial; font-size: small;\">Stefan Winklers Leitartikel zeigt ein eurozentristisches Elitendenken. Er feiert die unter Trump zustandegekommenen &#8222;Friedensvertr\u00e4ge&#8220; der Regierung Netanjahu\u00a0 mit einigen arabischen Feudaldiktaturen. Dass diese auf Kosten des pal\u00e4stinensischen Volkes abgeschlossen wurden, bleibt unerw\u00e4hnt. Ebenso das durch Meinungsumfagen belegte Faktum, dass dieser Verrat an den pal\u00e4stinensischen Rechten in allen arabischen Staaten von einer klaren Mehrheit der Menschen abgelehnt wird.<\/span><\/p>\n<p><!--more--><\/p>\n<p><span style=\"font-family: Arial; font-size: small;\"> Gegen die Interessen der\u00a0 unmittelbar betroffenen Opfer dieses &#8222;oberfl\u00e4chlichen Friedens der Eliten&#8220; und gegen den Willen der arabischen Massen l\u00e4sst sich aber kein dauerhafter Friede gestalten, auch nicht unter dem Machtschirm der USA. Die meisten arabischen Staaten, haben riesige ungel\u00f6ste soziale und politische Probleme. Schon die\u00a0 n\u00e4chsten Sch\u00fcbe von arabischen Aufst\u00e4nden k\u00f6nnte diese Despotien st\u00fcrzen. Karim El-Gawhary beschreibt dieses wahrscheinliche Szenario \u00fcberzeugend in seinem j\u00fcngsten Buch &#8222;Repression und Rebellion. Arabische Revolution &#8211; was nun?&#8220;. Israel wird dann erneut gezwungen sein, auf sein eigenes ungel\u00f6stes Grundproblem hinzuschauen, den berechtigten anhaltende Widerstand der AraberInnen Pal\u00e4stinas gegen den Landraub, die brutale Unterdr\u00fcckung ihrer politischen Rechte und seinen eigenen, nicht\u00a0 gegebenen fri<\/span><span style=\"font-family: Arial; font-size: small;\">edlichen Ausgleich mit seinen muslimisch-arabischen Nachbarschaften.<\/span><br \/>\n<span style=\"font-size: small;\">Ein vergleichbares Manko des europ\u00e4ischen Blicks auf den Nahen Osten zeigt auch die Karte auf Seite 8 \u00fcber die &#8222;Kriegsschaupl\u00e4tze weltweit&#8220;. Israel\/Pal\u00e4stina ist dabei als von bewaffneten Konflikten unber\u00fchrt ausgewiesen. So als w\u00e4re der unendliche Konflikt um das Land bereits gel\u00f6st, g\u00e4be es nicht seit Jahrzehnten eine milit\u00e4rische Besatzung\u00a0 pal\u00e4stinensischer Territorien\u00a0 und h\u00e4tte Israel mit aller H\u00e4rte <\/span><span style=\"font-size: small;\">nicht erst 2008\/2009, 2012 und 2014<\/span><span style=\"font-size: small;\"> seine \u00fcberlegene Milit\u00e4rmacht\u00a0 gegen die eingeschlossene Bev\u00f6lkerung von Gaza zum Einsatz gebracht.<\/span><\/p>\n<p>Will sie dem Vorwurf der einseitigen Information ihrer LeserInnen entgehen, so ist der au\u00dfenpolitischen Redaktion der Kleinen Zeitung dringend anzuraten, ihren hier sichtbar gewordenen verengten und zu wenig tiefgr\u00fcndigen Blick auf au\u00dfereurop\u00e4ische Konfliktfelder nachzusch\u00e4rfen.<\/p>\n<pre>-- \r\nMit freundlichen Gr\u00fc\u00dfen,\r\n\r\nFranz S\u00f6lkner<\/pre>\n","protected":false},"excerpt":{"rendered":"<p>Stefan Winklers Leitartikel zeigt ein eurozentristisches Elitendenken. Er feiert die unter Trump zustandegekommenen &#8222;Friedensvertr\u00e4ge&#8220; der Regierung Netanjahu\u00a0 mit einigen arabischen Feudaldiktaturen. Dass diese auf Kosten des pal\u00e4stinensischen Volkes abgeschlossen wurden, bleibt unerw\u00e4hnt. Ebenso das durch Meinungsumfagen belegte Faktum, dass dieser Verrat an den pal\u00e4stinensischen Rechten in allen arabischen Staaten von einer klaren Mehrheit der Menschen &hellip; <a href=\"https:\/\/www.friedensplattform.at\/?p=6159\" class=\"more-link\"><span class=\"screen-reader-text\">Kurzsichtig &#8211; Leserbrief zu KlZtg am 29.12<\/span> weiterlesen <span class=\"meta-nav\">&rarr;<\/span><\/a><\/p>\n","protected":false},"author":3,"featured_media":0,"comment_status":"open","ping_status":"open","sticky":false,"template":"","format":"standard","meta":{"footnotes":""},"categories":[5],"tags":[],"class_list":["post-6159","post","type-post","status-publish","format-standard","hentry","category-arabischer-raum"],"_links":{"self":[{"href":"https:\/\/www.friedensplattform.at\/index.php?rest_route=\/wp\/v2\/posts\/6159","targetHints":{"allow":["GET"]}}],"collection":[{"href":"https:\/\/www.friedensplattform.at\/index.php?rest_route=\/wp\/v2\/posts"}],"about":[{"href":"https:\/\/www.friedensplattform.at\/index.php?rest_route=\/wp\/v2\/types\/post"}],"author":[{"embeddable":true,"href":"https:\/\/www.friedensplattform.at\/index.php?rest_route=\/wp\/v2\/users\/3"}],"replies":[{"embeddable":true,"href":"https:\/\/www.friedensplattform.at\/index.php?rest_route=%2Fwp%2Fv2%2Fcomments&post=6159"}],"version-history":[{"count":2,"href":"https:\/\/www.friedensplattform.at\/index.php?rest_route=\/wp\/v2\/posts\/6159\/revisions"}],"predecessor-version":[{"id":6163,"href":"https:\/\/www.friedensplattform.at\/index.php?rest_route=\/wp\/v2\/posts\/6159\/revisions\/6163"}],"wp:attachment":[{"href":"https:\/\/www.friedensplattform.at\/index.php?rest_route=%2Fwp%2Fv2%2Fmedia&parent=6159"}],"wp:term":[{"taxonomy":"category","embeddable":true,"href":"https:\/\/www.friedensplattform.at\/index.php?rest_route=%2Fwp%2Fv2%2Fcategories&post=6159"},{"taxonomy":"post_tag","embeddable":true,"href":"https:\/\/www.friedensplattform.at\/index.php?rest_route=%2Fwp%2Fv2%2Ftags&post=6159"}],"curies":[{"name":"wp","href":"https:\/\/api.w.org\/{rel}","templated":true}]}}