{"id":620,"date":"2009-01-17T23:54:22","date_gmt":"2009-01-17T21:54:22","guid":{"rendered":"http:\/\/www.luxorbis.org\/friedensplattform.at\/?p=620"},"modified":"2009-01-17T23:54:22","modified_gmt":"2009-01-17T21:54:22","slug":"artikel-in-der-jungen-welt-operation-straffreiheit","status":"publish","type":"post","link":"https:\/\/www.friedensplattform.at\/?p=620","title":{"rendered":"Artikel in der jungen Welt: Operation Straffreiheit"},"content":{"rendered":"<p>Israel radiert Pal\u00e4stina Schritt f\u00fcr Schritt von der Landkarte: Zu seiner Rechtfertigung produziert der Staatsterrorismus Terroristen, s\u00e4t Ha\u00df und erntet Alibis<br \/>\n<em>Von Eduardo Galeano<\/em><\/p>\n<p><a title=\"Junge Welt\" href=\"http:\/\/www.jungewelt.de\/2009\/01-17\/035.php?sstr=Operation\" target=\"_blank\">Weiterlesen in der jungen Welt<\/a><em><br \/>\n<\/em><\/p>\n","protected":false},"excerpt":{"rendered":"<p>Israel radiert Pal\u00e4stina Schritt f\u00fcr Schritt von der Landkarte: Zu seiner Rechtfertigung produziert der Staatsterrorismus Terroristen, s\u00e4t Ha\u00df und erntet Alibis Von Eduardo Galeano Weiterlesen in der jungen Welt<\/p>\n","protected":false},"author":1,"featured_media":0,"comment_status":"open","ping_status":"open","sticky":false,"template":"","format":"standard","meta":{"footnotes":""},"categories":[5],"tags":[],"class_list":["post-620","post","type-post","status-publish","format-standard","hentry","category-arabischer-raum"],"_links":{"self":[{"href":"https:\/\/www.friedensplattform.at\/index.php?rest_route=\/wp\/v2\/posts\/620","targetHints":{"allow":["GET"]}}],"collection":[{"href":"https:\/\/www.friedensplattform.at\/index.php?rest_route=\/wp\/v2\/posts"}],"about":[{"href":"https:\/\/www.friedensplattform.at\/index.php?rest_route=\/wp\/v2\/types\/post"}],"author":[{"embeddable":true,"href":"https:\/\/www.friedensplattform.at\/index.php?rest_route=\/wp\/v2\/users\/1"}],"replies":[{"embeddable":true,"href":"https:\/\/www.friedensplattform.at\/index.php?rest_route=%2Fwp%2Fv2%2Fcomments&post=620"}],"version-history":[{"count":0,"href":"https:\/\/www.friedensplattform.at\/index.php?rest_route=\/wp\/v2\/posts\/620\/revisions"}],"wp:attachment":[{"href":"https:\/\/www.friedensplattform.at\/index.php?rest_route=%2Fwp%2Fv2%2Fmedia&parent=620"}],"wp:term":[{"taxonomy":"category","embeddable":true,"href":"https:\/\/www.friedensplattform.at\/index.php?rest_route=%2Fwp%2Fv2%2Fcategories&post=620"},{"taxonomy":"post_tag","embeddable":true,"href":"https:\/\/www.friedensplattform.at\/index.php?rest_route=%2Fwp%2Fv2%2Ftags&post=620"}],"curies":[{"name":"wp","href":"https:\/\/api.w.org\/{rel}","templated":true}]}}