{"id":6213,"date":"2021-05-13T15:26:04","date_gmt":"2021-05-13T15:26:04","guid":{"rendered":"http:\/\/www.friedensplattform.at\/?p=6213"},"modified":"2021-05-13T15:26:04","modified_gmt":"2021-05-13T15:26:04","slug":"kairos-palestine-boycott-ist-ein-recht-und-eine-pflicht","status":"publish","type":"post","link":"https:\/\/www.friedensplattform.at\/?p=6213","title":{"rendered":"Kairos Palestine: Boycott ist ein Recht und eine Pflicht"},"content":{"rendered":"<p>Israels Bem\u00fchungen, den pal\u00e4stinensischen Aufruf zu Boykott, Desinvestition und Sanktionen (BDS) zu d\u00e4monisieren, bedrohen eine ehrw\u00fcrdige Form des gewaltlosen Widerstands.<\/p>\n<p><!--more--><\/p>\n<p><a href=\"http:\/\/www.friedensplattform.at\/wp-content\/uploads\/2021\/05\/KAIROS-Boycott-ist-ein-Recht-und-eine-Pflicht.pdf\">KAIROS Boycott ist ein Recht und eine Pflicht<\/a><\/p>\n","protected":false},"excerpt":{"rendered":"<p>Israels Bem\u00fchungen, den pal\u00e4stinensischen Aufruf zu Boykott, Desinvestition und Sanktionen (BDS) zu d\u00e4monisieren, bedrohen eine ehrw\u00fcrdige Form des gewaltlosen Widerstands.<\/p>\n","protected":false},"author":5,"featured_media":0,"comment_status":"open","ping_status":"open","sticky":false,"template":"","format":"standard","meta":{"footnotes":""},"categories":[1,18],"tags":[],"class_list":["post-6213","post","type-post","status-publish","format-standard","hentry","category-allgemein","category-palaestina-solidaritaet"],"_links":{"self":[{"href":"https:\/\/www.friedensplattform.at\/index.php?rest_route=\/wp\/v2\/posts\/6213","targetHints":{"allow":["GET"]}}],"collection":[{"href":"https:\/\/www.friedensplattform.at\/index.php?rest_route=\/wp\/v2\/posts"}],"about":[{"href":"https:\/\/www.friedensplattform.at\/index.php?rest_route=\/wp\/v2\/types\/post"}],"author":[{"embeddable":true,"href":"https:\/\/www.friedensplattform.at\/index.php?rest_route=\/wp\/v2\/users\/5"}],"replies":[{"embeddable":true,"href":"https:\/\/www.friedensplattform.at\/index.php?rest_route=%2Fwp%2Fv2%2Fcomments&post=6213"}],"version-history":[{"count":1,"href":"https:\/\/www.friedensplattform.at\/index.php?rest_route=\/wp\/v2\/posts\/6213\/revisions"}],"predecessor-version":[{"id":6217,"href":"https:\/\/www.friedensplattform.at\/index.php?rest_route=\/wp\/v2\/posts\/6213\/revisions\/6217"}],"wp:attachment":[{"href":"https:\/\/www.friedensplattform.at\/index.php?rest_route=%2Fwp%2Fv2%2Fmedia&parent=6213"}],"wp:term":[{"taxonomy":"category","embeddable":true,"href":"https:\/\/www.friedensplattform.at\/index.php?rest_route=%2Fwp%2Fv2%2Fcategories&post=6213"},{"taxonomy":"post_tag","embeddable":true,"href":"https:\/\/www.friedensplattform.at\/index.php?rest_route=%2Fwp%2Fv2%2Ftags&post=6213"}],"curies":[{"name":"wp","href":"https:\/\/api.w.org\/{rel}","templated":true}]}}