{"id":6227,"date":"2021-05-15T20:55:50","date_gmt":"2021-05-15T20:55:50","guid":{"rendered":"http:\/\/www.friedensplattform.at\/?p=6227"},"modified":"2021-05-17T15:35:44","modified_gmt":"2021-05-17T15:35:44","slug":"ausdrucksstarke-demo-in-graz-fuer-palaestina","status":"publish","type":"post","link":"https:\/\/www.friedensplattform.at\/?p=6227","title":{"rendered":"Ausdrucksstarke Demo in Graz f\u00fcr Pal\u00e4stina!"},"content":{"rendered":"<p>Am 15. Mai versammelten sich rund 400 Menschen in Graz, um gegen die seit 73 Jahren andauernde Vertreibung der Pal\u00e4stinenserInnen zu demonstrieren.<\/p>\n<p style=\"text-align: center;\"><!--more--><\/p>\n<p>. Es war ein lautstarker und ausdrucksstarker Protest gegen Besatzung, Krieg, ethnische S\u00e4uberungen und Kolonialismus. Parolen wie &#8222;Save Sheikh Jarrah, Save Al-Kuds, Save Gaza, Save Palestine, Stoppt das Morden, Stoppt den Krieg, Freiheit f\u00fcr Pal\u00e4stina, \u00d6sterreich, \u00d6sterreich sei gerecht, Israel bricht das V\u00f6lkerrecht und Kanzler Kurz &#8211; was machst du, Israel mordet und du stimmst zu&#8220; pr\u00e4gten Samstag Nachmittag die Grazer Innenstadt.<\/p>\n<p>Zur Er\u00f6ffnung sprach Franz von der Pal\u00e4stina Solidarit\u00e4t Steiermark. Er verwies auf die andauernden ethnischen S\u00e4uberungen und brandmarkte Israels Apartheidsregime. In seinem zweiten Teil am Hauptplatz machte er deutlich, dass Israel ist der Aggressor ist und sich die Pal\u00e4stinenser*innen seit Jahrzehnten gegen die Unterdr\u00fcckung wehren. Die einzige L\u00f6sung f\u00fcr einen dauerhaften Frieden k\u00f6nne nur endlich das Ende der Besatzung sein. Christine, ebenfalls von der Pal\u00e4stina Solidarit\u00e4t Steiermark rezitierte das Gedicht &#8222;H\u00f6re, Israel&#8220; von Erich Fried, dessen Inhalt &#8222;Als wir verfolgt wurden, war ich einer von euch. Wie kann ich das bleiben, wenn ihr Verfolger werdet?&#8230;&#8230;&#8220; nachwievor von trauriger Realit\u00e4t zeugt.<\/p>\n<p>Am Hauptplatz dr\u00fcckte Joud, eine junge Pal\u00e4stinenserin, in ihrer Rede ihre tiefe Verbundenheit mit dem pal\u00e4stinensischen Volk aus. Sie erinnerte an die Nakba, bei der 1948 ihre Gro\u00dfeltern aus Nazareth vertrieben wurden. Sie selbst wuchs im Exil aus, konnte bis lang ihre Heimat Pal\u00e4stina noch nie wiedersehen. Ihre Rede war Zeugnis davon, wie das Leid, dass jedem*jeder einzenlen Pal\u00e4stinenser*in zugef\u00fcgt wird, Trauer, Schmerz und Wut im gesamten Volk bedeutet.<\/p>\n<p>Im Anschluss daran sprach eine Studentin, die in Graz aufgewachsen und deren Identit\u00e4t ebenfalls pal\u00e4stinensisch gepr\u00e4gt ist. Sie richtete einen dringlichen Appell vor allem an die Jugend, sich aus der Komfortzone herauszubewegen und sich nicht nur an diesem Tag, sondern dauerhaft f\u00fcr Gerechtigkeit in Pal\u00e4stina und in der Welt einzusetzen.<\/p>\n<p>Wolfgang von Die Linke nutzte seine Redeworte daf\u00fcr, um seine Solidarit\u00e4t mit den Pal\u00e4stinenser*innen und seinen Protest gegen die unfassbare Komplizenschaft der \u00f6sterreichischen Bundesregierung mit dem Staatsterrorismus ausdr\u00fccken. Er forderte Kanzler Kurz auf, umgehend die israelische Fahne von \u00f6sterreichischen Regierungsbeh\u00f6rden runterzunehmen und wieder zur verfassungsgem\u00e4\u00dfen Neutralit\u00e4t zur\u00fcckzukehren. Gegen Ende wurde gemeinsam ein pal\u00e4stinensisches Lied gemeinsam gesungen, drei pal\u00e4stinensische Musiker spielten ein stimmungsvolles Klagelied. Zum Abschluss erklangen nochmals Freiheitsrufe \u00fcber den Grazer Hauptplatz und eindrucksvoll wurde auf Arabisch geschworen, Al-Kuds und Pal\u00e4stina gegen den israelischen Kolonialismus zu verteidigen. Insgesamt war es eine gelungene Demo, mehrheitlich getragen von arabischen Geschwistern, solidarisch von vielen weiteren Jugendlichen mit verschiedenem Migrationshintergrund und auch \u00d6sterreicher*innen.<\/p>\n<div id='gallery-1' class='gallery galleryid-6227 gallery-columns-3 gallery-size-thumbnail'><figure class='gallery-item'>\n\t\t\t<div class='gallery-icon landscape'>\n\t\t\t\t<a href='https:\/\/www.friedensplattform.at\/?attachment_id=6229'><img loading=\"lazy\" decoding=\"async\" width=\"150\" height=\"150\" src=\"https:\/\/www.friedensplattform.at\/wp-content\/uploads\/2021\/05\/IMG-20210515-WA0003-150x150.jpg\" class=\"attachment-thumbnail size-thumbnail\" alt=\"\" \/><\/a>\n\t\t\t<\/div><\/figure><figure class='gallery-item'>\n\t\t\t<div class='gallery-icon portrait'>\n\t\t\t\t<a href='https:\/\/www.friedensplattform.at\/?attachment_id=6233'><img loading=\"lazy\" decoding=\"async\" width=\"150\" height=\"150\" src=\"https:\/\/www.friedensplattform.at\/wp-content\/uploads\/2021\/05\/IMG-20210515-WA0005-150x150.jpg\" class=\"attachment-thumbnail size-thumbnail\" alt=\"\" \/><\/a>\n\t\t\t<\/div><\/figure><figure class='gallery-item'>\n\t\t\t<div class='gallery-icon portrait'>\n\t\t\t\t<a href='https:\/\/www.friedensplattform.at\/?attachment_id=6235'><img loading=\"lazy\" decoding=\"async\" width=\"150\" height=\"150\" src=\"https:\/\/www.friedensplattform.at\/wp-content\/uploads\/2021\/05\/IMG-20210515-WA0006-150x150.jpg\" class=\"attachment-thumbnail size-thumbnail\" alt=\"\" \/><\/a>\n\t\t\t<\/div><\/figure><figure class='gallery-item'>\n\t\t\t<div class='gallery-icon landscape'>\n\t\t\t\t<a href='https:\/\/www.friedensplattform.at\/?attachment_id=6237'><img loading=\"lazy\" decoding=\"async\" width=\"150\" height=\"150\" src=\"https:\/\/www.friedensplattform.at\/wp-content\/uploads\/2021\/05\/IMG-20210515-WA0007-150x150.jpg\" class=\"attachment-thumbnail size-thumbnail\" alt=\"\" \/><\/a>\n\t\t\t<\/div><\/figure><figure class='gallery-item'>\n\t\t\t<div class='gallery-icon portrait'>\n\t\t\t\t<a href='https:\/\/www.friedensplattform.at\/?attachment_id=6239'><img loading=\"lazy\" decoding=\"async\" width=\"150\" height=\"150\" src=\"https:\/\/www.friedensplattform.at\/wp-content\/uploads\/2021\/05\/IMG-20210515-WA0008-150x150.jpg\" class=\"attachment-thumbnail size-thumbnail\" alt=\"\" \/><\/a>\n\t\t\t<\/div><\/figure><figure class='gallery-item'>\n\t\t\t<div class='gallery-icon portrait'>\n\t\t\t\t<a href='https:\/\/www.friedensplattform.at\/?attachment_id=6247'><img loading=\"lazy\" decoding=\"async\" width=\"150\" height=\"150\" src=\"https:\/\/www.friedensplattform.at\/wp-content\/uploads\/2021\/05\/IMG-20210515-WA0016-150x150.jpg\" class=\"attachment-thumbnail size-thumbnail\" alt=\"\" \/><\/a>\n\t\t\t<\/div><\/figure><figure class='gallery-item'>\n\t\t\t<div class='gallery-icon landscape'>\n\t\t\t\t<a href='https:\/\/www.friedensplattform.at\/?attachment_id=6249'><img loading=\"lazy\" decoding=\"async\" width=\"150\" height=\"150\" src=\"https:\/\/www.friedensplattform.at\/wp-content\/uploads\/2021\/05\/IMG-20210515-WA0017-150x150.jpg\" class=\"attachment-thumbnail size-thumbnail\" alt=\"\" \/><\/a>\n\t\t\t<\/div><\/figure><figure class='gallery-item'>\n\t\t\t<div class='gallery-icon landscape'>\n\t\t\t\t<a href='https:\/\/www.friedensplattform.at\/?attachment_id=6253'><img loading=\"lazy\" decoding=\"async\" width=\"150\" height=\"150\" src=\"https:\/\/www.friedensplattform.at\/wp-content\/uploads\/2021\/05\/IMG-20210515-WA0019-150x150.jpg\" class=\"attachment-thumbnail size-thumbnail\" alt=\"\" \/><\/a>\n\t\t\t<\/div><\/figure><figure class='gallery-item'>\n\t\t\t<div class='gallery-icon landscape'>\n\t\t\t\t<a href='https:\/\/www.friedensplattform.at\/?attachment_id=6255'><img loading=\"lazy\" decoding=\"async\" width=\"150\" height=\"150\" src=\"https:\/\/www.friedensplattform.at\/wp-content\/uploads\/2021\/05\/IMG-20210515-WA0022-150x150.jpg\" class=\"attachment-thumbnail size-thumbnail\" alt=\"\" \/><\/a>\n\t\t\t<\/div><\/figure><figure class='gallery-item'>\n\t\t\t<div class='gallery-icon portrait'>\n\t\t\t\t<a href='https:\/\/www.friedensplattform.at\/?attachment_id=6259'><img loading=\"lazy\" decoding=\"async\" width=\"150\" height=\"150\" src=\"https:\/\/www.friedensplattform.at\/wp-content\/uploads\/2021\/05\/IMG-20210515-WA0026-150x150.jpg\" class=\"attachment-thumbnail size-thumbnail\" alt=\"\" \/><\/a>\n\t\t\t<\/div><\/figure><figure class='gallery-item'>\n\t\t\t<div class='gallery-icon portrait'>\n\t\t\t\t<a href='https:\/\/www.friedensplattform.at\/?attachment_id=6261'><img loading=\"lazy\" decoding=\"async\" width=\"150\" height=\"150\" src=\"https:\/\/www.friedensplattform.at\/wp-content\/uploads\/2021\/05\/IMG-20210515-WA0028-150x150.jpg\" class=\"attachment-thumbnail size-thumbnail\" alt=\"\" \/><\/a>\n\t\t\t<\/div><\/figure><figure class='gallery-item'>\n\t\t\t<div class='gallery-icon portrait'>\n\t\t\t\t<a href='https:\/\/www.friedensplattform.at\/?attachment_id=6263'><img loading=\"lazy\" decoding=\"async\" width=\"150\" height=\"150\" src=\"https:\/\/www.friedensplattform.at\/wp-content\/uploads\/2021\/05\/IMG-20210515-WA0031-150x150.jpg\" class=\"attachment-thumbnail size-thumbnail\" alt=\"\" \/><\/a>\n\t\t\t<\/div><\/figure><figure class='gallery-item'>\n\t\t\t<div class='gallery-icon portrait'>\n\t\t\t\t<a href='https:\/\/www.friedensplattform.at\/?attachment_id=6265'><img loading=\"lazy\" decoding=\"async\" width=\"150\" height=\"150\" src=\"https:\/\/www.friedensplattform.at\/wp-content\/uploads\/2021\/05\/IMG-20210515-WA0032-150x150.jpg\" class=\"attachment-thumbnail size-thumbnail\" alt=\"\" \/><\/a>\n\t\t\t<\/div><\/figure><figure class='gallery-item'>\n\t\t\t<div class='gallery-icon portrait'>\n\t\t\t\t<a href='https:\/\/www.friedensplattform.at\/?attachment_id=6267'><img loading=\"lazy\" decoding=\"async\" width=\"150\" height=\"150\" src=\"https:\/\/www.friedensplattform.at\/wp-content\/uploads\/2021\/05\/IMG-20210515-WA0033-150x150.jpg\" class=\"attachment-thumbnail size-thumbnail\" alt=\"\" \/><\/a>\n\t\t\t<\/div><\/figure><figure class='gallery-item'>\n\t\t\t<div class='gallery-icon portrait'>\n\t\t\t\t<a href='https:\/\/www.friedensplattform.at\/?attachment_id=6269'><img loading=\"lazy\" decoding=\"async\" width=\"150\" height=\"150\" src=\"https:\/\/www.friedensplattform.at\/wp-content\/uploads\/2021\/05\/IMG-20210515-WA0034-150x150.jpg\" class=\"attachment-thumbnail size-thumbnail\" alt=\"\" \/><\/a>\n\t\t\t<\/div><\/figure><figure class='gallery-item'>\n\t\t\t<div class='gallery-icon portrait'>\n\t\t\t\t<a href='https:\/\/www.friedensplattform.at\/?attachment_id=6271'><img loading=\"lazy\" decoding=\"async\" width=\"150\" height=\"150\" src=\"https:\/\/www.friedensplattform.at\/wp-content\/uploads\/2021\/05\/IMG-20210515-WA0036-150x150.jpg\" class=\"attachment-thumbnail size-thumbnail\" alt=\"\" \/><\/a>\n\t\t\t<\/div><\/figure><figure class='gallery-item'>\n\t\t\t<div class='gallery-icon landscape'>\n\t\t\t\t<a href='https:\/\/www.friedensplattform.at\/?attachment_id=6273'><img loading=\"lazy\" decoding=\"async\" width=\"150\" height=\"150\" src=\"https:\/\/www.friedensplattform.at\/wp-content\/uploads\/2021\/05\/IMG-20210515-WA0037-150x150.jpg\" class=\"attachment-thumbnail size-thumbnail\" alt=\"\" \/><\/a>\n\t\t\t<\/div><\/figure><figure class='gallery-item'>\n\t\t\t<div class='gallery-icon portrait'>\n\t\t\t\t<a href='https:\/\/www.friedensplattform.at\/?attachment_id=6275'><img loading=\"lazy\" decoding=\"async\" width=\"150\" height=\"150\" src=\"https:\/\/www.friedensplattform.at\/wp-content\/uploads\/2021\/05\/IMG-20210515-WA0038-150x150.jpg\" class=\"attachment-thumbnail size-thumbnail\" alt=\"\" \/><\/a>\n\t\t\t<\/div><\/figure><figure class='gallery-item'>\n\t\t\t<div class='gallery-icon portrait'>\n\t\t\t\t<a href='https:\/\/www.friedensplattform.at\/?attachment_id=6277'><img loading=\"lazy\" decoding=\"async\" width=\"150\" height=\"150\" src=\"https:\/\/www.friedensplattform.at\/wp-content\/uploads\/2021\/05\/IMG-20210515-WA0040-150x150.jpg\" class=\"attachment-thumbnail size-thumbnail\" alt=\"\" \/><\/a>\n\t\t\t<\/div><\/figure><figure class='gallery-item'>\n\t\t\t<div class='gallery-icon portrait'>\n\t\t\t\t<a href='https:\/\/www.friedensplattform.at\/?attachment_id=6283'><img loading=\"lazy\" decoding=\"async\" width=\"150\" height=\"150\" src=\"https:\/\/www.friedensplattform.at\/wp-content\/uploads\/2021\/05\/IMG-20210515-WA0043-150x150.jpg\" class=\"attachment-thumbnail size-thumbnail\" alt=\"\" \/><\/a>\n\t\t\t<\/div><\/figure><figure class='gallery-item'>\n\t\t\t<div class='gallery-icon portrait'>\n\t\t\t\t<a href='https:\/\/www.friedensplattform.at\/?attachment_id=6285'><img loading=\"lazy\" decoding=\"async\" width=\"150\" height=\"150\" src=\"https:\/\/www.friedensplattform.at\/wp-content\/uploads\/2021\/05\/IMG-20210515-WA0044-150x150.jpg\" class=\"attachment-thumbnail size-thumbnail\" alt=\"\" \/><\/a>\n\t\t\t<\/div><\/figure>\n\t\t<\/div>\n\n","protected":false},"excerpt":{"rendered":"<p>Am 15. Mai versammelten sich rund 400 Menschen in Graz, um gegen die seit 73 Jahren andauernde Vertreibung der Pal\u00e4stinenserInnen zu demonstrieren.<\/p>\n","protected":false},"author":3,"featured_media":0,"comment_status":"open","ping_status":"open","sticky":false,"template":"","format":"standard","meta":{"footnotes":""},"categories":[1,18],"tags":[],"class_list":["post-6227","post","type-post","status-publish","format-standard","hentry","category-allgemein","category-palaestina-solidaritaet"],"_links":{"self":[{"href":"https:\/\/www.friedensplattform.at\/index.php?rest_route=\/wp\/v2\/posts\/6227","targetHints":{"allow":["GET"]}}],"collection":[{"href":"https:\/\/www.friedensplattform.at\/index.php?rest_route=\/wp\/v2\/posts"}],"about":[{"href":"https:\/\/www.friedensplattform.at\/index.php?rest_route=\/wp\/v2\/types\/post"}],"author":[{"embeddable":true,"href":"https:\/\/www.friedensplattform.at\/index.php?rest_route=\/wp\/v2\/users\/3"}],"replies":[{"embeddable":true,"href":"https:\/\/www.friedensplattform.at\/index.php?rest_route=%2Fwp%2Fv2%2Fcomments&post=6227"}],"version-history":[{"count":4,"href":"https:\/\/www.friedensplattform.at\/index.php?rest_route=\/wp\/v2\/posts\/6227\/revisions"}],"predecessor-version":[{"id":6293,"href":"https:\/\/www.friedensplattform.at\/index.php?rest_route=\/wp\/v2\/posts\/6227\/revisions\/6293"}],"wp:attachment":[{"href":"https:\/\/www.friedensplattform.at\/index.php?rest_route=%2Fwp%2Fv2%2Fmedia&parent=6227"}],"wp:term":[{"taxonomy":"category","embeddable":true,"href":"https:\/\/www.friedensplattform.at\/index.php?rest_route=%2Fwp%2Fv2%2Fcategories&post=6227"},{"taxonomy":"post_tag","embeddable":true,"href":"https:\/\/www.friedensplattform.at\/index.php?rest_route=%2Fwp%2Fv2%2Ftags&post=6227"}],"curies":[{"name":"wp","href":"https:\/\/api.w.org\/{rel}","templated":true}]}}