{"id":6299,"date":"2021-05-19T09:53:53","date_gmt":"2021-05-19T09:53:53","guid":{"rendered":"http:\/\/www.friedensplattform.at\/?p=6299"},"modified":"2021-05-23T17:30:58","modified_gmt":"2021-05-23T17:30:58","slug":"demo-in-graz-am-samstag-22-5-um-1500-ab-mariahilferplatz","status":"publish","type":"post","link":"https:\/\/www.friedensplattform.at\/?p=6299","title":{"rendered":"DEMO in Graz am Samstag 22.5. um 15:00 ab Mariahilferplatz"},"content":{"rendered":"<p>Auch diesen Samstag gehen wir\u00a0<strong>gegen Krieg, Apartheid und Besatzung und in Solidarit\u00e4t mit den Pal\u00e4stinenserInnen<\/strong>\u00a0auf die Stra\u00dfe. Der Krieg gegen die seit 14 Jahren belagerte Bev\u00f6lkerung von Gaza dauert an.<!--more--><\/p>\n<p>Auch nach einer Waffenruhe kann das Ziel nicht die R\u00fcckkehr zum Belagerungszustand sein, sondern es braucht endlich Gerechtigkeit und Frieden. Dieser kann nur erreicht werden, wenn Israel die v\u00f6lkerrechtswidrige Besatzung der Westbank, einschlie\u00dflich Ost-Jerusalem und die Blockade von Gaza beendet und den Pal\u00e4stinenserInnen innerhalb von Israel die gleichen Rechte zugesteht.<br \/>\nUnsere Bundesregierung positioniert sich einseitig auf der Seite des israelischen Staates, welcher sich nach wie vor mit Nachbarstaaten in einem Kriegszustand befindet, aktuell wieder einmal einen Krieg gegen die Bev\u00f6lkerung von Gaza f\u00fchrt und seit \u00fcber 50 Jahren das V\u00f6lkerrecht mit F\u00fc\u00dfen tritt. Es liegt nun an der fortschrittlichen Zivilgesellschaft in \u00d6sterreich zu zeigen, dass wir mit dieser Politik nicht einverstanden sind und uns im Sinne des Friedens mit der unterdr\u00fcckten pal\u00e4stinensischen Bev\u00f6lkerung solidarisieren.<strong>\u00a0Deshalb kommt am Samstag, den 22. Mai um 15 Uhr zur Demonstration.\u00a0<\/strong>Wir starten am Mariahilferplatz und gehen zum Hauptplatz.<\/p>\n<p><a href=\"http:\/\/www.friedensplattform.at\/wp-content\/uploads\/2021\/05\/Flugi-22052021.pdf\">Flugi 22052021<\/a><\/p>\n","protected":false},"excerpt":{"rendered":"<p>Auch diesen Samstag gehen wir\u00a0gegen Krieg, Apartheid und Besatzung und in Solidarit\u00e4t mit den Pal\u00e4stinenserInnen\u00a0auf die Stra\u00dfe. Der Krieg gegen die seit 14 Jahren belagerte Bev\u00f6lkerung von Gaza dauert an.<\/p>\n","protected":false},"author":3,"featured_media":0,"comment_status":"open","ping_status":"open","sticky":false,"template":"","format":"standard","meta":{"footnotes":""},"categories":[1,18],"tags":[],"class_list":["post-6299","post","type-post","status-publish","format-standard","hentry","category-allgemein","category-palaestina-solidaritaet"],"_links":{"self":[{"href":"https:\/\/www.friedensplattform.at\/index.php?rest_route=\/wp\/v2\/posts\/6299","targetHints":{"allow":["GET"]}}],"collection":[{"href":"https:\/\/www.friedensplattform.at\/index.php?rest_route=\/wp\/v2\/posts"}],"about":[{"href":"https:\/\/www.friedensplattform.at\/index.php?rest_route=\/wp\/v2\/types\/post"}],"author":[{"embeddable":true,"href":"https:\/\/www.friedensplattform.at\/index.php?rest_route=\/wp\/v2\/users\/3"}],"replies":[{"embeddable":true,"href":"https:\/\/www.friedensplattform.at\/index.php?rest_route=%2Fwp%2Fv2%2Fcomments&post=6299"}],"version-history":[{"count":1,"href":"https:\/\/www.friedensplattform.at\/index.php?rest_route=\/wp\/v2\/posts\/6299\/revisions"}],"predecessor-version":[{"id":6303,"href":"https:\/\/www.friedensplattform.at\/index.php?rest_route=\/wp\/v2\/posts\/6299\/revisions\/6303"}],"wp:attachment":[{"href":"https:\/\/www.friedensplattform.at\/index.php?rest_route=%2Fwp%2Fv2%2Fmedia&parent=6299"}],"wp:term":[{"taxonomy":"category","embeddable":true,"href":"https:\/\/www.friedensplattform.at\/index.php?rest_route=%2Fwp%2Fv2%2Fcategories&post=6299"},{"taxonomy":"post_tag","embeddable":true,"href":"https:\/\/www.friedensplattform.at\/index.php?rest_route=%2Fwp%2Fv2%2Ftags&post=6299"}],"curies":[{"name":"wp","href":"https:\/\/api.w.org\/{rel}","templated":true}]}}