{"id":6305,"date":"2021-05-23T17:15:47","date_gmt":"2021-05-23T17:15:47","guid":{"rendered":"http:\/\/www.friedensplattform.at\/?p=6305"},"modified":"2021-05-23T17:32:17","modified_gmt":"2021-05-23T17:32:17","slug":"leserbrief-fs-zur-aussensicht-von-hans-winkler-kl-ztg-22-mai","status":"publish","type":"post","link":"https:\/\/www.friedensplattform.at\/?p=6305","title":{"rendered":"Leserbrief FS zur &#8222;Aussensicht&#8220; von Hans Winkler, Kl. Ztg., 22. Mai"},"content":{"rendered":"<p><span style=\"font-family: Arial; font-size: small;\"><b>Geschichtsmythen<\/b><\/span><\/p>\n<p><span style=\"font-family: Arial; font-size: small;\">Symbole sind seit jeher integrale Bestandteile politischer Auseinandersetzungen.\u00a0 <\/span><span style=\"font-family: Arial; font-size: small;\">Auch Fahnen.\u00a0 Dass Hans Winkler den tendenziell neutralit\u00e4tswidrigen Fahnenspuk auf dem Kanzleramt verteidigt, offenbart das seine proisraelische Sicht auf den Pal\u00e4stina-Konflikt.\u00a0 Wenn er in seiner ideologischen Positionierung meint, Israels harte Besatzungspolitik samt ihren brutalen Begleiterscheinungen verteidigen zu m\u00fcssen, ist das zwar befremdlich,\u00a0 geh\u00f6rt<\/span><span style=\"font-family: Arial; font-size: small;\"> aber<\/span><span style=\"font-family: Arial; font-size: small;\"> zu seiner Meinungsfreiheit.<br \/>\n<\/span><!--more--><\/p>\n<p><span style=\"font-family: Arial; font-size: small;\">Was aber nicht unwidersprochen bleiben kann, ist seine Verbreitung von faktischen Geschichtsmythen.\u00a0 Arafat hat keineswegs &#8222;das Ziel der Vernichtung Israels nie aufgegeben&#8220;. <\/span><span style=\"font-family: Arial; font-size: small;\">Im Beschlu\u00df von Algier 1988 <\/span><span style=\"font-family: Arial;\"><span style=\"font-size: medium;\">haben er und seine PLO Israel in den Grenzen der Waffenstillstandslinien von 1949 anerkannt. Das hat er auf ausdr\u00fccklichen Wunsch Israels vor Begin der Friedensverhandlungen in Oslo und Madrid noch einmal schriftlich garantiert. Arafat hat damit eingewilligt, einen pal\u00e4stinensischen Staat auf den verbliebenen 22 Prozent des Landes zwischen Mittelmeer und Jordan zu errichten. Nur hat Israel selbst w\u00e4hrend der Verhandlungen um das restliche Pizza-St\u00fcck nicht aufgeh\u00f6rt, dieses\u00a0 mit seiner v\u00f6lkerrechtswidrigen Siedlungspolitik <\/span><\/span><span style=\"font-family: Arial;\"><span style=\"font-size: medium;\">weiter zu verspeisen. <\/span><\/span><span style=\"font-family: Arial;\"><br \/>\n<\/span><\/p>\n<p><span style=\"font-family: Arial;\"><span style=\"font-size: medium;\">Und wieso kommt Winkler bei seiner Qualifizierung vom &#8222;Terrorchef Jassir Arafat&#8220; nicht in den Sinn, dass Israel mit Menachem Begin und Yitzhak Schamir in den 1980er-Jahren zwei ehemalige Terrorchefs als Ministerpr\u00e4sidenten hatte.\u00a0 Und ob man Ariel Sharon nicht auch eine staatsterroristische Politik zuschreiben muss, ist zumindest diskutierbar. <\/span><br \/>\n<\/span><\/p>\n<p><span style=\"font-size: medium;\">Sala&#8217;am\/Shalom, <\/span><\/p>\n<p><span style=\"font-size: small;\"> Franz S\u00f6lkner<\/span><\/p>\n","protected":false},"excerpt":{"rendered":"<p>Geschichtsmythen Symbole sind seit jeher integrale Bestandteile politischer Auseinandersetzungen.\u00a0 Auch Fahnen.\u00a0 Dass Hans Winkler den tendenziell neutralit\u00e4tswidrigen Fahnenspuk auf dem Kanzleramt verteidigt, offenbart das seine proisraelische Sicht auf den Pal\u00e4stina-Konflikt.\u00a0 Wenn er in seiner ideologischen Positionierung meint, Israels harte Besatzungspolitik samt ihren brutalen Begleiterscheinungen verteidigen zu m\u00fcssen, ist das zwar befremdlich,\u00a0 geh\u00f6rt aber zu seiner &hellip; <a href=\"https:\/\/www.friedensplattform.at\/?p=6305\" class=\"more-link\"><span class=\"screen-reader-text\">Leserbrief FS zur &#8222;Aussensicht&#8220; von Hans Winkler, Kl. Ztg., 22. Mai<\/span> weiterlesen <span class=\"meta-nav\">&rarr;<\/span><\/a><\/p>\n","protected":false},"author":3,"featured_media":0,"comment_status":"open","ping_status":"open","sticky":false,"template":"","format":"standard","meta":{"footnotes":""},"categories":[1,18],"tags":[],"class_list":["post-6305","post","type-post","status-publish","format-standard","hentry","category-allgemein","category-palaestina-solidaritaet"],"_links":{"self":[{"href":"https:\/\/www.friedensplattform.at\/index.php?rest_route=\/wp\/v2\/posts\/6305","targetHints":{"allow":["GET"]}}],"collection":[{"href":"https:\/\/www.friedensplattform.at\/index.php?rest_route=\/wp\/v2\/posts"}],"about":[{"href":"https:\/\/www.friedensplattform.at\/index.php?rest_route=\/wp\/v2\/types\/post"}],"author":[{"embeddable":true,"href":"https:\/\/www.friedensplattform.at\/index.php?rest_route=\/wp\/v2\/users\/3"}],"replies":[{"embeddable":true,"href":"https:\/\/www.friedensplattform.at\/index.php?rest_route=%2Fwp%2Fv2%2Fcomments&post=6305"}],"version-history":[{"count":2,"href":"https:\/\/www.friedensplattform.at\/index.php?rest_route=\/wp\/v2\/posts\/6305\/revisions"}],"predecessor-version":[{"id":6343,"href":"https:\/\/www.friedensplattform.at\/index.php?rest_route=\/wp\/v2\/posts\/6305\/revisions\/6343"}],"wp:attachment":[{"href":"https:\/\/www.friedensplattform.at\/index.php?rest_route=%2Fwp%2Fv2%2Fmedia&parent=6305"}],"wp:term":[{"taxonomy":"category","embeddable":true,"href":"https:\/\/www.friedensplattform.at\/index.php?rest_route=%2Fwp%2Fv2%2Fcategories&post=6305"},{"taxonomy":"post_tag","embeddable":true,"href":"https:\/\/www.friedensplattform.at\/index.php?rest_route=%2Fwp%2Fv2%2Ftags&post=6305"}],"curies":[{"name":"wp","href":"https:\/\/api.w.org\/{rel}","templated":true}]}}