{"id":6309,"date":"2021-05-23T17:22:28","date_gmt":"2021-05-23T17:22:28","guid":{"rendered":"http:\/\/www.friedensplattform.at\/?p=6309"},"modified":"2021-05-23T17:22:28","modified_gmt":"2021-05-23T17:22:28","slug":"leserinnenbrief-hs-zum-interview-mit-tom-segev","status":"publish","type":"post","link":"https:\/\/www.friedensplattform.at\/?p=6309","title":{"rendered":"Leserinnenbrief HS zum Interview mit Tom Segev"},"content":{"rendered":"<p>in der Kleinen Zeitung von Sonntag, 23.5.2021 S.6-7<\/p>\n<p><strong>Nein, Herr Segev!<\/strong><br \/>\nDie Eskalation hat nicht mit &#8222;Unruhen auf dem Tempelberg&#8220; begonnen.<br \/>\nVielmehr waren die Angriffe des israelischen Milit\u00e4rs auf die Betenden und in die Gebetsr\u00e4ume der Al Aqsa Moschee nur ein Ausl\u00f6ser.<!--more-->Der Zweite war der brutale Vertreibungsversuch der pal\u00e4stinensischen Familien aus Scheikh Jarrah in Ostjerusalem. Der vierte, f\u00fcnfte, tausendste Grund sind sind die mehr als 70igj\u00e4hrigen V\u00f6lker- und Menschenrechtsverletzungen der israelischen Machthaber, die zigtausenden Dem\u00fctigungen und Schikanen, Checkpoints, Mauerbau, Siedlungsbau nach Landraub, gezielte T\u00f6tungen, Inhaftierung von Kindern, Verst\u00fcmmelungen und Morde an ZivilistInnen durch Bombardements.<br \/>\nDie Menschen in Gaza befinden sich nicht &#8222;in Geiselhaft eines abscheulichen Terrorregimes&#8220;, wie Sie im Netanjahusprech repetieren. Die Hamas wurde nicht nur von den B\u00fcrgerInnen in Gaza demokratisch gew\u00e4hlt. Es war Israel und die Internationale Gemeinschaft, die diese Wahlen nicht anerkannten! Was f\u00fcr ein Ausdruck der Heuchelei gegen\u00fcber den Internationalen Rechten, die nur f\u00fcr die Starken gelten, aber f\u00fcr die Schwachen nicht.<br \/>\nWas aber richtig ist: Das israelische Milit\u00e4r wurde \u00fcberrumpelt von den vielen Rakaten aus Gaza. Die Arroganz der Macht hat \u00fcbersehen, wie sehr sich das Aufbehren gegen die Entrechtung und das Einstehen f\u00fcr die W\u00fcrde in das pal\u00e4stinensische Kollektiv eingeschrieben hat. Die Raketen haben sich Israel und seine europ\u00e4ischen und us-amerikanischen Back-ups selbst zuzuschreiben: Jeder Versuch eine Friedensl\u00f6sung zu erreichen, ist am israelischen Anklammern an Siedlungsbau und Apartheidsordnungen gescheitert.<br \/>\nSie haben Scheikh Jarrah mit Absicht nicht erw\u00e4hnt, Herr Segev. H\u00e4tten sie das getan, w\u00fcrden Sie die wesentliche Wurzel dieses Konflikts ansprechen m\u00fcssen: die Nakbah, die gewaltsame Vertreibung der Pal\u00e4stinenserInnen 1948. Und Sie m\u00fcssten auch dar\u00fcber sprechen, dass es nach UN-Res. 194 ein R\u00fcckkehrrecht f\u00fcr alle Vertriebenen und ihre Nachkommen gibt. Dann m\u00fcssten Sie aussprechen, dass Israel ein Apartheidstaat ist, der seine Bev\u00f6lkerung absolut ungleich behandelt. Und sie m\u00fcssten eingestehen, dass ein Frieden nur m\u00f6glich ist, wenn historisches Unrecht gutgemacht und seine permanente gegenw\u00e4rtige Wiederholung endlich aufh\u00f6rt!<br \/>\nDas Loslassen von der Arroganz der Macht beginnt letztendlich bei dem Einzelnen.<\/p>\n<p>Helga Suleiman<\/p>\n<p>&nbsp;<\/p>\n<p><a href=\"http:\/\/www.friedensplattform.at\/wp-content\/uploads\/2021\/05\/IMG_09771.jpg\"><img loading=\"lazy\" decoding=\"async\" class=\"alignnone size-medium wp-image-6311\" src=\"http:\/\/www.friedensplattform.at\/wp-content\/uploads\/2021\/05\/IMG_09771-300x225.jpg\" alt=\"\" width=\"300\" height=\"225\" srcset=\"https:\/\/www.friedensplattform.at\/wp-content\/uploads\/2021\/05\/IMG_09771-300x225.jpg 300w, https:\/\/www.friedensplattform.at\/wp-content\/uploads\/2021\/05\/IMG_09771.jpg 640w\" sizes=\"auto, (max-width: 300px) 100vw, 300px\" \/><\/a> <a href=\"http:\/\/www.friedensplattform.at\/wp-content\/uploads\/2021\/05\/IMG_0976.jpg\"><img loading=\"lazy\" decoding=\"async\" class=\"alignnone size-medium wp-image-6315\" src=\"http:\/\/www.friedensplattform.at\/wp-content\/uploads\/2021\/05\/IMG_0976-300x225.jpg\" alt=\"\" width=\"300\" height=\"225\" srcset=\"https:\/\/www.friedensplattform.at\/wp-content\/uploads\/2021\/05\/IMG_0976-300x225.jpg 300w, https:\/\/www.friedensplattform.at\/wp-content\/uploads\/2021\/05\/IMG_0976.jpg 640w\" sizes=\"auto, (max-width: 300px) 100vw, 300px\" \/><\/a><\/p>\n","protected":false},"excerpt":{"rendered":"<p>in der Kleinen Zeitung von Sonntag, 23.5.2021 S.6-7 Nein, Herr Segev! Die Eskalation hat nicht mit &#8222;Unruhen auf dem Tempelberg&#8220; begonnen. Vielmehr waren die Angriffe des israelischen Milit\u00e4rs auf die Betenden und in die Gebetsr\u00e4ume der Al Aqsa Moschee nur ein Ausl\u00f6ser.<\/p>\n","protected":false},"author":3,"featured_media":0,"comment_status":"open","ping_status":"open","sticky":false,"template":"","format":"standard","meta":{"footnotes":""},"categories":[1,18],"tags":[],"class_list":["post-6309","post","type-post","status-publish","format-standard","hentry","category-allgemein","category-palaestina-solidaritaet"],"_links":{"self":[{"href":"https:\/\/www.friedensplattform.at\/index.php?rest_route=\/wp\/v2\/posts\/6309","targetHints":{"allow":["GET"]}}],"collection":[{"href":"https:\/\/www.friedensplattform.at\/index.php?rest_route=\/wp\/v2\/posts"}],"about":[{"href":"https:\/\/www.friedensplattform.at\/index.php?rest_route=\/wp\/v2\/types\/post"}],"author":[{"embeddable":true,"href":"https:\/\/www.friedensplattform.at\/index.php?rest_route=\/wp\/v2\/users\/3"}],"replies":[{"embeddable":true,"href":"https:\/\/www.friedensplattform.at\/index.php?rest_route=%2Fwp%2Fv2%2Fcomments&post=6309"}],"version-history":[{"count":1,"href":"https:\/\/www.friedensplattform.at\/index.php?rest_route=\/wp\/v2\/posts\/6309\/revisions"}],"predecessor-version":[{"id":6317,"href":"https:\/\/www.friedensplattform.at\/index.php?rest_route=\/wp\/v2\/posts\/6309\/revisions\/6317"}],"wp:attachment":[{"href":"https:\/\/www.friedensplattform.at\/index.php?rest_route=%2Fwp%2Fv2%2Fmedia&parent=6309"}],"wp:term":[{"taxonomy":"category","embeddable":true,"href":"https:\/\/www.friedensplattform.at\/index.php?rest_route=%2Fwp%2Fv2%2Fcategories&post=6309"},{"taxonomy":"post_tag","embeddable":true,"href":"https:\/\/www.friedensplattform.at\/index.php?rest_route=%2Fwp%2Fv2%2Ftags&post=6309"}],"curies":[{"name":"wp","href":"https:\/\/api.w.org\/{rel}","templated":true}]}}