{"id":6319,"date":"2021-05-23T17:30:17","date_gmt":"2021-05-23T17:30:17","guid":{"rendered":"http:\/\/www.friedensplattform.at\/?p=6319"},"modified":"2021-05-23T17:30:17","modified_gmt":"2021-05-23T17:30:17","slug":"erneut-kraeftige-solidaritaetsdemo-in-graz-am22-5","status":"publish","type":"post","link":"https:\/\/www.friedensplattform.at\/?p=6319","title":{"rendered":"Erneut kr\u00e4ftige Solidarit\u00e4tsdemo in Graz am22.5."},"content":{"rendered":"<p>STOPPT DIE MASSAKER! STOPPT DEN KRIEG! WIDERSTAND BIS ZUM SIEG!<\/p>\n<p>Auch am 22.5. 2021 gingen mehr als 300 Pal\u00e4stinenser:innen und Pal\u00e4stina-Solidarische Menschen in Graz wieder auf die Stra\u00dfe, um gegen Krieg, Besatzung, Apartheid und Siedlerkolonialismus zu demonstrieren.<!--more--><\/p>\n<p>Die Demo wurde von Roswitha, einer Aktivistin der Pal\u00e4stina Solidarit\u00e4t Steiermark, er\u00f6ffnet. Sie verwies auf die drei Gr\u00fcnde, warum wir heute hier sind: erstens feiern wir den Sieg des pal\u00e4stinensischen Volkes. Israel musste die j\u00fcngste Eskalation der Gewalt stoppen. Obwohl Israel mit der gezielten Bombardierung der Zivilbev\u00f6lkerung und der zivilen Infrastruktur versucht hat zu spalten, steht das pal\u00e4stinensische Volk geeint hinter ihren Widerstandsorganisationen. Standhaft halten die Menschen in Gaza, Jerusalem, Westbank und in Pal\u00e4stina 48 ihre Fahne hoch. Zweitens sind wir hier, weil eine Waffenruhe noch keinen Frieden bedeutet. Damit es Frieden geben kann, muss Israel die Besatzung, die Politik der Apartheid und den Siedlerkolonialismus beenden! Drittens sind wir hier, um gegen die \u00f6sterreichische Regierung zu protestieren. Diese stellt sich einseitig auf die Seite Israels und unterst\u00fctzt somit Staatsterrorismus und Kolonialherrschaft. Israel zerst\u00f6rte die Medienb\u00fcros in Gaza, um die Berichterstattung zu behindern. \u00d6sterreich agiert mit Demoverboten in Wien, um die Pal\u00e4stinasolidarit\u00e4t zum Schweigen zu bringen. Doch die pal\u00e4stinensische Stimme l\u00e4sst sich nicht unterkriegen und wir solidarische Menschen werden nicht schweigen, bis Pal\u00e4stina frei ist.<\/p>\n<p>Nach der Er\u00f6ffnungsrede sprach Dunia aus Ramallah. Sie berichtete von den Gr\u00e4ueltaten israelischer Soldaten und ihrem Bruder, der bei einer Demo in der vergangenen Woche angeschossen wurde und seitdem im Koma liegt. Sie betonte die Widerstandskraft des pal\u00e4stinensischen Volkes. Verschiedene M\u00e4chte wollten in seiner Geschichte bereits Pal\u00e4stina erobern und beherrschen, aber die Pal\u00e4stinenser:innen k\u00e4mpften immer f\u00fcr ihre Freiheit. Verschiedene V\u00f6lker bev\u00f6lkerten in der Geschichte das Land zwischen Jordan und Mittelmeer, aber der Name Pal\u00e4stina wird niemals ausgel\u00f6scht werden.<\/p>\n<p>Nach ihr sprach Adnan, dessen Eltern mit ihrer Familie 1948 aus Nazareth vertrieben wurden. Er dr\u00fcckte als Pal\u00e4stinenser seine tiefe Verbundenheit mit sehr lyrischen Worten aus. &#8222;Wir Pal\u00e4stinenser:innen sind das Salz der Erde, die Oliven und Zitronen des Landes&#8220; und zitierte Pal\u00e4stinas Nationaldichter Mahmoud Darvish mit <em>&#8222;Auf dieser Erde ist etwas, das zu leben verdient: Auf dieser Erde ist die Herrin der Erde, Mutter des Anfangs, Mutter des Endes. Sie hie\u00df Pal\u00e4stina. Dann nannte man sie Pal\u00e4stina. Meine Herrin: ich verdiene, da du meine Herrin bist, ich verdiene zu leben.&#8220;<\/em> Im Anschluss daran schilderte die junge Pal\u00e4stinenserin Joud die aktuelle Lage in Pal\u00e4stina und prangerte die an der Zivilbev\u00f6lkerung begangenen Ungerechtigkeiten an. Zu Beginn ihrer Rede forderte sie zu einem Gebet bzw. einer Schweigeminute f\u00fcr die Toten auf. \u00dcber ein Viertel der Toten sind Kinder. Ihr Blut soll nicht umsonst geflossen sein. Sie hielt eine flammende Rede f\u00fcr die Freiheit Pal\u00e4stinas, wiederholte ihre Worte mehrmals, damit sie nicht mehr aus unseren K\u00f6pfen gehen.<\/p>\n<p>Nach dieser Er\u00f6ffnung am Mariahilferplatz formierte sich der Demozug zu den Kl\u00e4ngen der pal\u00e4stinensischen Nationalhymne. Rund 300 Menschen marschierten mit pal\u00e4stinensischen Fahnen, Transparenten und Schildern durch die Grazer Innenstadt. Die Demo war kr\u00e4ftig, viele Parolen auf Arabisch, Deutsch und Englisch f\u00fcr die Freiheit Pal\u00e4stinas, begleitet von einer Tambour. Am Hauptplatz hielt spontan Yassir eine kurze Rede, weil viele Passant:innen interessiert am Rande des Demozuges stehen blieben. Er erkl\u00e4rte den Leuten, warum wir demonstrieren und betonte, dass j\u00fcdische Menschen unsere Geschwister sind, und wir gegen den Zionismus protestieren, welcher die Ungleichbehandlung von nicht-j\u00fcdischen Menschen festschreibt.<br \/>\nAm Tummelplatz hielten wir unsere Schlusskundgebung ab, welche mit dem Lied Dammi Falastini (My Blood is Palestinian) begann. Zun\u00e4chst sprach Fatima und appellierte wie vergangenen Samstag vor allem an die Jugend, sich gegen Ungerechtigkeiten einzusetzen. Es herrsche zwar Waffenruhe, aber das bedeute nicht das Ende all der Gr\u00e4ueltaten und Dem\u00fctigungen in Pal\u00e4stina. Sie rief dazu auf, dauerhaft aktiv zu werden, keine Angst vor der Antisemitismuskeule zu haben. Als konkreten Vorschlag nannte sie, sich an einer Gruppe &#8222;Pal\u00e4stina spricht&#8220; zu beteiligen. Nach ihr solidarisiert sich Wolfgang von Die Linke mit dem Freiheitskampf des pal\u00e4stinensischen Volkes. Er kritisierte Kurz &amp; Co f\u00fcr ihre kurz-sichtige Kollaboration mit der israelischen Besatzungspolitik, verurteilte Gewalt auf beiden Seiten und appellierte an die Zwei-Staatenl\u00f6sung, welche mit friedlichen Mitteln anzustreben sei. Zum Abschluss sprach Franz von der Pal\u00e4stina Solidarit\u00e4t Steiermark. Der Zionismus sei bestimmt vom europ\u00e4ischen Nationalismus des 19. Jahrhunderts und dem Aberglauben, Gott habe vor 3000 Jahren das Land allein den Juden geschenkt. Gott k\u00f6nne vieles sein, ganz sicher sei er aber kein Immobilienh\u00e4ndler. Nach mehr als 70 Jahren des Unrechts komme es darauf an, endlich aus dem Kreislauf der Gewalt auszubrechen. Das sei nur m\u00f6glich, wenn der Grundkonflikt gel\u00f6st werde und Israel die Besatzung beende. Daf\u00fcr sind auf allen Seiten die Hausaufgaben zu erledigen. Der ungebrochene Widerstand der Pal\u00e4stinenser:innen lege die Basis. Er werde weltweit von immer mehr Menschen unterst\u00fctzt. Auch von sehr vielen Juden innerhalb und au\u00dferhalb Israels. Die &#8222;arabische Stra\u00dfe&#8220; m\u00fcsse daf\u00fcr Sorge tragen, den Verrat am pal\u00e4stinensischen Volk durch die Kollaboration ihrer korrupten F\u00fchrungen mit Israel ein Ende zu setzen. Und ebenso sei es die Aufgabe der Friedens- und Menschenrechtsbewegungen in Europa und den USA die feige Komplizenschaft unserer Eliten mit dem zionistischen Regime zu \u00fcberwinden. So wie in S\u00fcdafrika werde es auch in Pal\u00e4stina gelingen, Israels Rassismus, Apartheid und Kolonialismus abzuschaffen. Die Demonstration klang mit Parolen, Musik und pal\u00e4stinensischen Volkstanz aus.<\/p>\n<div id='gallery-1' class='gallery galleryid-6319 gallery-columns-3 gallery-size-thumbnail'><figure class='gallery-item'>\n\t\t\t<div class='gallery-icon landscape'>\n\t\t\t\t<a href='https:\/\/www.friedensplattform.at\/?attachment_id=6321'><img loading=\"lazy\" decoding=\"async\" width=\"150\" height=\"150\" src=\"https:\/\/www.friedensplattform.at\/wp-content\/uploads\/2021\/05\/\u0662\u0660\u0662\u0661\u0660\u0665\u0662\u0662_\u0661\u0665\u0663\u0661\u0662\u0665-150x150.jpg\" class=\"attachment-thumbnail size-thumbnail\" alt=\"\" \/><\/a>\n\t\t\t<\/div><\/figure><figure class='gallery-item'>\n\t\t\t<div class='gallery-icon landscape'>\n\t\t\t\t<a href='https:\/\/www.friedensplattform.at\/?attachment_id=6323'><img loading=\"lazy\" decoding=\"async\" width=\"150\" height=\"150\" src=\"https:\/\/www.friedensplattform.at\/wp-content\/uploads\/2021\/05\/\u0662\u0660\u0662\u0661\u0660\u0665\u0662\u0662_\u0661\u0665\u0665\u0660\u0660\u0667-150x150.jpg\" class=\"attachment-thumbnail size-thumbnail\" alt=\"\" \/><\/a>\n\t\t\t<\/div><\/figure><figure class='gallery-item'>\n\t\t\t<div class='gallery-icon landscape'>\n\t\t\t\t<a href='https:\/\/www.friedensplattform.at\/?attachment_id=6325'><img loading=\"lazy\" decoding=\"async\" width=\"150\" height=\"150\" src=\"https:\/\/www.friedensplattform.at\/wp-content\/uploads\/2021\/05\/\u0662\u0660\u0662\u0661\u0660\u0665\u0662\u0662_\u0661\u0665\u0665\u0660\u0660\u0668-150x150.jpg\" class=\"attachment-thumbnail size-thumbnail\" alt=\"\" \/><\/a>\n\t\t\t<\/div><\/figure><figure class='gallery-item'>\n\t\t\t<div class='gallery-icon landscape'>\n\t\t\t\t<a href='https:\/\/www.friedensplattform.at\/?attachment_id=6327'><img loading=\"lazy\" decoding=\"async\" width=\"150\" height=\"150\" src=\"https:\/\/www.friedensplattform.at\/wp-content\/uploads\/2021\/05\/\u0662\u0660\u0662\u0661\u0660\u0665\u0662\u0662_\u0661\u0665\u0665\u0664\u0661\u0660-150x150.jpg\" class=\"attachment-thumbnail size-thumbnail\" alt=\"\" \/><\/a>\n\t\t\t<\/div><\/figure><figure class='gallery-item'>\n\t\t\t<div class='gallery-icon landscape'>\n\t\t\t\t<a href='https:\/\/www.friedensplattform.at\/?attachment_id=6329'><img loading=\"lazy\" decoding=\"async\" width=\"150\" height=\"150\" src=\"https:\/\/www.friedensplattform.at\/wp-content\/uploads\/2021\/05\/\u0662\u0660\u0662\u0661\u0660\u0665\u0662\u0662_\u0661\u0666\u0660\u0664\u0663\u0664-150x150.jpg\" class=\"attachment-thumbnail size-thumbnail\" alt=\"\" \/><\/a>\n\t\t\t<\/div><\/figure><figure class='gallery-item'>\n\t\t\t<div class='gallery-icon landscape'>\n\t\t\t\t<a href='https:\/\/www.friedensplattform.at\/?attachment_id=6331'><img loading=\"lazy\" decoding=\"async\" width=\"150\" height=\"150\" src=\"https:\/\/www.friedensplattform.at\/wp-content\/uploads\/2021\/05\/IMG_0951-150x150.jpg\" class=\"attachment-thumbnail size-thumbnail\" alt=\"\" \/><\/a>\n\t\t\t<\/div><\/figure><figure class='gallery-item'>\n\t\t\t<div class='gallery-icon landscape'>\n\t\t\t\t<a href='https:\/\/www.friedensplattform.at\/?attachment_id=6335'><img loading=\"lazy\" decoding=\"async\" width=\"150\" height=\"150\" src=\"https:\/\/www.friedensplattform.at\/wp-content\/uploads\/2021\/05\/IMG_0963-150x150.jpg\" class=\"attachment-thumbnail size-thumbnail\" alt=\"\" \/><\/a>\n\t\t\t<\/div><\/figure><figure class='gallery-item'>\n\t\t\t<div class='gallery-icon landscape'>\n\t\t\t\t<a href='https:\/\/www.friedensplattform.at\/?attachment_id=6337'><img loading=\"lazy\" decoding=\"async\" width=\"150\" height=\"150\" src=\"https:\/\/www.friedensplattform.at\/wp-content\/uploads\/2021\/05\/IMG_0966-150x150.jpg\" class=\"attachment-thumbnail size-thumbnail\" alt=\"\" \/><\/a>\n\t\t\t<\/div><\/figure><figure class='gallery-item'>\n\t\t\t<div class='gallery-icon landscape'>\n\t\t\t\t<a href='https:\/\/www.friedensplattform.at\/?attachment_id=6339'><img loading=\"lazy\" decoding=\"async\" width=\"150\" height=\"150\" src=\"https:\/\/www.friedensplattform.at\/wp-content\/uploads\/2021\/05\/IMG_0972-150x150.jpg\" class=\"attachment-thumbnail size-thumbnail\" alt=\"\" \/><\/a>\n\t\t\t<\/div><\/figure>\n\t\t<\/div>\n\n","protected":false},"excerpt":{"rendered":"<p>STOPPT DIE MASSAKER! STOPPT DEN KRIEG! WIDERSTAND BIS ZUM SIEG! Auch am 22.5. 2021 gingen mehr als 300 Pal\u00e4stinenser:innen und Pal\u00e4stina-Solidarische Menschen in Graz wieder auf die Stra\u00dfe, um gegen Krieg, Besatzung, Apartheid und Siedlerkolonialismus zu demonstrieren.<\/p>\n","protected":false},"author":3,"featured_media":0,"comment_status":"open","ping_status":"open","sticky":false,"template":"","format":"standard","meta":{"footnotes":""},"categories":[1,18],"tags":[],"class_list":["post-6319","post","type-post","status-publish","format-standard","hentry","category-allgemein","category-palaestina-solidaritaet"],"_links":{"self":[{"href":"https:\/\/www.friedensplattform.at\/index.php?rest_route=\/wp\/v2\/posts\/6319","targetHints":{"allow":["GET"]}}],"collection":[{"href":"https:\/\/www.friedensplattform.at\/index.php?rest_route=\/wp\/v2\/posts"}],"about":[{"href":"https:\/\/www.friedensplattform.at\/index.php?rest_route=\/wp\/v2\/types\/post"}],"author":[{"embeddable":true,"href":"https:\/\/www.friedensplattform.at\/index.php?rest_route=\/wp\/v2\/users\/3"}],"replies":[{"embeddable":true,"href":"https:\/\/www.friedensplattform.at\/index.php?rest_route=%2Fwp%2Fv2%2Fcomments&post=6319"}],"version-history":[{"count":1,"href":"https:\/\/www.friedensplattform.at\/index.php?rest_route=\/wp\/v2\/posts\/6319\/revisions"}],"predecessor-version":[{"id":6341,"href":"https:\/\/www.friedensplattform.at\/index.php?rest_route=\/wp\/v2\/posts\/6319\/revisions\/6341"}],"wp:attachment":[{"href":"https:\/\/www.friedensplattform.at\/index.php?rest_route=%2Fwp%2Fv2%2Fmedia&parent=6319"}],"wp:term":[{"taxonomy":"category","embeddable":true,"href":"https:\/\/www.friedensplattform.at\/index.php?rest_route=%2Fwp%2Fv2%2Fcategories&post=6319"},{"taxonomy":"post_tag","embeddable":true,"href":"https:\/\/www.friedensplattform.at\/index.php?rest_route=%2Fwp%2Fv2%2Ftags&post=6319"}],"curies":[{"name":"wp","href":"https:\/\/api.w.org\/{rel}","templated":true}]}}