{"id":635,"date":"2009-01-18T21:37:50","date_gmt":"2009-01-18T19:37:50","guid":{"rendered":"http:\/\/www.luxorbis.org\/friedensplattform.at\/?p=635"},"modified":"2009-01-18T21:37:50","modified_gmt":"2009-01-18T19:37:50","slug":"artikel-auf-spiegelde-zehntausende-demonstrieren-gegen-krieg-in-gaza","status":"publish","type":"post","link":"https:\/\/www.friedensplattform.at\/?p=635","title":{"rendered":"Artikel auf spiegel.de: Zehntausende demonstrieren gegen Krieg in Gaza"},"content":{"rendered":"<p>Weit \u00fcber 10.000 Menschen haben in deutschen St\u00e4dten wegen des Kriegs im Gaza-Streifen demonstriert. Vereinzelt kam es zu anti-israelischen \u00dcbergriffen, meist wenn die verfeindeten Gruppen aufeinander trafen. Dann flogen Feuerwerksk\u00f6rper, israelische Fahnen brannten.<\/p>\n<p><a title=\"Fotostrecke\" href=\"http:\/\/www.spiegel.de\/fotostrecke\/fotostrecke-38906.html\" target=\"_blank\">Hier findet ihr Fotos von den Demos<\/a><\/p>\n<p><a title=\"Spiegel.de\" href=\"http:\/\/www.spiegel.de\/politik\/deutschland\/0,1518,601873,00.html\" target=\"_blank\">Hier geht es zum Artikel auf www.spiegel.de<\/a><\/p>\n","protected":false},"excerpt":{"rendered":"<p>Weit \u00fcber 10.000 Menschen haben in deutschen St\u00e4dten wegen des Kriegs im Gaza-Streifen demonstriert. Vereinzelt kam es zu anti-israelischen \u00dcbergriffen, meist wenn die verfeindeten Gruppen aufeinander trafen. Dann flogen Feuerwerksk\u00f6rper, israelische Fahnen brannten. Hier findet ihr Fotos von den Demos Hier geht es zum Artikel auf www.spiegel.de<\/p>\n","protected":false},"author":1,"featured_media":0,"comment_status":"open","ping_status":"open","sticky":false,"template":"","format":"standard","meta":{"footnotes":""},"categories":[5],"tags":[],"class_list":["post-635","post","type-post","status-publish","format-standard","hentry","category-arabischer-raum"],"_links":{"self":[{"href":"https:\/\/www.friedensplattform.at\/index.php?rest_route=\/wp\/v2\/posts\/635","targetHints":{"allow":["GET"]}}],"collection":[{"href":"https:\/\/www.friedensplattform.at\/index.php?rest_route=\/wp\/v2\/posts"}],"about":[{"href":"https:\/\/www.friedensplattform.at\/index.php?rest_route=\/wp\/v2\/types\/post"}],"author":[{"embeddable":true,"href":"https:\/\/www.friedensplattform.at\/index.php?rest_route=\/wp\/v2\/users\/1"}],"replies":[{"embeddable":true,"href":"https:\/\/www.friedensplattform.at\/index.php?rest_route=%2Fwp%2Fv2%2Fcomments&post=635"}],"version-history":[{"count":0,"href":"https:\/\/www.friedensplattform.at\/index.php?rest_route=\/wp\/v2\/posts\/635\/revisions"}],"wp:attachment":[{"href":"https:\/\/www.friedensplattform.at\/index.php?rest_route=%2Fwp%2Fv2%2Fmedia&parent=635"}],"wp:term":[{"taxonomy":"category","embeddable":true,"href":"https:\/\/www.friedensplattform.at\/index.php?rest_route=%2Fwp%2Fv2%2Fcategories&post=635"},{"taxonomy":"post_tag","embeddable":true,"href":"https:\/\/www.friedensplattform.at\/index.php?rest_route=%2Fwp%2Fv2%2Ftags&post=635"}],"curies":[{"name":"wp","href":"https:\/\/api.w.org\/{rel}","templated":true}]}}