{"id":6351,"date":"2021-05-25T16:54:21","date_gmt":"2021-05-25T16:54:21","guid":{"rendered":"http:\/\/www.friedensplattform.at\/?p=6351"},"modified":"2021-05-26T18:30:50","modified_gmt":"2021-05-26T18:30:50","slug":"kundgebung-der-friedensplattform-am-28-5-um-14-00-17-00-hauptbahnhof","status":"publish","type":"post","link":"https:\/\/www.friedensplattform.at\/?p=6351","title":{"rendered":"Kundgebung der Friedensplattform am 28.5. um 14.00-17.00 S\u00fcdtirolerplatz"},"content":{"rendered":"<div>\n<div>\n<h3>ACHTUNG! ORTS\u00c4NDERUNG S\u00dcDTIROLERPLATZ statt HAUPTBAHNHOF!<\/h3>\n<h3>Gesch\u00e4tzte FriedensfreundInnen!<\/h3>\n<h3>Aktuell wird in Europa das gegen Russland gerichtete NATO-Gro\u00dfman\u00f6ver &#8222;Defender Europe 21&#8220; durchgef\u00fchrt.<\/h3>\n<p><!--more--><\/p>\n<p>&nbsp;<\/p>\n<p>Dabei sollen die H\u00e4fen in Albanien, im Baltikum und in Polen f\u00fcr ihre Tauglichkeit f\u00fcr Anlandungen und die Stra\u00dfen- und Schienenverkehrswege auch in \u00d6sterreich auf ihre Tauglichkeit f\u00fcr ein rasche Verlegung von Truppen und schweren Waffen nach Osten hin getestet werden. Wenn sie nicht tauglich genug sein sollten, muss nat\u00fcrlich nachger\u00fcstet werden (nat\u00fcrlich nicht auf Kosten anderer R\u00fcstungsausgaben!).<\/p>\n<p>Gegen Geist und Buchstabe unserer &#8222;immerw\u00e4hrenden Neutralit\u00e4t&#8220; beteiligt sich \u00d6sterreich an diesem Man\u00f6ver als Transitland f\u00fcr 2000 NATO-Soldaten und 800 Stk. schwere Milit\u00e4rg\u00fcter. In \u00e4hnlicher Weise neutralit\u00e4tswidrig stellt sich unsere Bundesregierung im Pal\u00e4stina-Konflikt einseitig hinter Israel, das seit mehr als 50 Jahren gegen\u00fcber den Pal\u00e4stinenserInnen eine brutale Milit\u00e4rbesatzung und v\u00f6lkerrechtswidrige Siedlungspolitik aufrechterh\u00e4lt.<\/p>\n<p>Um diese Problematiken zu thematisieren, gibt es eine von uns organisierte <b>Kundgebung am kommenden Freitag, den 28. Mai von 14:00 bis 17:00 Uhr am Vorplatz des Hauptbahnhofes Graz. <\/b><\/p>\n<p>N\u00e4heres entnehmt bitte dem beiliegenden Flugblatt.<\/p>\n<p>Ihr seid dazu herzlich eingeladen.<\/p>\n<pre>Mit friedensaktiven Gr\u00fc\u00dfen<\/pre>\n<pre><\/pre>\n<pre>Team Friedensplattform<\/pre>\n<p>&nbsp;<\/p>\n<\/div>\n<div class=\"signature\"><a href=\"http:\/\/www.friedensplattform.at\/wp-content\/uploads\/2021\/05\/Flugblatt-28_5_21end.pdf\">Flugblatt 28_5_21end<\/a><\/div>\n<\/div>\n<p>&nbsp;<\/p>\n<p><!--more--><\/p>\n","protected":false},"excerpt":{"rendered":"<p>ACHTUNG! ORTS\u00c4NDERUNG S\u00dcDTIROLERPLATZ statt HAUPTBAHNHOF! Gesch\u00e4tzte FriedensfreundInnen! Aktuell wird in Europa das gegen Russland gerichtete NATO-Gro\u00dfman\u00f6ver &#8222;Defender Europe 21&#8220; durchgef\u00fchrt.<\/p>\n","protected":false},"author":2,"featured_media":0,"comment_status":"open","ping_status":"open","sticky":false,"template":"","format":"standard","meta":{"footnotes":""},"categories":[1],"tags":[],"class_list":["post-6351","post","type-post","status-publish","format-standard","hentry","category-allgemein"],"_links":{"self":[{"href":"https:\/\/www.friedensplattform.at\/index.php?rest_route=\/wp\/v2\/posts\/6351","targetHints":{"allow":["GET"]}}],"collection":[{"href":"https:\/\/www.friedensplattform.at\/index.php?rest_route=\/wp\/v2\/posts"}],"about":[{"href":"https:\/\/www.friedensplattform.at\/index.php?rest_route=\/wp\/v2\/types\/post"}],"author":[{"embeddable":true,"href":"https:\/\/www.friedensplattform.at\/index.php?rest_route=\/wp\/v2\/users\/2"}],"replies":[{"embeddable":true,"href":"https:\/\/www.friedensplattform.at\/index.php?rest_route=%2Fwp%2Fv2%2Fcomments&post=6351"}],"version-history":[{"count":3,"href":"https:\/\/www.friedensplattform.at\/index.php?rest_route=\/wp\/v2\/posts\/6351\/revisions"}],"predecessor-version":[{"id":6361,"href":"https:\/\/www.friedensplattform.at\/index.php?rest_route=\/wp\/v2\/posts\/6351\/revisions\/6361"}],"wp:attachment":[{"href":"https:\/\/www.friedensplattform.at\/index.php?rest_route=%2Fwp%2Fv2%2Fmedia&parent=6351"}],"wp:term":[{"taxonomy":"category","embeddable":true,"href":"https:\/\/www.friedensplattform.at\/index.php?rest_route=%2Fwp%2Fv2%2Fcategories&post=6351"},{"taxonomy":"post_tag","embeddable":true,"href":"https:\/\/www.friedensplattform.at\/index.php?rest_route=%2Fwp%2Fv2%2Ftags&post=6351"}],"curies":[{"name":"wp","href":"https:\/\/api.w.org\/{rel}","templated":true}]}}