{"id":6369,"date":"2021-06-20T18:04:46","date_gmt":"2021-06-20T18:04:46","guid":{"rendered":"http:\/\/www.friedensplattform.at\/?p=6369"},"modified":"2021-06-20T18:06:21","modified_gmt":"2021-06-20T18:06:21","slug":"nein-zum-nato-umschlag-in-oesterreich-kaserne-zwoelfaxing","status":"publish","type":"post","link":"https:\/\/www.friedensplattform.at\/?p=6369","title":{"rendered":"Nein zum Nato-Umschlag in \u00d6sterreich: Kaserne Zw\u00f6lfaxing"},"content":{"rendered":"<div class=\"field field--name-body field--type-text-with-summary field--label-hidden field--item\">\n<p>Am 18.6.21 fand eine Kundgebung vor der Burstynkaserne in Zw\u00f6lfaxing statt in Protest gegen Defender Europe 2021 und die Anwesenheit von NATO- und US-Truppen in dessen Rahmen auf \u00f6sterreichischem Boden und in der Kaserne.<\/p>\n<p><!--more--><\/p>\n<p>Demonstrantinnen und Demonstranten sowie Rednerinnen und Redner von Selbstbestimmtem \u00d6sterreich, der Solidarwerkstatt \u00d6sterreich, der Antifaschistischen Aktion, der Steirischen Friedensplattform, des Aktionsb\u00fcndnisses f\u00fcr Frieden, aktive Neutralit\u00e4t und Gewaltfreiheit, der Antiimperialistischen Koordination, der Pal\u00e4stina Solidarit\u00e4t \u00d6sterreich sowie der B\u00fcrgerinitiative Rettet die Lobau \u2013 Natur statt Beton sprachen sich aber nicht nur gegen den schrittweisen Ausverkauf der immerw\u00e4hrenden Neutralit\u00e4t aus, gegen die EU-Militarisierung und die Beteiligung \u00d6sterreichs aller Regierungen, insbesondere aber der Bundesregierung Kurz an globalen Machtspielen und Kriegen, sondern auch f\u00fcr ein aktives Engagement im Sinne einer aktiven Neutralit\u00e4t und einer realen demokratischen und souver\u00e4nen Alternative gegen\u00fcber der Westanbiederung und des EU-Regimes.<\/p>\n<p>Die Liste der 1000 Unterzeichner*innen der \u201ePetition: Stopp neutralit\u00e4tswidriger Kriegsmaterial- und Truppentransporte durch \u00d6sterreich\u201c wurde stellvertretend f\u00fcr die Bundesministerin f\u00fcr Landesverteidigung Tanner an Garnisonskommandanten Hrbek \u00fcbergeben.<\/p>\n<p>Martin M. Weinberger<\/p>\n<p><a href=\"http:\/\/www.selbstbestimmtes-\u00f6sterreich.at\/termin\/444-protestkundgebung-nein-zu-nato-truppen-auf-oesterreichischem-boden\">Aufruf und Unterst\u00fctzerInnen<\/a><\/p>\n<p><a href=\"http:\/\/www.selbstbestimmtes-\u00f6sterreich.at\/video\/467-zwoelfaxing-reden-gegen-die-illegalen-nato-truppen-durch-oesterreich\">Videos von den Reden und von der Unterschriften\u00fcbergabe<\/a><\/p>\n<p><a href=\"https:\/\/mein.aufstehn.at\/petitions\/stopp-neutralitatswidriger-kriegsmaterial-und-truppentransporte-durch-osterreich?just_launched=true\" target=\"_blank\" rel=\"noopener\">Petition<\/a><\/p>\n<\/div>\n<p>&nbsp;<\/p>\n<p>&nbsp;<\/p>\n<p><time datetime=\"2021-06-20T12:00:00Z\">20. Juni 2021<\/time><\/p>\n<p>&nbsp;<\/p>\n<p>\u00dcbernommen von: <a href=\"http:\/\/www.selbstbestimmtes-\u00f6sterreich.at\/galerie\/468-nein-zum-nato-umschlag-oesterreich-kaserne-zwoelfaxing\">http:\/\/www.selbstbestimmtes-\u00f6sterreich.at\/galerie\/468-nein-zum-nato-umschlag-oesterreich-kaserne-zwoelfaxing<\/a><\/p>\n","protected":false},"excerpt":{"rendered":"<p>Am 18.6.21 fand eine Kundgebung vor der Burstynkaserne in Zw\u00f6lfaxing statt in Protest gegen Defender Europe 2021 und die Anwesenheit von NATO- und US-Truppen in dessen Rahmen auf \u00f6sterreichischem Boden und in der Kaserne.<\/p>\n","protected":false},"author":3,"featured_media":0,"comment_status":"open","ping_status":"open","sticky":false,"template":"","format":"standard","meta":{"footnotes":""},"categories":[1,71,3,4],"tags":[],"class_list":["post-6369","post","type-post","status-publish","format-standard","hentry","category-allgemein","category-antifaschismus","category-antimilitarismus","category-antirassismus"],"_links":{"self":[{"href":"https:\/\/www.friedensplattform.at\/index.php?rest_route=\/wp\/v2\/posts\/6369","targetHints":{"allow":["GET"]}}],"collection":[{"href":"https:\/\/www.friedensplattform.at\/index.php?rest_route=\/wp\/v2\/posts"}],"about":[{"href":"https:\/\/www.friedensplattform.at\/index.php?rest_route=\/wp\/v2\/types\/post"}],"author":[{"embeddable":true,"href":"https:\/\/www.friedensplattform.at\/index.php?rest_route=\/wp\/v2\/users\/3"}],"replies":[{"embeddable":true,"href":"https:\/\/www.friedensplattform.at\/index.php?rest_route=%2Fwp%2Fv2%2Fcomments&post=6369"}],"version-history":[{"count":3,"href":"https:\/\/www.friedensplattform.at\/index.php?rest_route=\/wp\/v2\/posts\/6369\/revisions"}],"predecessor-version":[{"id":6375,"href":"https:\/\/www.friedensplattform.at\/index.php?rest_route=\/wp\/v2\/posts\/6369\/revisions\/6375"}],"wp:attachment":[{"href":"https:\/\/www.friedensplattform.at\/index.php?rest_route=%2Fwp%2Fv2%2Fmedia&parent=6369"}],"wp:term":[{"taxonomy":"category","embeddable":true,"href":"https:\/\/www.friedensplattform.at\/index.php?rest_route=%2Fwp%2Fv2%2Fcategories&post=6369"},{"taxonomy":"post_tag","embeddable":true,"href":"https:\/\/www.friedensplattform.at\/index.php?rest_route=%2Fwp%2Fv2%2Ftags&post=6369"}],"curies":[{"name":"wp","href":"https:\/\/api.w.org\/{rel}","templated":true}]}}