{"id":6379,"date":"2021-07-01T20:49:53","date_gmt":"2021-07-01T20:49:53","guid":{"rendered":"http:\/\/www.friedensplattform.at\/?p=6379"},"modified":"2021-07-01T20:50:04","modified_gmt":"2021-07-01T20:50:04","slug":"kundgebung-samstag-3-7-2021-1500-graz-eisernes-tor","status":"publish","type":"post","link":"https:\/\/www.friedensplattform.at\/?p=6379","title":{"rendered":"KUNDGEBUNG SAMSTAG, 3. 7. 2021, 15:00 Graz, Eisernes Tor"},"content":{"rendered":"<p><strong>ISRAEL BRICHT DIE WAFFENRUHE! <\/strong><\/p>\n<p><strong>SAVE Sheikh Jarrah!<\/strong><strong><br \/>\n<\/strong><strong>SAVE Silwan!<\/strong><strong><br \/>\n<\/strong><strong>SAVE Jabal Sbeih!<\/strong><\/p>\n<p><strong>STOPP der Siedlergewalt <\/strong><strong>und andauernden <\/strong><strong>Kolonialisierung Pal\u00e4stinas!<\/strong><!--more--><\/p>\n<p>Nabil al-Kurd (77) lebt seit 1956 im Viertel Sheikh Jarrah in Ostjerusalem. Jetzt droht seiner und weiteren sechs pal\u00e4stinensischen Familien die Zwangsr\u00e4umung. Nabils Vater lebte in Haifa, bis Israel ihn und seine Familie 1948 von dort vertrieb. Trotz UN-Resolution f\u00fcr das R\u00fcckkehrrecht konnte er bis heute nicht zur\u00fcckkehren<strong>. Zwischen 1947 und 1949 wurden etwa 750.000 Pal\u00e4stinenserInnen gewaltsam aus ihren St\u00e4dten und D\u00f6rfern vertrieben. 450 D\u00f6rfer und St\u00e4dte wurden dem Erdboden gleichgemacht.<\/strong> Das Ziel der israelischen Paramilizen war schon damals, Israel als einen exklusiven Staat f\u00fcr j\u00fcdische B\u00fcrgerInnen zu errichten.<\/p>\n<p>Nach der weiteren israelischen Aggression 1967 begannen Siedlergruppen rechtliche K\u00e4mpfe, um das Gebiet in Ostjerusalem zu \u00fcbernehmen. Sie behaupteten, das Land sei j\u00fcdisches Eigentum. 2009 schlie\u00dflich teilte ein israelisches Gericht Nabils Haus auf und gab einen Teil davon an j\u00fcdische Siedler weiter.<\/p>\n<p>Siedler, die auf ihren M\u00e4rschen durch die Stadt \u201eTod den Arabern\u201c br\u00fcllen oder \u201cEs wird eine zweite Nakba geben\u201d und den Propheten der Muslime beleidigen, werden dabei vom israelischen Milit\u00e4r gesch\u00fctzt. Obwohl die Errichtung von Siedlungen in besetzten Gebieten v\u00f6lkerrechtswidrig ist und Israel deren Zahl seit den Osloer Friedensvertr\u00e4gen noch vervielfacht hat, sanktioniert die internationale Staatengemeinschaft diesen klaren Rechtsbruch nicht. DESHALB rufen Pal\u00e4stinenserInnen und die humanistisch gesinnte Zivilgesellschaft nach Freiheit und Gerechtigkeit.<\/p>\n<p>ISRAEL BRICHT PERMANENT DIE WAFFENRUHE!<\/p>\n<p>Das israelische Milit\u00e4r hat im Mai Gaza bombardiert und dabei mindestens 248 Menschen get\u00f6tet. <strong>Seit der ausgehandelten Waffenruhe wurden zweimal Raketen auf Gaza geschossen!<\/strong><\/p>\n<p>Am 11.6. wurde der 15-j\u00e4hrige Mohammed Hamayel bei Jabal Sbeih in der Westbank get\u00f6tet, als er gegen eine illegale j\u00fcdische Siedlung protestierte. <strong>Er ist das vierundsiebzigste pal\u00e4stinensische Kind, das dieses Jahr von israelischen Milit\u00e4rs get\u00f6tet wurde. <\/strong>Auch Ahmad Schamsa (16) Issa Barham (40) und Zakaria Hamayel (28) wurden durch israelische Kugeln bei den Protesten get\u00f6tet. Haben irgendwelche \u00f6sterreichische Medien dar\u00fcber berichtet?<\/p>\n<p>Die Vertreibung und Ermordung von Pal\u00e4stinenserInnen geht weiter. Im Stadtteil Silwan in Ostjerusalem verh\u00e4ngte ein israelisches Gericht einen R\u00e4umungsbefehl \u00fcber 1500 pal\u00e4stinensische BewohnerInnen. Eine Siedlerorganisation will die Leute vertreiben und das Land in einen \u201ebiblischen Park\u201c umwandeln. Auch \u00fcber die Festnahme von JournalistInnen durch das israelische Milit\u00e4r, die \u00fcber die fortgesetzte Vertreibung aus Sheikh Jarrah berichten wollten, schwiegen die Medien!<\/p>\n<p><strong>Wir schweigen nicht! <\/strong><strong>Wir<\/strong><strong> protestieren gegen den fortschreitenden Raub pal\u00e4stinensischen Landes!<\/strong><\/p>\n<p><strong>Gegen Apartheid und ethnische S\u00e4uberung!<\/strong><\/p>\n<p><strong>F\u00fcr einen pal\u00e4stinensischen Staat!<\/strong><\/p>\n<p><strong>F\u00fcr Frieden in Gerechtigkeit!<\/strong><\/p>\n<p><strong>\u00a0<\/strong><strong>F R E E P A L E S T I N E !<\/strong><\/p>\n<p><a href=\"http:\/\/www.friedensplattform.at\/wp-content\/uploads\/2021\/07\/Flugblatt-Graz-3_7_21.pdf\"><strong>Flugblatt Graz 3_7_21<\/strong><\/a><\/p>\n<p>Pal\u00e4stina Solidarit\u00e4t \u00d6sterreich &#8211; Pal\u00e4stina Solidarit\u00e4t Steiermark<\/p>\n","protected":false},"excerpt":{"rendered":"<p>ISRAEL BRICHT DIE WAFFENRUHE! SAVE Sheikh Jarrah! SAVE Silwan! SAVE Jabal Sbeih! STOPP der Siedlergewalt und andauernden Kolonialisierung Pal\u00e4stinas!<\/p>\n","protected":false},"author":3,"featured_media":0,"comment_status":"open","ping_status":"open","sticky":false,"template":"","format":"standard","meta":{"footnotes":""},"categories":[18],"tags":[],"class_list":["post-6379","post","type-post","status-publish","format-standard","hentry","category-palaestina-solidaritaet"],"_links":{"self":[{"href":"https:\/\/www.friedensplattform.at\/index.php?rest_route=\/wp\/v2\/posts\/6379","targetHints":{"allow":["GET"]}}],"collection":[{"href":"https:\/\/www.friedensplattform.at\/index.php?rest_route=\/wp\/v2\/posts"}],"about":[{"href":"https:\/\/www.friedensplattform.at\/index.php?rest_route=\/wp\/v2\/types\/post"}],"author":[{"embeddable":true,"href":"https:\/\/www.friedensplattform.at\/index.php?rest_route=\/wp\/v2\/users\/3"}],"replies":[{"embeddable":true,"href":"https:\/\/www.friedensplattform.at\/index.php?rest_route=%2Fwp%2Fv2%2Fcomments&post=6379"}],"version-history":[{"count":1,"href":"https:\/\/www.friedensplattform.at\/index.php?rest_route=\/wp\/v2\/posts\/6379\/revisions"}],"predecessor-version":[{"id":6383,"href":"https:\/\/www.friedensplattform.at\/index.php?rest_route=\/wp\/v2\/posts\/6379\/revisions\/6383"}],"wp:attachment":[{"href":"https:\/\/www.friedensplattform.at\/index.php?rest_route=%2Fwp%2Fv2%2Fmedia&parent=6379"}],"wp:term":[{"taxonomy":"category","embeddable":true,"href":"https:\/\/www.friedensplattform.at\/index.php?rest_route=%2Fwp%2Fv2%2Fcategories&post=6379"},{"taxonomy":"post_tag","embeddable":true,"href":"https:\/\/www.friedensplattform.at\/index.php?rest_route=%2Fwp%2Fv2%2Ftags&post=6379"}],"curies":[{"name":"wp","href":"https:\/\/api.w.org\/{rel}","templated":true}]}}