{"id":6387,"date":"2021-07-08T21:01:55","date_gmt":"2021-07-08T21:01:55","guid":{"rendered":"http:\/\/www.friedensplattform.at\/?p=6387"},"modified":"2021-07-21T18:24:30","modified_gmt":"2021-07-21T18:24:30","slug":"kunst-fuer-palaestina-am-11-juli-1900-grazer-schlossbergplatz","status":"publish","type":"post","link":"https:\/\/www.friedensplattform.at\/?p=6387","title":{"rendered":"KUNST F\u00dcR PAL\u00c4STINA am 11. Juli, 19:00, Grazer Schlo\u00dfbergplatz"},"content":{"rendered":"<p><a href=\"http:\/\/www.friedensplattform.at\/wp-content\/uploads\/2021\/07\/Einladung-Kunstabend-11.-Juli-2021.jpg\"><img loading=\"lazy\" decoding=\"async\" class=\"alignnone size-medium wp-image-6389\" src=\"http:\/\/www.friedensplattform.at\/wp-content\/uploads\/2021\/07\/Einladung-Kunstabend-11.-Juli-2021-211x300.jpg\" alt=\"\" width=\"211\" height=\"300\" srcset=\"https:\/\/www.friedensplattform.at\/wp-content\/uploads\/2021\/07\/Einladung-Kunstabend-11.-Juli-2021-211x300.jpg 211w, https:\/\/www.friedensplattform.at\/wp-content\/uploads\/2021\/07\/Einladung-Kunstabend-11.-Juli-2021-768x1090.jpg 768w, https:\/\/www.friedensplattform.at\/wp-content\/uploads\/2021\/07\/Einladung-Kunstabend-11.-Juli-2021-721x1024.jpg 721w, https:\/\/www.friedensplattform.at\/wp-content\/uploads\/2021\/07\/Einladung-Kunstabend-11.-Juli-2021.jpg 1127w\" sizes=\"auto, (max-width: 211px) 100vw, 211px\" \/><\/a><\/p>\n<div class=\"field field-name-body field-type-text-with-summary field-label-hidden\">\n<div class=\"field-items\">\n<div class=\"field-item even\">\n<p>Migrantische K\u00fcnstlerInnen laden f\u00fcr kommenden Sonntag, den 11. Juli um 19:00 am Grazer Schlo\u00dfbergplatz zu einem Benefiz-Solidarit\u00e4ts-Abend f\u00fcr Pal\u00e4stina ein.<\/p>\n<p>Eingehende Spenden werden an humanit\u00e4re Organisationen in Pal\u00e4stina \u00fcberwiesen. Wer nicht kommen kann, aber eine Spende leisten will, m\u00f6ge sie bitte unter dem KW &#8222;Soli-Kunst-Abend&#8220; auf das Kto. der Steirischen Friedensplattform, IBAN AT94 4300 0000 0005 2128 \u00fcberweisen.<\/p>\n<\/div>\n<\/div>\n<\/div>\n<p><!--more--><\/p>\n","protected":false},"excerpt":{"rendered":"<p>Migrantische K\u00fcnstlerInnen laden f\u00fcr kommenden Sonntag, den 11. Juli um 19:00 am Grazer Schlo\u00dfbergplatz zu einem Benefiz-Solidarit\u00e4ts-Abend f\u00fcr Pal\u00e4stina ein. Eingehende Spenden werden an humanit\u00e4re Organisationen in Pal\u00e4stina \u00fcberwiesen. Wer nicht kommen kann, aber eine Spende leisten will, m\u00f6ge sie bitte unter dem KW &#8222;Soli-Kunst-Abend&#8220; auf das Kto. der Steirischen Friedensplattform, IBAN AT94 4300 0000 &hellip; <a href=\"https:\/\/www.friedensplattform.at\/?p=6387\" class=\"more-link\"><span class=\"screen-reader-text\">KUNST F\u00dcR PAL\u00c4STINA am 11. Juli, 19:00, Grazer Schlo\u00dfbergplatz<\/span> weiterlesen <span class=\"meta-nav\">&rarr;<\/span><\/a><\/p>\n","protected":false},"author":3,"featured_media":0,"comment_status":"open","ping_status":"open","sticky":false,"template":"","format":"standard","meta":{"footnotes":""},"categories":[18],"tags":[],"class_list":["post-6387","post","type-post","status-publish","format-standard","hentry","category-palaestina-solidaritaet"],"_links":{"self":[{"href":"https:\/\/www.friedensplattform.at\/index.php?rest_route=\/wp\/v2\/posts\/6387","targetHints":{"allow":["GET"]}}],"collection":[{"href":"https:\/\/www.friedensplattform.at\/index.php?rest_route=\/wp\/v2\/posts"}],"about":[{"href":"https:\/\/www.friedensplattform.at\/index.php?rest_route=\/wp\/v2\/types\/post"}],"author":[{"embeddable":true,"href":"https:\/\/www.friedensplattform.at\/index.php?rest_route=\/wp\/v2\/users\/3"}],"replies":[{"embeddable":true,"href":"https:\/\/www.friedensplattform.at\/index.php?rest_route=%2Fwp%2Fv2%2Fcomments&post=6387"}],"version-history":[{"count":2,"href":"https:\/\/www.friedensplattform.at\/index.php?rest_route=\/wp\/v2\/posts\/6387\/revisions"}],"predecessor-version":[{"id":6401,"href":"https:\/\/www.friedensplattform.at\/index.php?rest_route=\/wp\/v2\/posts\/6387\/revisions\/6401"}],"wp:attachment":[{"href":"https:\/\/www.friedensplattform.at\/index.php?rest_route=%2Fwp%2Fv2%2Fmedia&parent=6387"}],"wp:term":[{"taxonomy":"category","embeddable":true,"href":"https:\/\/www.friedensplattform.at\/index.php?rest_route=%2Fwp%2Fv2%2Fcategories&post=6387"},{"taxonomy":"post_tag","embeddable":true,"href":"https:\/\/www.friedensplattform.at\/index.php?rest_route=%2Fwp%2Fv2%2Ftags&post=6387"}],"curies":[{"name":"wp","href":"https:\/\/api.w.org\/{rel}","templated":true}]}}