{"id":6393,"date":"2021-07-08T21:08:46","date_gmt":"2021-07-08T21:08:46","guid":{"rendered":"http:\/\/www.friedensplattform.at\/?p=6393"},"modified":"2021-07-08T21:19:04","modified_gmt":"2021-07-08T21:19:04","slug":"palaestina-infostand-am-3-7-21-in-graz","status":"publish","type":"post","link":"https:\/\/www.friedensplattform.at\/?p=6393","title":{"rendered":"Pal\u00e4stina-Infostand am 3.7.21 in Graz"},"content":{"rendered":"<p><span style=\"font-size: 13.5pt;\">AktivistInnen der Grazer Gruppe der Plattform Pal\u00e4stina Solidarit\u00e4t \u00d6sterreich gestalteten in der Innenstadt einen Infostand. <\/span><!--more--><\/p>\n<p><span style=\"font-size: 13.5pt;\">Mit Ansprachen und 600 verteilten Flugbl\u00e4ttern informierten wir \u00fcber Israels kolonialistische Unterdr\u00fcckung und das von ihm gegen\u00fcber der pal\u00e4stinensischen Bev\u00f6lkerung zwischen Mittelmeer und Jordan errichtete System der Apartheid im Allgemeinen, aber auch \u00fcber die aktuellen ethnischen S\u00e4uberungen in Ostjerusalem und in der Westbank. Erfreulich waren das gro\u00dfe Interesse und die Zustimmung der PassantInnen.<\/span><\/p>\n<p><a href=\"http:\/\/www.friedensplattform.at\/wp-content\/uploads\/2021\/07\/Infost.jpg\"><img loading=\"lazy\" decoding=\"async\" class=\"alignnone size-medium wp-image-6397\" src=\"http:\/\/www.friedensplattform.at\/wp-content\/uploads\/2021\/07\/Infost-300x200.jpg\" alt=\"\" width=\"300\" height=\"200\" srcset=\"https:\/\/www.friedensplattform.at\/wp-content\/uploads\/2021\/07\/Infost-300x200.jpg 300w, https:\/\/www.friedensplattform.at\/wp-content\/uploads\/2021\/07\/Infost-768x512.jpg 768w, https:\/\/www.friedensplattform.at\/wp-content\/uploads\/2021\/07\/Infost.jpg 1024w\" sizes=\"auto, (max-width: 300px) 100vw, 300px\" \/><\/a><\/p>\n","protected":false},"excerpt":{"rendered":"<p>AktivistInnen der Grazer Gruppe der Plattform Pal\u00e4stina Solidarit\u00e4t \u00d6sterreich gestalteten in der Innenstadt einen Infostand.<\/p>\n","protected":false},"author":3,"featured_media":0,"comment_status":"open","ping_status":"open","sticky":false,"template":"","format":"standard","meta":{"footnotes":""},"categories":[18],"tags":[],"class_list":["post-6393","post","type-post","status-publish","format-standard","hentry","category-palaestina-solidaritaet"],"_links":{"self":[{"href":"https:\/\/www.friedensplattform.at\/index.php?rest_route=\/wp\/v2\/posts\/6393","targetHints":{"allow":["GET"]}}],"collection":[{"href":"https:\/\/www.friedensplattform.at\/index.php?rest_route=\/wp\/v2\/posts"}],"about":[{"href":"https:\/\/www.friedensplattform.at\/index.php?rest_route=\/wp\/v2\/types\/post"}],"author":[{"embeddable":true,"href":"https:\/\/www.friedensplattform.at\/index.php?rest_route=\/wp\/v2\/users\/3"}],"replies":[{"embeddable":true,"href":"https:\/\/www.friedensplattform.at\/index.php?rest_route=%2Fwp%2Fv2%2Fcomments&post=6393"}],"version-history":[{"count":1,"href":"https:\/\/www.friedensplattform.at\/index.php?rest_route=\/wp\/v2\/posts\/6393\/revisions"}],"predecessor-version":[{"id":6399,"href":"https:\/\/www.friedensplattform.at\/index.php?rest_route=\/wp\/v2\/posts\/6393\/revisions\/6399"}],"wp:attachment":[{"href":"https:\/\/www.friedensplattform.at\/index.php?rest_route=%2Fwp%2Fv2%2Fmedia&parent=6393"}],"wp:term":[{"taxonomy":"category","embeddable":true,"href":"https:\/\/www.friedensplattform.at\/index.php?rest_route=%2Fwp%2Fv2%2Fcategories&post=6393"},{"taxonomy":"post_tag","embeddable":true,"href":"https:\/\/www.friedensplattform.at\/index.php?rest_route=%2Fwp%2Fv2%2Ftags&post=6393"}],"curies":[{"name":"wp","href":"https:\/\/api.w.org\/{rel}","templated":true}]}}