{"id":6405,"date":"2021-07-21T18:22:52","date_gmt":"2021-07-21T18:22:52","guid":{"rendered":"http:\/\/www.friedensplattform.at\/?p=6405"},"modified":"2021-07-21T18:22:52","modified_gmt":"2021-07-21T18:22:52","slug":"sehr-gute-stimmung-beim-grazer-solidaritaets-kunstabend-fuer-palaestina","status":"publish","type":"post","link":"https:\/\/www.friedensplattform.at\/?p=6405","title":{"rendered":"Sehr gute Stimmung beim Grazer Solidarit\u00e4ts-Kunstabend f\u00fcr Pal\u00e4stina"},"content":{"rendered":"<div class=\"moz-forward-container\">\n<p><span style=\"font-family: Arial; font-size: xx-small;\">Der Schlo\u00dfbergplatz mit dem &#8222;Kriegssteig&#8220; als Hintergrund bildeten den malerischen Hintergrund einer feinen Veranstaltung. Franz begr\u00fc\u00dfte im Namen der Veranstalter, der Gesellschaft f\u00fcr \u00f6sterreichisch-arabische Beziehungen\/G\u00d6AB, Pal\u00e4stina Solidarit\u00e4t \u00d6sterreich und der Steirischen Friedensplattform.\u00a0 Er wies in seiner Begr\u00fc\u00dfung auf das massive Unrecht hin, unter dem das pal\u00e4stinensische Volk seit <\/span><span style=\"font-family: Arial; font-size: xx-small;\">70 Jahren zu leiden hat. Er forderte f\u00fcr dessen Ringen um Freiheit auch die politische Solidarit\u00e4t \u00d6sterreichs ein.<\/span><\/p>\n<\/div>\n<p><!--more--><\/p>\n<div class=\"moz-forward-container\"><span style=\"font-size: small;\"><span style=\"font-size: xx-small;\">\u00a0<\/span><\/span><\/div>\n<div class=\"moz-forward-container\"><span style=\"font-size: small;\"><span style=\"font-size: xx-small;\">Freunde und FreundInnen helfen Freunden und Freundinnen mit Musik, Lyrik, und positiven Botschaften &#8211; genau das war die Idee von Hamza<span style=\"font-family: Arial;\">,<\/span><\/span><\/span><span style=\"font-family: Arial; font-size: xx-small;\"> einem vor dem B\u00fcrgerkrieg aus Syrien nach \u00d6sterreich gefl\u00fcchteten Musiker mit pal\u00e4stinensischen Wurzeln. Er hatte ein Dutzend seiner K\u00fcnstlerfreundInnen<\/span><span style=\"font-family: Arial; font-size: xx-small;\"> verschiedenster Herk\u00fcnfte<\/span><span style=\"font-family: Arial; font-size: xx-small;\"> f\u00fcr diesen Abend organisiert. <\/span><span style=\"font-size: small;\"><span style=\"font-size: xx-small;\">Mit Noten, Kl\u00e4ngen, lyrischen Texten und Gem\u00e4lden sollten positive Energien an FreundInne<span style=\"font-family: Arial;\">n des Friedens <\/span><\/span><\/span><span style=\"font-size: small;\"><span style=\"font-size: xx-small;\">auf der ganzen Welt und besonders an die die Menschen in Pal\u00e4stina<span style=\"font-family: Arial;\"> geschickt werden. <\/span><\/span><\/span><span style=\"font-family: Arial; font-size: xx-small;\">Abwechselnd mit rein instrumentalen St\u00fccken wurden in verschiedenen Sprachen<\/span> <span style=\"font-family: Arial; font-size: xx-small;\">Lieder und Texte aus\u00a0 dem arabischen Raum, Bosnien, Lateinamerika und Griechenland vorgetragen, darunter auch ein pal\u00e4stinensisches <\/span><span style=\"font-family: Arial; font-size: xx-small;\">Lied durch Hamzas kleine Tochter Schiddu el Himmeh. Die <\/span><span style=\"font-family: Arial; font-size: xx-small;\">so hervorgerufene\u00a0 positive Energie \u00fcbertrug sich auf jene ca. 50 Personen, die unter Verzicht auf die 1. Halbzeit des Endspiels der Fu\u00dfball-Europameisterschaft gekommen waren.<\/span><span style=\"font-family: Arial; font-size: xx-small;\">\u00a0 Sie <\/span><span style=\"font-family: Arial; font-size: xx-small;\">dankten mit reichlichem Applaus. Selbst als es um 20:30 zu leicht zu regnen begann, harrten noch ca. 25 Personen eine weitere Stunde aus. <\/span><span style=\"font-family: Arial; font-size: xx-small;\"><br \/>\n<\/span><span style=\"font-family: Arial; font-size: xx-small;\">Unter anderem mit der Erstellung einer Collage der Fahne Pal\u00e4stinas konnten Spenden gesammelt werden, die<\/span><span style=\"font-family: Arial; font-size: xx-small;\"> f\u00fcr einen humanit\u00e4ren Zweck nach Pal\u00e4stina \u00fcberwiesen werden.<br \/>\n<\/span><\/p>\n<p><span style=\"font-size: xx-small;\">Danke an alle, die dabei waren.<\/span><\/p>\n<figure id=\"attachment_6407\" aria-describedby=\"caption-attachment-6407\" style=\"width: 300px\" class=\"wp-caption alignnone\"><a href=\"http:\/\/www.friedensplattform.at\/wp-content\/uploads\/2021\/07\/IMG_20210711_192217.jpg\"><img loading=\"lazy\" decoding=\"async\" class=\"size-medium wp-image-6407\" src=\"http:\/\/www.friedensplattform.at\/wp-content\/uploads\/2021\/07\/IMG_20210711_192217-300x225.jpg\" alt=\"\" width=\"300\" height=\"225\" srcset=\"https:\/\/www.friedensplattform.at\/wp-content\/uploads\/2021\/07\/IMG_20210711_192217-300x225.jpg 300w, https:\/\/www.friedensplattform.at\/wp-content\/uploads\/2021\/07\/IMG_20210711_192217-768x576.jpg 768w, https:\/\/www.friedensplattform.at\/wp-content\/uploads\/2021\/07\/IMG_20210711_192217-1024x768.jpg 1024w\" sizes=\"auto, (max-width: 300px) 100vw, 300px\" \/><\/a><figcaption id=\"caption-attachment-6407\" class=\"wp-caption-text\">bty<\/figcaption><\/figure>\n<p><span style=\"font-family: Arial; font-size: xx-small;\"><a href=\"http:\/\/www.friedensplattform.at\/wp-content\/uploads\/2021\/07\/IMG-20210718-WA0006.jpg\"><img loading=\"lazy\" decoding=\"async\" class=\"alignnone size-medium wp-image-6409\" src=\"http:\/\/www.friedensplattform.at\/wp-content\/uploads\/2021\/07\/IMG-20210718-WA0006-300x225.jpg\" alt=\"\" width=\"300\" height=\"225\" srcset=\"https:\/\/www.friedensplattform.at\/wp-content\/uploads\/2021\/07\/IMG-20210718-WA0006-300x225.jpg 300w, https:\/\/www.friedensplattform.at\/wp-content\/uploads\/2021\/07\/IMG-20210718-WA0006-768x576.jpg 768w, https:\/\/www.friedensplattform.at\/wp-content\/uploads\/2021\/07\/IMG-20210718-WA0006-1024x768.jpg 1024w, https:\/\/www.friedensplattform.at\/wp-content\/uploads\/2021\/07\/IMG-20210718-WA0006.jpg 1600w\" sizes=\"auto, (max-width: 300px) 100vw, 300px\" \/><\/a> <a href=\"http:\/\/www.friedensplattform.at\/wp-content\/uploads\/2021\/07\/IMG-20210718-WA0003.jpg\"><img loading=\"lazy\" decoding=\"async\" class=\"alignnone size-medium wp-image-6411\" src=\"http:\/\/www.friedensplattform.at\/wp-content\/uploads\/2021\/07\/IMG-20210718-WA0003-300x225.jpg\" alt=\"\" width=\"300\" height=\"225\" srcset=\"https:\/\/www.friedensplattform.at\/wp-content\/uploads\/2021\/07\/IMG-20210718-WA0003-300x225.jpg 300w, https:\/\/www.friedensplattform.at\/wp-content\/uploads\/2021\/07\/IMG-20210718-WA0003-768x576.jpg 768w, https:\/\/www.friedensplattform.at\/wp-content\/uploads\/2021\/07\/IMG-20210718-WA0003-1024x768.jpg 1024w, https:\/\/www.friedensplattform.at\/wp-content\/uploads\/2021\/07\/IMG-20210718-WA0003.jpg 1600w\" sizes=\"auto, (max-width: 300px) 100vw, 300px\" \/><\/a> <a href=\"http:\/\/www.friedensplattform.at\/wp-content\/uploads\/2021\/07\/IMG-20210718-WA0002-1.jpg\"><img loading=\"lazy\" decoding=\"async\" class=\"alignnone size-medium wp-image-6413\" src=\"http:\/\/www.friedensplattform.at\/wp-content\/uploads\/2021\/07\/IMG-20210718-WA0002-1-201x300.jpg\" alt=\"\" width=\"201\" height=\"300\" srcset=\"https:\/\/www.friedensplattform.at\/wp-content\/uploads\/2021\/07\/IMG-20210718-WA0002-1-201x300.jpg 201w, https:\/\/www.friedensplattform.at\/wp-content\/uploads\/2021\/07\/IMG-20210718-WA0002-1-768x1144.jpg 768w, https:\/\/www.friedensplattform.at\/wp-content\/uploads\/2021\/07\/IMG-20210718-WA0002-1-687x1024.jpg 687w, https:\/\/www.friedensplattform.at\/wp-content\/uploads\/2021\/07\/IMG-20210718-WA0002-1.jpg 807w\" sizes=\"auto, (max-width: 201px) 100vw, 201px\" \/><\/a> <a href=\"http:\/\/www.friedensplattform.at\/wp-content\/uploads\/2021\/07\/IMG-20210718-WA0001.jpg\"><img loading=\"lazy\" decoding=\"async\" class=\"alignnone size-medium wp-image-6415\" src=\"http:\/\/www.friedensplattform.at\/wp-content\/uploads\/2021\/07\/IMG-20210718-WA0001-300x225.jpg\" alt=\"\" width=\"300\" height=\"225\" srcset=\"https:\/\/www.friedensplattform.at\/wp-content\/uploads\/2021\/07\/IMG-20210718-WA0001-300x225.jpg 300w, https:\/\/www.friedensplattform.at\/wp-content\/uploads\/2021\/07\/IMG-20210718-WA0001-768x576.jpg 768w, https:\/\/www.friedensplattform.at\/wp-content\/uploads\/2021\/07\/IMG-20210718-WA0001-1024x768.jpg 1024w, https:\/\/www.friedensplattform.at\/wp-content\/uploads\/2021\/07\/IMG-20210718-WA0001.jpg 1600w\" sizes=\"auto, (max-width: 300px) 100vw, 300px\" \/><\/a><br \/>\n<\/span><\/p>\n<\/div>\n","protected":false},"excerpt":{"rendered":"<p>Der Schlo\u00dfbergplatz mit dem &#8222;Kriegssteig&#8220; als Hintergrund bildeten den malerischen Hintergrund einer feinen Veranstaltung. Franz begr\u00fc\u00dfte im Namen der Veranstalter, der Gesellschaft f\u00fcr \u00f6sterreichisch-arabische Beziehungen\/G\u00d6AB, Pal\u00e4stina Solidarit\u00e4t \u00d6sterreich und der Steirischen Friedensplattform.\u00a0 Er wies in seiner Begr\u00fc\u00dfung auf das massive Unrecht hin, unter dem das pal\u00e4stinensische Volk seit 70 Jahren zu leiden hat. Er forderte &hellip; <a href=\"https:\/\/www.friedensplattform.at\/?p=6405\" class=\"more-link\"><span class=\"screen-reader-text\">Sehr gute Stimmung beim Grazer Solidarit\u00e4ts-Kunstabend f\u00fcr Pal\u00e4stina<\/span> weiterlesen <span class=\"meta-nav\">&rarr;<\/span><\/a><\/p>\n","protected":false},"author":3,"featured_media":0,"comment_status":"open","ping_status":"open","sticky":false,"template":"","format":"standard","meta":{"footnotes":""},"categories":[18],"tags":[],"class_list":["post-6405","post","type-post","status-publish","format-standard","hentry","category-palaestina-solidaritaet"],"_links":{"self":[{"href":"https:\/\/www.friedensplattform.at\/index.php?rest_route=\/wp\/v2\/posts\/6405","targetHints":{"allow":["GET"]}}],"collection":[{"href":"https:\/\/www.friedensplattform.at\/index.php?rest_route=\/wp\/v2\/posts"}],"about":[{"href":"https:\/\/www.friedensplattform.at\/index.php?rest_route=\/wp\/v2\/types\/post"}],"author":[{"embeddable":true,"href":"https:\/\/www.friedensplattform.at\/index.php?rest_route=\/wp\/v2\/users\/3"}],"replies":[{"embeddable":true,"href":"https:\/\/www.friedensplattform.at\/index.php?rest_route=%2Fwp%2Fv2%2Fcomments&post=6405"}],"version-history":[{"count":1,"href":"https:\/\/www.friedensplattform.at\/index.php?rest_route=\/wp\/v2\/posts\/6405\/revisions"}],"predecessor-version":[{"id":6417,"href":"https:\/\/www.friedensplattform.at\/index.php?rest_route=\/wp\/v2\/posts\/6405\/revisions\/6417"}],"wp:attachment":[{"href":"https:\/\/www.friedensplattform.at\/index.php?rest_route=%2Fwp%2Fv2%2Fmedia&parent=6405"}],"wp:term":[{"taxonomy":"category","embeddable":true,"href":"https:\/\/www.friedensplattform.at\/index.php?rest_route=%2Fwp%2Fv2%2Fcategories&post=6405"},{"taxonomy":"post_tag","embeddable":true,"href":"https:\/\/www.friedensplattform.at\/index.php?rest_route=%2Fwp%2Fv2%2Ftags&post=6405"}],"curies":[{"name":"wp","href":"https:\/\/api.w.org\/{rel}","templated":true}]}}