{"id":6449,"date":"2021-09-06T07:48:29","date_gmt":"2021-09-06T07:48:29","guid":{"rendered":"http:\/\/www.friedensplattform.at\/?p=6449"},"modified":"2021-09-06T07:48:29","modified_gmt":"2021-09-06T07:48:29","slug":"nachdruecklich-wieder-protest-gegen-anti-bds-beschluss-in-graz","status":"publish","type":"post","link":"https:\/\/www.friedensplattform.at\/?p=6449","title":{"rendered":"Nachdr\u00fccklich: Wieder Protest gegen Anti-BDS Beschluss in Graz"},"content":{"rendered":"<p>In Graz protestierten am letzten Tag der Brian Eno Ausstellung im Grazer Schlossberg AktivistInnen von Pal\u00e4stina Solidarit\u00e4t Steiermark und BDS Austria. Der Grazer Stadtrat hat ein defacto Verbot \u00fcber BDS verh\u00e4ngt. Er untergr\u00e4bt damit das Recht auf Meinung- und Versammlungsfreiheit und missachtet sch\u00e4ndlich die internationalen und Menschenrechte, die dem pal\u00e4stinensischen Volk zustehen.<\/p>\n<p><!--more--><\/p>\n<p>GrazerInnen wurden mit Infobl\u00e4ttern und Transparent dar\u00fcber informiert. BDS Austria informierte mit einem Offenen Abend \u00fcber Ziele der internationalen Kampagne.<\/p>\n<p>Siehe auch fb von BDS-Austria:<\/p>\n<p><a href=\"https:\/\/bit.ly\/3yNBdn6\">https:\/\/bit.ly\/3yNBdn6<\/a><\/p>\n<p>und<\/p>\n<p><a href=\"http:\/\/www.bds-austria.at\">www.bds-info.at<\/a><\/p>\n<p><a href=\"http:\/\/www.friedensplattform.at\/wp-content\/uploads\/2021\/09\/241085936_1768552119999865_7112316361145464117_n.jpg\"><img loading=\"lazy\" decoding=\"async\" class=\"alignnone size-medium wp-image-6451\" src=\"http:\/\/www.friedensplattform.at\/wp-content\/uploads\/2021\/09\/241085936_1768552119999865_7112316361145464117_n-300x225.jpg\" alt=\"\" width=\"300\" height=\"225\" srcset=\"https:\/\/www.friedensplattform.at\/wp-content\/uploads\/2021\/09\/241085936_1768552119999865_7112316361145464117_n-300x225.jpg 300w, https:\/\/www.friedensplattform.at\/wp-content\/uploads\/2021\/09\/241085936_1768552119999865_7112316361145464117_n-768x576.jpg 768w, https:\/\/www.friedensplattform.at\/wp-content\/uploads\/2021\/09\/241085936_1768552119999865_7112316361145464117_n.jpg 960w\" sizes=\"auto, (max-width: 300px) 100vw, 300px\" \/><\/a> <a href=\"http:\/\/www.friedensplattform.at\/wp-content\/uploads\/2021\/09\/241182316_1768552023333208_3079224187098026541_n.jpg\"><img loading=\"lazy\" decoding=\"async\" class=\"alignnone size-medium wp-image-6453\" src=\"http:\/\/www.friedensplattform.at\/wp-content\/uploads\/2021\/09\/241182316_1768552023333208_3079224187098026541_n-225x300.jpg\" alt=\"\" width=\"225\" height=\"300\" srcset=\"https:\/\/www.friedensplattform.at\/wp-content\/uploads\/2021\/09\/241182316_1768552023333208_3079224187098026541_n-225x300.jpg 225w, https:\/\/www.friedensplattform.at\/wp-content\/uploads\/2021\/09\/241182316_1768552023333208_3079224187098026541_n.jpg 720w\" sizes=\"auto, (max-width: 225px) 100vw, 225px\" \/><\/a> <a href=\"http:\/\/www.friedensplattform.at\/wp-content\/uploads\/2021\/09\/241182316_1768552069999870_5000402810856766042_n.jpg\"><img loading=\"lazy\" decoding=\"async\" class=\"alignnone size-medium wp-image-6455\" src=\"http:\/\/www.friedensplattform.at\/wp-content\/uploads\/2021\/09\/241182316_1768552069999870_5000402810856766042_n-225x300.jpg\" alt=\"\" width=\"225\" height=\"300\" srcset=\"https:\/\/www.friedensplattform.at\/wp-content\/uploads\/2021\/09\/241182316_1768552069999870_5000402810856766042_n-225x300.jpg 225w, https:\/\/www.friedensplattform.at\/wp-content\/uploads\/2021\/09\/241182316_1768552069999870_5000402810856766042_n.jpg 720w\" sizes=\"auto, (max-width: 225px) 100vw, 225px\" \/><\/a> <a href=\"http:\/\/www.friedensplattform.at\/wp-content\/uploads\/2021\/09\/241215837_1768552206666523_3963706777662611991_n.jpg\"><img loading=\"lazy\" decoding=\"async\" class=\"alignnone size-medium wp-image-6457\" src=\"http:\/\/www.friedensplattform.at\/wp-content\/uploads\/2021\/09\/241215837_1768552206666523_3963706777662611991_n-300x251.jpg\" alt=\"\" width=\"300\" height=\"251\" srcset=\"https:\/\/www.friedensplattform.at\/wp-content\/uploads\/2021\/09\/241215837_1768552206666523_3963706777662611991_n-300x251.jpg 300w, https:\/\/www.friedensplattform.at\/wp-content\/uploads\/2021\/09\/241215837_1768552206666523_3963706777662611991_n-768x642.jpg 768w, https:\/\/www.friedensplattform.at\/wp-content\/uploads\/2021\/09\/241215837_1768552206666523_3963706777662611991_n.jpg 960w\" sizes=\"auto, (max-width: 300px) 100vw, 300px\" \/><\/a><\/p>\n","protected":false},"excerpt":{"rendered":"<p>In Graz protestierten am letzten Tag der Brian Eno Ausstellung im Grazer Schlossberg AktivistInnen von Pal\u00e4stina Solidarit\u00e4t Steiermark und BDS Austria. Der Grazer Stadtrat hat ein defacto Verbot \u00fcber BDS verh\u00e4ngt. Er untergr\u00e4bt damit das Recht auf Meinung- und Versammlungsfreiheit und missachtet sch\u00e4ndlich die internationalen und Menschenrechte, die dem pal\u00e4stinensischen Volk zustehen.<\/p>\n","protected":false},"author":3,"featured_media":0,"comment_status":"open","ping_status":"open","sticky":false,"template":"","format":"standard","meta":{"footnotes":""},"categories":[18],"tags":[],"class_list":["post-6449","post","type-post","status-publish","format-standard","hentry","category-palaestina-solidaritaet"],"_links":{"self":[{"href":"https:\/\/www.friedensplattform.at\/index.php?rest_route=\/wp\/v2\/posts\/6449","targetHints":{"allow":["GET"]}}],"collection":[{"href":"https:\/\/www.friedensplattform.at\/index.php?rest_route=\/wp\/v2\/posts"}],"about":[{"href":"https:\/\/www.friedensplattform.at\/index.php?rest_route=\/wp\/v2\/types\/post"}],"author":[{"embeddable":true,"href":"https:\/\/www.friedensplattform.at\/index.php?rest_route=\/wp\/v2\/users\/3"}],"replies":[{"embeddable":true,"href":"https:\/\/www.friedensplattform.at\/index.php?rest_route=%2Fwp%2Fv2%2Fcomments&post=6449"}],"version-history":[{"count":1,"href":"https:\/\/www.friedensplattform.at\/index.php?rest_route=\/wp\/v2\/posts\/6449\/revisions"}],"predecessor-version":[{"id":6459,"href":"https:\/\/www.friedensplattform.at\/index.php?rest_route=\/wp\/v2\/posts\/6449\/revisions\/6459"}],"wp:attachment":[{"href":"https:\/\/www.friedensplattform.at\/index.php?rest_route=%2Fwp%2Fv2%2Fmedia&parent=6449"}],"wp:term":[{"taxonomy":"category","embeddable":true,"href":"https:\/\/www.friedensplattform.at\/index.php?rest_route=%2Fwp%2Fv2%2Fcategories&post=6449"},{"taxonomy":"post_tag","embeddable":true,"href":"https:\/\/www.friedensplattform.at\/index.php?rest_route=%2Fwp%2Fv2%2Ftags&post=6449"}],"curies":[{"name":"wp","href":"https:\/\/api.w.org\/{rel}","templated":true}]}}