{"id":6511,"date":"2021-09-21T14:08:48","date_gmt":"2021-09-21T14:08:48","guid":{"rendered":"http:\/\/www.friedensplattform.at\/?p=6511"},"modified":"2021-10-01T07:24:02","modified_gmt":"2021-10-01T07:24:02","slug":"friedenspolitische-radtour-kriegs-und-kriegerdenkmaeler-in-graz","status":"publish","type":"post","link":"https:\/\/www.friedensplattform.at\/?p=6511","title":{"rendered":"Friedenspolitische Radtour"},"content":{"rendered":"<h6 class=\"VorformatierterText\" style=\"text-align: center;\" align=\"center\"><b><span lang=\"DE\" style=\"font-size: 14.0pt; font-family: 'Liberation Serif',sans-serif;\"><a href=\"http:\/\/www.friedensplattform.at\/wp-content\/uploads\/2021\/09\/IMG_1697.jpg\"><img loading=\"lazy\" decoding=\"async\" class=\"aligncenter size-medium wp-image-6513\" src=\"http:\/\/www.friedensplattform.at\/wp-content\/uploads\/2021\/09\/IMG_1697-300x169.jpg\" alt=\"\" width=\"300\" height=\"169\" srcset=\"https:\/\/www.friedensplattform.at\/wp-content\/uploads\/2021\/09\/IMG_1697-300x169.jpg 300w, https:\/\/www.friedensplattform.at\/wp-content\/uploads\/2021\/09\/IMG_1697-768x432.jpg 768w, https:\/\/www.friedensplattform.at\/wp-content\/uploads\/2021\/09\/IMG_1697-1024x576.jpg 1024w\" sizes=\"auto, (max-width: 300px) 100vw, 300px\" \/><\/a><\/span><\/b><\/h6>\n<h6 class=\"VorformatierterText\" align=\"center\">Internationales Mahnmal<\/h6>\n<h6 class=\"VorformatierterText\" align=\"center\"><\/h6>\n<h2 align=\"center\"><strong>Kriegs- und Kriegerdenkm\u00e4ler in Graz<\/strong><\/h2>\n<p class=\"VorformatierterText\" style=\"text-align: center;\" align=\"center\"><span lang=\"DE\" style=\"font-size: 14.0pt; font-family: 'Liberation Serif',sans-serif;\">\u201eWer nicht bereit ist, aus der Geschichte zu lernen, ist dazu verurteilt, sie zu wiederholen!\u201c <\/span><\/p>\n<p class=\"VorformatierterText\" style=\"text-align: center;\" align=\"center\"><span lang=\"DE\" style=\"font-size: 12.0pt; font-family: 'Liberation Serif',sans-serif;\">George de Santayana (1883 \u2013 1952)<\/span><\/p>\n<p><strong>&gt;<\/strong> <strong>St. Peter bis Zentralfriedhof<\/strong><\/p>\n<p><strong>Samstag, 2. Oktober<\/strong><\/p>\n<p><strong>Treffpunkt: 16.00 <em>St<\/em><em>. Peter Ortsfriedhof,<\/em> Kriegerdenkmal, Petersbergenstra\u00dfe 22<\/strong><strong>\u00a0<\/strong><\/p>\n<p><strong>Wir besichtigen vier Gedenkst\u00e4tten und beurteilen sie aus friedenspolitisch-kritischer Perspektive.<\/strong><\/p>\n<p>Wer nicht mit dem Rad fahren kann oder will, der\/die kann auch direkt um 16.30 zur Gedenktafel an das Lager Liebenau (Gr\u00fcnanger an der Mur) oder ab\u00a0 17.30 zum Zentralfriedhof (Start: Internationales Mahnmal, s\u00fcdwestlicher Teil) kommen.<\/p>\n<h3>Beim ehemaligen Lager Liebenau wird Frau Possert \u00fcber das Lager berichten, am Zentralfriedhof gibt es Gesangseinlagen von Simon Pichler und J\u00f6rg Pongratz (Brecht, Tucholsky, Bob Dylan etc.)<\/h3>\n<p><!--more--><\/p>\n<p><strong>\u00a0<\/strong><\/p>\n<p><strong>Die Wichtigkeit der Qualit\u00e4t von Erinnerung und Gedenken<\/strong><\/p>\n<p>&nbsp;<\/p>\n<p>Geschichte, das Wissen um die Vergangenheit ist ein wichtiger Kompass der Zukunftsgestaltung.<\/p>\n<p>Im Nachklang von schweren Krisen und Kriegsereignissen entwickeln soziale Gruppen, V\u00f6lker, Nationen und Staaten Kulturen des Gedenkens.\u00a0 Denkm\u00e4ler sind deren sichtbarster Ausdruck. Die Qualit\u00e4t dieser Erinnerungskulturen und Denkm\u00e4ler ist aber sehr unterschiedlich. Fast immer wird nur der eigenen m\u00e4nnlichen Kriegsopfer gedacht. Zivile, nicht k\u00e4mpfende Opfer, Frauen, Kinder und alte Menschen bleiben unerw\u00e4hnt. Und erst recht ausgeklammert bleiben die oft viel zahlreicheren zivilen und milit\u00e4rischen Opfer, die die eigenen Krieger auf Seite ihrer Kriegsgegner verursacht haben.<\/p>\n<p>Mit diesen vergebenen Chancen, sich die eigene Geschichte selbstkritisch und umfassend anzueignen, geht die Gefahr einher, das Wissen \u00fcber die Vergangenheit als Kompass f\u00fcr eine friedensf\u00e4hige Zukunftsgestaltung zu nutzen.<\/p>\n<p>&nbsp;<\/p>\n<p><strong>Den \u201eVorkrieg gewinnen!<\/strong><\/p>\n<p>&nbsp;<\/p>\n<p>Vor allem gilt das f\u00fcr die F\u00e4higkeit, drohende Kriege fr\u00fchzeitig zu erkennen und Krisen rechtzeitig zu entsch\u00e4rfen. Diese Entwicklungen sind in aller Regel durch eine von den herrschenden Interessensgruppen gesteuerte massenwirksame Propaganda begleitet. Christa Wolf hat das in Kassandra, ihrem gro\u00dfartigen Anti-Kriegs-Roman \u00fcber die Zerst\u00f6rung Trojas, sehr deutlich zum Ausdruck gebracht: <em>\u201eWann Krieg beginnt, das kann man wissen, aber wann beginnt der Vorkrieg. Falls es da Regeln g\u00e4be, m\u00fcsste man sie weitersagen. In Ton, in Stein eingraben, \u00fcberliefern. Was st\u00fcnde da. Da st\u00fcnde, unter andern S\u00e4tzen: Lasst euch nicht von den Eignen t\u00e4uschen.\u201c<\/em><\/p>\n<p><em>\u00a0<\/em><\/p>\n<p><strong>Ausverkauf unserer \u201eImmerw\u00e4hrenden Neutralit\u00e4t\u201c <\/strong><\/p>\n<p>&nbsp;<\/p>\n<p>Nun besteht nat\u00fcrlich keine Gefahr, dass von \u00d6sterreich in absehbarer Zeit ein Krieg ausgeht. Aber es gibt bedenkliche Entwicklungen, dass sich unser Land immer mehr in das Schlepptau Krieg treibender Strukturen der EU und der NATO begibt:<\/p>\n<ul>\n<li>Aush\u00f6hlung unserer Neutralit\u00e4t: Seit dem EU-Beitritt am 1. J\u00e4nner 1995 gab es zahlreiche Gesetzes\u00e4nderungen, die die Wirksamkeit unserer immerw\u00e4hrenden Neutralit\u00e4tsverpflichtung eingeschr\u00e4nkt haben. Besonders gilt das f\u00fcr den Art. 23f des Bundesverfassungsgesetzes. Mit ihm wurde die von der EU im Vertrag von Lissabon festgelegte, wechselseitig milit\u00e4rische Beistandsverpflichtung \u00fcbernommen. Sie gilt auch f\u00fcr Kampfeins\u00e4tze. Dem entsprechend stellt das Land Soldaten-Truppenkontingente f\u00fcr die EU Battlegroups bereit.<\/li>\n<li>Seit Februar 1995 ist \u00d6sterreich Mitglied der \u201eNATO-Partnerschaft f\u00fcr den Frieden\u201c. Im Zuge dieser Kooperation l\u00e4sst es z.B. Generalstabsoffiziere an NATO-Milit\u00e4rakademien ausbilden, nimmt an NATO-Man\u00f6vern teil und stellt<\/li>\n<\/ul>\n<ul>\n<li>sein Territorium und seine Infrastruktur f\u00fcr NATO -Truppenbewegungen zur Verf\u00fcgung. So etwa konnte die NATO im letzten Fr\u00fchjahr im Rahmen ihres gegen Russland gerichteten Gro\u00dfman\u00f6vers \u201eDefender Europe 21\u201c 2000 Soldaten und 800 Milit\u00e4rger\u00e4te durch \u00d6sterreich liefern. Die Soldaten wurden in der Kaserne Zw\u00f6lfaxing versorgt.<\/li>\n<li>In Einzelf\u00e4llen, so etwa in Mali, sind \u00f6sterreichische SoldatInnen auch an nicht von der UNO beauftragten Milit\u00e4reins\u00e4tzen beteiligt.<\/li>\n<li>Das Hissen der Fahne Israels auf dem Bundeskanzleramt und dem Au\u00dfenministerium im j\u00fcngsten Konflikt zwischen Israel und den Pal\u00e4stinenserInnen zeigt, dass unsere Bundesregierung selbst vor einer v\u00f6llig einseitigen Parteinahme f\u00fcr einen hochger\u00fcsteten kriegsf\u00fchrenden Staat nicht mehr zur\u00fcckschreckt.<\/li>\n<li>Auch Waffenexporte in Krisengebiete sind keine Seltenheit.<\/li>\n<li>Nat\u00fcrlich wird durch diese einseitigen Parteinahmen nicht unsere Neutralit\u00e4t verteidigt, sondern sie erfolgen im Dienste von Konzern-, Profit- und Gro\u00dfmachtinteressen. Zugleich wird damit unsere F\u00e4higkeit zur Konflikt- und Friedensvermittlung empfindlich eingeschr\u00e4nkt.<\/li>\n<\/ul>\n<p>&nbsp;<\/p>\n<p><strong>Wehret den Anf\u00e4ngen! <\/strong><\/p>\n<p>&nbsp;<\/p>\n<p>Wir meinen: Im Sinne von Christa Wolf gilt diese Lehre aus Auschwitz und dem 2. Weltkrieg auch f\u00fcr die weitere Gef\u00e4hrdung unserer Neutralit\u00e4t!<\/p>\n<p>&nbsp;<\/p>\n<p>F\u00fcr unsere Aktivit\u00e4ten ersuchen wir um Spenden: IBAN AT94 4300 0000 0005 2128<\/p>\n<p class=\"VorformatierterText\" style=\"text-align: center;\" align=\"center\"><b><span lang=\"DE\" style=\"font-size: 14.0pt; font-family: 'Liberation Serif',sans-serif;\">\u00a0<\/span><\/b><\/p>\n","protected":false},"excerpt":{"rendered":"<p>Internationales Mahnmal Kriegs- und Kriegerdenkm\u00e4ler in Graz \u201eWer nicht bereit ist, aus der Geschichte zu lernen, ist dazu verurteilt, sie zu wiederholen!\u201c George de Santayana (1883 \u2013 1952) &gt; St. Peter bis Zentralfriedhof Samstag, 2. Oktober Treffpunkt: 16.00 St. Peter Ortsfriedhof, Kriegerdenkmal, Petersbergenstra\u00dfe 22\u00a0 Wir besichtigen vier Gedenkst\u00e4tten und beurteilen sie aus friedenspolitisch-kritischer Perspektive. Wer &hellip; <a href=\"https:\/\/www.friedensplattform.at\/?p=6511\" class=\"more-link\"><span class=\"screen-reader-text\">Friedenspolitische Radtour<\/span> weiterlesen <span class=\"meta-nav\">&rarr;<\/span><\/a><\/p>\n","protected":false},"author":2,"featured_media":0,"comment_status":"open","ping_status":"open","sticky":false,"template":"","format":"standard","meta":{"footnotes":""},"categories":[1],"tags":[],"class_list":["post-6511","post","type-post","status-publish","format-standard","hentry","category-allgemein"],"_links":{"self":[{"href":"https:\/\/www.friedensplattform.at\/index.php?rest_route=\/wp\/v2\/posts\/6511","targetHints":{"allow":["GET"]}}],"collection":[{"href":"https:\/\/www.friedensplattform.at\/index.php?rest_route=\/wp\/v2\/posts"}],"about":[{"href":"https:\/\/www.friedensplattform.at\/index.php?rest_route=\/wp\/v2\/types\/post"}],"author":[{"embeddable":true,"href":"https:\/\/www.friedensplattform.at\/index.php?rest_route=\/wp\/v2\/users\/2"}],"replies":[{"embeddable":true,"href":"https:\/\/www.friedensplattform.at\/index.php?rest_route=%2Fwp%2Fv2%2Fcomments&post=6511"}],"version-history":[{"count":21,"href":"https:\/\/www.friedensplattform.at\/index.php?rest_route=\/wp\/v2\/posts\/6511\/revisions"}],"predecessor-version":[{"id":6565,"href":"https:\/\/www.friedensplattform.at\/index.php?rest_route=\/wp\/v2\/posts\/6511\/revisions\/6565"}],"wp:attachment":[{"href":"https:\/\/www.friedensplattform.at\/index.php?rest_route=%2Fwp%2Fv2%2Fmedia&parent=6511"}],"wp:term":[{"taxonomy":"category","embeddable":true,"href":"https:\/\/www.friedensplattform.at\/index.php?rest_route=%2Fwp%2Fv2%2Fcategories&post=6511"},{"taxonomy":"post_tag","embeddable":true,"href":"https:\/\/www.friedensplattform.at\/index.php?rest_route=%2Fwp%2Fv2%2Ftags&post=6511"}],"curies":[{"name":"wp","href":"https:\/\/api.w.org\/{rel}","templated":true}]}}