{"id":6555,"date":"2021-09-30T15:22:29","date_gmt":"2021-09-30T15:22:29","guid":{"rendered":"http:\/\/www.friedensplattform.at\/?p=6555"},"modified":"2021-09-30T15:22:59","modified_gmt":"2021-09-30T15:22:59","slug":"protestbrief-gegen-israel-botschafterbesuch-bei-jazz-festival-leibnitz","status":"publish","type":"post","link":"https:\/\/www.friedensplattform.at\/?p=6555","title":{"rendered":"Protestbrief gegen israel. Botschafterbesuch bei Jazz-Festival Leibnitz"},"content":{"rendered":"<p>An den Organisator des Jazz-Festivals von Pal\u00e4stina Solidarit\u00e4t Steiermark<\/p>\n<p><!--more--><\/p>\n<p>Sie organisieren wieder das diesj\u00e4hrige Jazzfestival in Leibnitz mit einem beeindruckenden Programm. Ich frage mich jedoch, warum Sie sich mit diesem Festival politisch instrumentalisieren lassen, indem Sie den israelischen Botschafter dazu einladen. Oder haben Sie den t\u00fcrkischen Botschafter auch eingeladen? Immerhin spielen am Freitag namhafte t\u00fcrkische Musiker. Wohl weniger, denn vermutlich sind Sie als weltoffener Mensch nicht mit der staatlichen t\u00fcrkischen Politik gegen\u00fcber dem kurdischen Volk einverstanden.<br \/>\nDeshalb wundert es mich umso mehr, wie man zu einem Jazzfestival den israelischen Botschafter einladen kann. Er gilt als Repr\u00e4sentant einer Besatzungsmacht, einer Politik des Terrors, der Vertreibung, ethnischen S\u00e4uberungen und Apartheid gegen\u00fcber der pal\u00e4stinensischen Bev\u00f6lkerung. Die israelische Regierung versucht sich von dieser blutigen Politik durch die Brand-Israel-Kampgane wei\u00dfzuwaschen. Diese Kampagne, koordiniert vom israelischen Au\u00dfenministerium, Tourismusministerium und Ministerium f\u00fcr strategische Angelegenheiten, zielt darauf ab, V\u00f6lkerrechtsverletzungen und Verbrechen an der Menschlichkeit zu verstecken und stattdessen Israel als kosmoplitischen, westlichen, demokratischen Staat zu pr\u00e4sentieren. Im Rahmen dieser Kampagne steckt die israelische Regierung deshalb Millionenbetr\u00e4ge u.a. in eine offensive Bewerbung von israelischer Kultur. Es ist Teil ihres Regierungsprogramms, israelische Kulturproduktionen zu nutzen, um die politischen Ziele ihres Staates zu erreichen. Sie wollen damit eine andere Seite von Israel zeigen, um nicht l\u00e4nger im Kontext von Krieg, ethnischer S\u00e4uberung, Apartheid, Bildung ethnozentrischer Geschichtsmythen, Siedlerkolonialismus, Land- und Wasserraub, Missachtung des V\u00f6lkerrechts, Zigtausendfache Verletzung der Menschenrechte, und brutaler Unterdr\u00fcckung wahrgenommen zu werden. Kulturf\u00f6rderungen k\u00f6nnen israelische Kunstschaffende explizit nur dann bekommen, wenn sie im Ausland keine regierungskritische Haltung einnehmen. Detaillierte Hintergr\u00fcnde der &#8222;Brand Israel-Staatspropaganda&#8220; kann man nachlesen im Buch der (israelischen) Filmemacher Eyal Svan \/ Armelle Laborie, Legitimer Protest. Pl\u00e4doyer f\u00fcr einen kulturellen und akademischen Boykott Israels, Wien 2018.<br \/>\nIch denke, mit diesem Wissen sollten Sie ihre Entscheidung, den israelischen Botschafter einzuladen, noch einmal gr\u00fcndlich \u00fcberdenken. Denn seine Anwesenheit w\u00e4re ein klares Statement der Organisator:innen des Festivals , dass sie nicht auf der Seite<br \/>\nUnterdr\u00fcckten und Entrechteten stehen.<\/p>\n<p>Freundliche Gr\u00fc\u00dfe,<br \/>\nRoswitha Al-Hussein<br \/>\nPal\u00e4stina Solidarit\u00e4t Steiermark<\/p>\n<p>&nbsp;<\/p>\n<p>Ein weiterer Protestbrief von BDS-Austria an den Gemeinderat Leibnitz : <a href=\"https:\/\/www.palaestinasolidaritaet.at\/de\/4690\">https:\/\/www.palaestinasolidaritaet.at\/de\/4690<\/a><\/p>\n<p>&nbsp;<\/p>\n","protected":false},"excerpt":{"rendered":"<p>An den Organisator des Jazz-Festivals von Pal\u00e4stina Solidarit\u00e4t Steiermark<\/p>\n","protected":false},"author":3,"featured_media":0,"comment_status":"open","ping_status":"open","sticky":false,"template":"","format":"standard","meta":{"footnotes":""},"categories":[18],"tags":[],"class_list":["post-6555","post","type-post","status-publish","format-standard","hentry","category-palaestina-solidaritaet"],"_links":{"self":[{"href":"https:\/\/www.friedensplattform.at\/index.php?rest_route=\/wp\/v2\/posts\/6555","targetHints":{"allow":["GET"]}}],"collection":[{"href":"https:\/\/www.friedensplattform.at\/index.php?rest_route=\/wp\/v2\/posts"}],"about":[{"href":"https:\/\/www.friedensplattform.at\/index.php?rest_route=\/wp\/v2\/types\/post"}],"author":[{"embeddable":true,"href":"https:\/\/www.friedensplattform.at\/index.php?rest_route=\/wp\/v2\/users\/3"}],"replies":[{"embeddable":true,"href":"https:\/\/www.friedensplattform.at\/index.php?rest_route=%2Fwp%2Fv2%2Fcomments&post=6555"}],"version-history":[{"count":2,"href":"https:\/\/www.friedensplattform.at\/index.php?rest_route=\/wp\/v2\/posts\/6555\/revisions"}],"predecessor-version":[{"id":6559,"href":"https:\/\/www.friedensplattform.at\/index.php?rest_route=\/wp\/v2\/posts\/6555\/revisions\/6559"}],"wp:attachment":[{"href":"https:\/\/www.friedensplattform.at\/index.php?rest_route=%2Fwp%2Fv2%2Fmedia&parent=6555"}],"wp:term":[{"taxonomy":"category","embeddable":true,"href":"https:\/\/www.friedensplattform.at\/index.php?rest_route=%2Fwp%2Fv2%2Fcategories&post=6555"},{"taxonomy":"post_tag","embeddable":true,"href":"https:\/\/www.friedensplattform.at\/index.php?rest_route=%2Fwp%2Fv2%2Ftags&post=6555"}],"curies":[{"name":"wp","href":"https:\/\/api.w.org\/{rel}","templated":true}]}}